{"id":360605,"date":"2025-09-02T11:07:10","date_gmt":"2025-09-02T11:07:10","guid":{"rendered":"https:\/\/www.europesays.com\/fr\/360605\/"},"modified":"2025-09-02T11:07:10","modified_gmt":"2025-09-02T11:07:10","slug":"le-retour-de-la-nature-en-ville-cest-aussi-celui-de-la-faune-sauvage","status":"publish","type":"post","link":"https:\/\/www.europesays.com\/fr\/360605\/","title":{"rendered":"\u00ab\u00a0le retour de la nature en ville, c\u2019est aussi celui de la faune sauvage\u00a0\u00bb"},"content":{"rendered":"<p>\u00ab\u00a0Renaturation\u00a0\u00bb, \u00ab\u00a0oasis urbaines\u00a0\u00bb, \u00ab\u00a0trame verte\u00a0\u00bb, \u00ab\u00a0espaces de pleine terre\u00a0\u00bb. Autant de termes qui \u00e9maillent depuis plusieurs ann\u00e9es les programmes de planification urbaine des collectivit\u00e9s territoriales fran\u00e7aises. Villes et m\u00e9tropoles cherchent, notamment face au d\u00e9fi \u00e9cologique, \u00e0 provoquer le retour de la nature en ville. Un retour que la g\u00e9ographe bordelaise Carole Marin veut questionner sous tous ses aspects.<\/p>\n<p>\u00ab\u00a0Nous envisageons la nature en ville dans sa composante v\u00e9g\u00e9tale et comme habitat de certains oiseaux et insectes. Mais le retour de la nature en ville, c\u2019est \u00e9galement celui de la faune sauvage\u00a0\u00bb, analyse-t-elle.<\/p>\n<p>Sangliers et chevreuils urbains<\/p>\n<p>Derri\u00e8re la carte reverdie des villes et le souhait de <a href=\"https:\/\/www.statistiques.developpement-durable.gouv.fr\/les-francais-et-la-nature-en-2020-frequentation-representations-et-opinions\" target=\"_blank\" rel=\"nofollow noopener\">71\u00a0% des Fran\u00e7ais de \u00ab\u00a0laisser la nature se d\u00e9velopper m\u00eame si cela peut poser des probl\u00e8mes pour les activit\u00e9s humaines\u00a0\u00bb<\/a> \u2013 d\u2019apr\u00e8s une \u00e9tude men\u00e9e en 2020 par le minist\u00e8re de la Transition \u00e9cologique \u2013, trames vertes et corridors \u00e9cologiques deviennent donc aussi le berceau de toute une population de grand gibier, chevreuils et sangliers notamment, qui, dans l\u2019espace urbain, n\u2019est pas sans causer des nuisances.<\/p>\n<p>\u00ab\u00a0Le sanglier est typiquement une esp\u00e8ce qui s\u2019adapte \u00e0 la pr\u00e9sence humaine. Une fois install\u00e9, il va s\u2019alimenter dans les espaces agricoles avoisinants. Il peut d\u00e9foncer des cl\u00f4tures, retourner des pelouses, provoquer des collisions automobiles\u00a0\u00bb, poursuit Carole Marin. Des nuisances dont la ma\u00eetrise passe, selon la chercheuse, avant tout par leur int\u00e9gration d\u00e8s la conception des grands projets urbains. Une d\u00e9marche pour laquelle la M\u00e9tropole de Bordeaux a command\u00e9 un rapport au <a href=\"https:\/\/www.u-bordeaux-montaigne.fr\/fr\/recherche\/equipes_de_recherche\/passages.html\" target=\"_blank\" rel=\"nofollow noopener\">laboratoire Passages de l\u2019universit\u00e9 Bordeaux Montaigne<\/a>, auquel appartient Carole Marin et qui sera rendu d\u2019ici l\u2019automne.<\/p>\n<p>Anticiper la gestion<\/p>\n<p>\u00ab\u00a0Il est important de pr\u00e9voir, notamment financi\u00e8rement. Un exemple\u00a0? Quand on implante de l\u2019agriculture urbaine, il faut budg\u00e9tiser des cl\u00f4tures \u00e9lectriques pour prot\u00e9ger les parcelles.\u00a0\u00bb Une question de bon sens \u00e0 compl\u00e9ter, d\u2019apr\u00e8s la g\u00e9ographe, par un dispositif de r\u00e9gulation choisi alors qu\u2019aujourd\u2019hui le sujet n\u2019est g\u00e9n\u00e9ralement trait\u00e9 dans les m\u00e9tropoles fran\u00e7aises que par un pr\u00e9l\u00e8vement d\u2019urgence.<\/p>\n<blockquote><p>\u00ab\u00a0Nous ne sommes plus face \u00e0 des situations exceptionnelles mais face \u00e0 une population sauvage dans la ville. Il faut donc une solution durable\u00a0\u00bb<\/p><\/blockquote>\n<p>Dans l\u2019agglom\u00e9ration bordelaise par exemple, 1\u00a0000\u00a0sangliers ont ainsi \u00e9t\u00e9 <a href=\"https:\/\/www.sudouest.fr\/gironde\/bordeaux\/la-proliferation-des-sangliers-est-elle-devenue-incontrolable-19311099.php\" target=\"_blank\" rel=\"follow nofollow noopener\">abattus en un an afin de g\u00e9rer les situations probl\u00e9matiques<\/a>, pour deux tiers au terme de battues administratives g\u00e9r\u00e9es par la Louveterie et pour le tiers restant <a href=\"https:\/\/www.sudouest.fr\/environnement\/chasse\/video-a-lacanau-l-association-de-chasse-tente-de-tenir-les-sangliers-a-distance-du-village-et-des-routes-22871588.php\" target=\"_blank\" rel=\"follow nofollow noopener\">par des f\u00e9d\u00e9rations de chasse voisines<\/a>.<\/p>\n<p>\u00ab\u00a0Nous ne sommes plus face \u00e0 des situations exceptionnelles mais face \u00e0 une population sauvage dans la ville. Il faut donc une solution durable.\u00a0\u00bb Contr\u00f4le de la fertilit\u00e9 comme \u00e0 Barcelone\u00a0? Politique de r\u00e9gulation cibl\u00e9e par des gardes professionnels tel qu\u2019\u00e0 Gen\u00e8ve\u00a0? Carole Marin ne se veut pas prescriptrice mais soul\u00e8ve la n\u00e9cessit\u00e9 d\u2019une structuration institutionnelle\u2026 comme celle d\u2019un changement de nos repr\u00e9sentations. \u00ab\u00a0Nous avons une vision jardin\u00e9e de la nature. Mais si on veut de la nature en ville, il faut prendre tout le package et en elle, il y a du sauvage et tout ce qu\u2019il g\u00e9n\u00e8re d\u2019impr\u00e9vu. Alors il faut essayer d\u2019anticiper.\u00a0\u00bb<\/p>\n","protected":false},"excerpt":{"rendered":"\u00ab\u00a0Renaturation\u00a0\u00bb, \u00ab\u00a0oasis urbaines\u00a0\u00bb, \u00ab\u00a0trame verte\u00a0\u00bb, \u00ab\u00a0espaces de pleine terre\u00a0\u00bb. Autant de termes qui \u00e9maillent depuis plusieurs ann\u00e9es les&hellip;\n","protected":false},"author":2,"featured_media":360606,"comment_status":"","ping_status":"","sticky":false,"template":"","format":"standard","meta":{"footnotes":""},"categories":[2817],"tags":[1111,11,1997,1777,674,1011,27,12,2219,25],"class_list":{"0":"post-360605","1":"post","2":"type-post","3":"status-publish","4":"format-standard","5":"has-post-thumbnail","7":"category-bordeaux","8":"tag-actu","9":"tag-actualites","10":"tag-bordeaux","11":"tag-eu","12":"tag-europe","13":"tag-fr","14":"tag-france","15":"tag-news","16":"tag-nouvelle-aquitaine","17":"tag-republique-francaise"},"share_on_mastodon":{"url":"https:\/\/pubeurope.com\/@fr\/115134388201824828","error":""},"_links":{"self":[{"href":"https:\/\/www.europesays.com\/fr\/wp-json\/wp\/v2\/posts\/360605","targetHints":{"allow":["GET"]}}],"collection":[{"href":"https:\/\/www.europesays.com\/fr\/wp-json\/wp\/v2\/posts"}],"about":[{"href":"https:\/\/www.europesays.com\/fr\/wp-json\/wp\/v2\/types\/post"}],"author":[{"embeddable":true,"href":"https:\/\/www.europesays.com\/fr\/wp-json\/wp\/v2\/users\/2"}],"replies":[{"embeddable":true,"href":"https:\/\/www.europesays.com\/fr\/wp-json\/wp\/v2\/comments?post=360605"}],"version-history":[{"count":0,"href":"https:\/\/www.europesays.com\/fr\/wp-json\/wp\/v2\/posts\/360605\/revisions"}],"wp:featuredmedia":[{"embeddable":true,"href":"https:\/\/www.europesays.com\/fr\/wp-json\/wp\/v2\/media\/360606"}],"wp:attachment":[{"href":"https:\/\/www.europesays.com\/fr\/wp-json\/wp\/v2\/media?parent=360605"}],"wp:term":[{"taxonomy":"category","embeddable":true,"href":"https:\/\/www.europesays.com\/fr\/wp-json\/wp\/v2\/categories?post=360605"},{"taxonomy":"post_tag","embeddable":true,"href":"https:\/\/www.europesays.com\/fr\/wp-json\/wp\/v2\/tags?post=360605"}],"curies":[{"name":"wp","href":"https:\/\/api.w.org\/{rel}","templated":true}]}}