{"id":360611,"date":"2025-09-02T11:10:14","date_gmt":"2025-09-02T11:10:14","guid":{"rendered":"https:\/\/www.europesays.com\/fr\/360611\/"},"modified":"2025-09-02T11:10:14","modified_gmt":"2025-09-02T11:10:14","slug":"avant-la-braderie-de-lille-une-vente-aux-encheres-caritative-est-organisee-vendredi-5-septembre-02-09-2025","status":"publish","type":"post","link":"https:\/\/www.europesays.com\/fr\/360611\/","title":{"rendered":"Avant la Braderie de Lille, une vente aux ench\u00e8res caritative est organis\u00e9e vendredi 5 septembre &#8211; 02\/09\/2025"},"content":{"rendered":"<p>\n        Vendredi 5 septembre 2025, le Cr\u00e9dit Municipal de Lille organise une vente aux ench\u00e8res.\u00a0L\u2019int\u00e9gralit\u00e9 des fonds collect\u00e9s sera revers\u00e9e \u00e0 la Fondation des Femmes. Nombre de lots, catalogue, date de retrait&#8230; on vous dit tout.<\/p>\n<p>Les affaires et la n\u00e9gociation vont commencer un petit peu avant la Braderie de Lille. Ce vendredi 5 septembre, le Cr\u00e9dit Municipal de Lille, \u00e9tablissement public communal de cr\u00e9dit et d\u2019aide sociale, organise une vente aux ench\u00e8res au b\u00e9n\u00e9fice de la Fondation des Femmes, engag\u00e9e pour les droits des femmes et la lutte contre les violences. Elle aura lieu \u00e0 la salle des ventes, situ\u00e9e rue Gantois \u00e0 Lille.<\/p>\n<p>Le Cr\u00e9dit Municipal proposera 150 lots. Tous les fonds iront \u00e0 la Fondation des Femmes pour soutenir ses actions sur le terrain comme l&rsquo;aide aux femmes victimes de violences conjugales ou sexuelles mais aussi l&rsquo;accompagnement juridique, psychologique et la mise en s\u00e9curit\u00e9 ou encore l&rsquo;h\u00e9bergement d&rsquo;urgence.<\/p>\n<p>R\u00e9ouverture de la salle des ventes<\/p>\n<p>Au menu de cette vente aux ench\u00e8res des objets divers et vari\u00e9s : \u00ab\u00a0Bijoux, vases, vaisselle, vinyles, services en cristal et porcelaine de Chine, livres, tableaux, sculptures, instruments de musique\u00a0\u00bb, recense le Cr\u00e9dit Municipal de Lille. Les lots sont d&rsquo;ores et d\u00e9j\u00e0 visibles sur le catalogue en ligne, le lien se trouve dans les infos pratiques.<\/p>\n<p>Mais vous pourrez aussi les d\u00e9couvrir directement sur place, au 81 de la rue Gantois, lors de l&rsquo;exposition de 11h \u00e0 12h qui pr\u00e9c\u00e9dera le d\u00e9but de la vente. D&rsquo;ailleurs, cet \u00e9v\u00e9nement marquera la r\u00e9ouverture de la salle des ventes, ferm\u00e9e en 2020 en raison des restrictions sanitaires, les ench\u00e8res s\u2019\u00e9tant depuis tenues exclusivement en ligne.<\/p>\n<p>  Les infos pratiques<\/p>\n<p>Le d\u00e9but de la vente est annonc\u00e9 pour 14h. L&rsquo;acc\u00e8s \u00e0 ce rendez-vous est libre et gratuit donc que vous ayez d\u00e9j\u00e0 rep\u00e9r\u00e9 des objets qui vous int\u00e9ressent ou simplement curieux\u00b7ses d&rsquo;assister \u00e0 une vente aux ench\u00e8res, vous \u00eates les bienvenu\u00b7es. Sachez que les premi\u00e8res estimations d\u00e9marrent \u00e0 10\u20ac. Quelques lots sont estim\u00e9s \u00e0 900\u20ac (bijoux en or), d&rsquo;autres aux alentours de 400\u20ac mais une majeure partie de la s\u00e9lection varie entre 20 et 120\u20ac.<\/p>\n<p>\u00c0 noter qu&rsquo;aucune ench\u00e8re t\u00e9l\u00e9phonique n&rsquo;aura lieu. Donc si un lot vous pla\u00eet, vous \u00eates pri\u00e9\u00b7es de venir sur place.\u00a0<\/p>\n<p>Pour l&rsquo;enl\u00e8vement des lots, deux options s&rsquo;offrent \u00e0 vous :\u00a0<\/p>\n<ul>&#13;<\/p>\n<li>le jour m\u00eame apr\u00e8s la vente, sur place au Cr\u00e9dit Municipal<\/li>\n<p>&#13;<\/p>\n<li>lors de la permanence organis\u00e9e le vendredi 19 septembre, toujours au Cr\u00e9dit Municipal, de 10h \u00e0 12h<\/li>\n<p>&#13;<\/ul>\n<p>Si les objets repartiront avec leurs acqu\u00e9reurs et acqu\u00e9reuses, le v\u00e9ritable gain reste celui d\u2019une solidarit\u00e9 affirm\u00e9e. Gr\u00e2ce \u00e0 cette mobilisation, la <a target=\"_blank\" href=\"https:\/\/fondationdesfemmes.org\/\" rel=\"nofollow noopener\">Fondation des femmes<\/a> pourra renforcer ses actions, dans un contexte o\u00f9 l\u2019\u00e9galit\u00e9 et la protection des droits demeurent plus que jamais d\u2019actualit\u00e9.<\/p>\n","protected":false},"excerpt":{"rendered":"Vendredi 5 septembre 2025, le Cr\u00e9dit Municipal de Lille organise une vente aux ench\u00e8res.\u00a0L\u2019int\u00e9gralit\u00e9 des fonds collect\u00e9s sera&hellip;\n","protected":false},"author":2,"featured_media":360612,"comment_status":"","ping_status":"","sticky":false,"template":"","format":"standard","meta":{"footnotes":""},"categories":[2815],"tags":[1111,11,1777,674,1011,27,811,1307,12,25],"class_list":{"0":"post-360611","1":"post","2":"type-post","3":"status-publish","4":"format-standard","5":"has-post-thumbnail","7":"category-lille","8":"tag-actu","9":"tag-actualites","10":"tag-eu","11":"tag-europe","12":"tag-fr","13":"tag-france","14":"tag-hauts-de-france","15":"tag-lille","16":"tag-news","17":"tag-republique-francaise"},"share_on_mastodon":{"url":"https:\/\/pubeurope.com\/@fr\/115134400134393667","error":""},"_links":{"self":[{"href":"https:\/\/www.europesays.com\/fr\/wp-json\/wp\/v2\/posts\/360611","targetHints":{"allow":["GET"]}}],"collection":[{"href":"https:\/\/www.europesays.com\/fr\/wp-json\/wp\/v2\/posts"}],"about":[{"href":"https:\/\/www.europesays.com\/fr\/wp-json\/wp\/v2\/types\/post"}],"author":[{"embeddable":true,"href":"https:\/\/www.europesays.com\/fr\/wp-json\/wp\/v2\/users\/2"}],"replies":[{"embeddable":true,"href":"https:\/\/www.europesays.com\/fr\/wp-json\/wp\/v2\/comments?post=360611"}],"version-history":[{"count":0,"href":"https:\/\/www.europesays.com\/fr\/wp-json\/wp\/v2\/posts\/360611\/revisions"}],"wp:featuredmedia":[{"embeddable":true,"href":"https:\/\/www.europesays.com\/fr\/wp-json\/wp\/v2\/media\/360612"}],"wp:attachment":[{"href":"https:\/\/www.europesays.com\/fr\/wp-json\/wp\/v2\/media?parent=360611"}],"wp:term":[{"taxonomy":"category","embeddable":true,"href":"https:\/\/www.europesays.com\/fr\/wp-json\/wp\/v2\/categories?post=360611"},{"taxonomy":"post_tag","embeddable":true,"href":"https:\/\/www.europesays.com\/fr\/wp-json\/wp\/v2\/tags?post=360611"}],"curies":[{"name":"wp","href":"https:\/\/api.w.org\/{rel}","templated":true}]}}