{"id":360619,"date":"2025-09-02T11:15:21","date_gmt":"2025-09-02T11:15:21","guid":{"rendered":"https:\/\/www.europesays.com\/fr\/360619\/"},"modified":"2025-09-02T11:15:21","modified_gmt":"2025-09-02T11:15:21","slug":"lyon-il-frappe-et-menace-avec-un-couteau-une-policiere-qui-lui-refuse-une-cigarette","status":"publish","type":"post","link":"https:\/\/www.europesays.com\/fr\/360619\/","title":{"rendered":"Lyon. Il frappe et menace avec un couteau une polici\u00e8re qui lui refuse une cigarette"},"content":{"rendered":"<p>Une polici\u00e8re lyonnaise a \u00e9t\u00e9 agress\u00e9e ce mardi 2\u00a0septembre par un G\u00e9orgien en situation irr\u00e9guli\u00e8re \u00e0 qui elle venait de refuser une cigarette, r\u00e9v\u00e8le le syndicat Alliance sur sa page Facebook, en constatant que \u00ab\u00a0la r\u00e9alit\u00e9 du terrain sur la m\u00e9tropole lyonnaise est insupportable\u00a0\u00bb.<\/p>\n<p>Les faits se sont produits vers 5 heures, dans le 6e arrondissement de Lyon, alors que la fonctionnaire en civil se rendait \u00e0 son service.<\/p>\n<p>Un individu en \u00e9tat d\u2019ivresse l\u2019a abord\u00e9e pour lui demander une cigarette. Face \u00e0 son refus, il lui a alors port\u00e9 un coup violent au thorax puis a pris la fuite.<\/p>\n<p>  L\u00e9g\u00e8rement bless\u00e9e<\/p>\n<p>En compagnie d\u2019un t\u00e9moin, elle a tent\u00e9 de le rattraper mais l\u2019individu l\u2019a menac\u00e9e avec un couteau. Alert\u00e9 par le 17, un \u00e9quipage pr\u00e9sent dans le secteur a rapidement rep\u00e9r\u00e9 l\u2019individu dans une rue voisine et l\u2019a interpell\u00e9.<\/p>\n<p>Le suspect, un G\u00e9orgien \u00e2g\u00e9 de 44 ans et en situation irr\u00e9guli\u00e8re, a \u00e9t\u00e9 plac\u00e9 en garde \u00e0 vue.<\/p>\n<p>Selon la DIPN (direction interd\u00e9partementale de la police nationale), qui a ouvert une enqu\u00eate, la polici\u00e8re a \u00e9t\u00e9 l\u00e9g\u00e8rement bless\u00e9e et a d\u00e9pos\u00e9 plainte.<\/p>\n<p>Le syndicat Alliance 69 pr\u00e9cise qu\u2019il \u00ab\u00a0sera tr\u00e8s attentif aux suites judiciaires\u00a0\u00bb.<\/p>\n","protected":false},"excerpt":{"rendered":"Une polici\u00e8re lyonnaise a \u00e9t\u00e9 agress\u00e9e ce mardi 2\u00a0septembre par un G\u00e9orgien en situation irr\u00e9guli\u00e8re \u00e0 qui elle&hellip;\n","protected":false},"author":2,"featured_media":360620,"comment_status":"","ping_status":"","sticky":false,"template":"","format":"standard","meta":{"footnotes":""},"categories":[1889],"tags":[1111,11,2430,271,272,2757,1777,674,274,107,1011,27,2428,14926,2802,12,25,2429],"class_list":{"0":"post-360619","1":"post","2":"type-post","3":"status-publish","4":"format-standard","5":"has-post-thumbnail","7":"category-lyon","8":"tag-actu","9":"tag-actualites","10":"tag-auvergne-rhone-alpes","11":"tag-crime","12":"tag-delit-et-contravention","13":"tag-edition-lyon-villeurbanne","14":"tag-eu","15":"tag-europe","16":"tag-faits-divers-justice","17":"tag-fil-info","18":"tag-fr","19":"tag-france","20":"tag-lyon","21":"tag-lyon-6e","22":"tag-lyon-6e-arrondissement","23":"tag-news","24":"tag-republique-francaise","25":"tag-rhone"},"share_on_mastodon":{"url":"https:\/\/pubeurope.com\/@fr\/115134419595349424","error":""},"_links":{"self":[{"href":"https:\/\/www.europesays.com\/fr\/wp-json\/wp\/v2\/posts\/360619","targetHints":{"allow":["GET"]}}],"collection":[{"href":"https:\/\/www.europesays.com\/fr\/wp-json\/wp\/v2\/posts"}],"about":[{"href":"https:\/\/www.europesays.com\/fr\/wp-json\/wp\/v2\/types\/post"}],"author":[{"embeddable":true,"href":"https:\/\/www.europesays.com\/fr\/wp-json\/wp\/v2\/users\/2"}],"replies":[{"embeddable":true,"href":"https:\/\/www.europesays.com\/fr\/wp-json\/wp\/v2\/comments?post=360619"}],"version-history":[{"count":0,"href":"https:\/\/www.europesays.com\/fr\/wp-json\/wp\/v2\/posts\/360619\/revisions"}],"wp:featuredmedia":[{"embeddable":true,"href":"https:\/\/www.europesays.com\/fr\/wp-json\/wp\/v2\/media\/360620"}],"wp:attachment":[{"href":"https:\/\/www.europesays.com\/fr\/wp-json\/wp\/v2\/media?parent=360619"}],"wp:term":[{"taxonomy":"category","embeddable":true,"href":"https:\/\/www.europesays.com\/fr\/wp-json\/wp\/v2\/categories?post=360619"},{"taxonomy":"post_tag","embeddable":true,"href":"https:\/\/www.europesays.com\/fr\/wp-json\/wp\/v2\/tags?post=360619"}],"curies":[{"name":"wp","href":"https:\/\/api.w.org\/{rel}","templated":true}]}}