{"id":360631,"date":"2025-09-02T11:22:13","date_gmt":"2025-09-02T11:22:13","guid":{"rendered":"https:\/\/www.europesays.com\/fr\/360631\/"},"modified":"2025-09-02T11:22:13","modified_gmt":"2025-09-02T11:22:13","slug":"en-direct-ukraine-zelensky-rencontrera-von-der-leyen-rutte-et-plusieurs-dirigeants-europeens-jeudi-a-paris","status":"publish","type":"post","link":"https:\/\/www.europesays.com\/fr\/360631\/","title":{"rendered":"EN DIRECT &#8211; Ukraine : Zelensky rencontrera von der Leyen, Rutte et plusieurs dirigeants europ\u00e9ens jeudi \u00e0 Paris"},"content":{"rendered":"<ul class=\"jsx-862013697 ArticleChapo__List\">\n<li class=\"jsx-862013697 ArticleChapo__List_Item flex\">Vladimir Poutine a affirm\u00e9 ce mardi que la \u00ab\u00a0s\u00e9curit\u00e9\u00a0\u00bb de la Russie ne devait pas \u00eatre compromise par un accord de paix avec l&rsquo;Ukraine.<\/li>\n<li class=\"jsx-862013697 ArticleChapo__List_Item flex\">Jeudi, Volodymyr Zelensky rencontrera \u00e0 Paris la pr\u00e9sidente de la Commission europ\u00e9enne Ursula von der Leyen, le secr\u00e9taire g\u00e9n\u00e9ral de l&rsquo;Otan Mark Rutte ainsi que plusieurs dirigeants europ\u00e9ens.<\/li>\n<li class=\"jsx-862013697 ArticleChapo__List_Item flex\">Suivez les derni\u00e8res informations.<\/li>\n<\/ul>\n<p><a href=\"https:\/\/www.tf1info.fr\/actualite\/guerre-ukraine-russie-une-rencontre-donald-trump-vladimir-poutine-historique-le-vendredi-15-aout-2025-en-alaska-sans-volodymyr-zelensky-14326\/\" rel=\"noopener\" class=\"jsx-484472199 Link jsx-1428418400 jsx-554215408\" target=\"_blank\"><\/p>\n<p style=\"font-weight:400\" class=\"jsx-1837267516\">Suivez la couverture compl\u00e8te<\/p>\n<p style=\"font-weight:800\" class=\"jsx-1837267516\">Guerre en Ukraine : la rencontre Poutine-Zelensky s&rsquo;\u00e9loigne ? <\/p>\n<p><\/a>Minute par minuteLE PROGRAMME DE ZELENSKY \u00c0 PARIS13:07<\/p>\n<p>Volodymyr Zelensky va rencontrer jeudi la pr\u00e9sidente de la Commission europ\u00e9enne Ursula Von der Leyen, le secr\u00e9taire g\u00e9n\u00e9ral de l&rsquo;Otan Mark Rutte et les dirigeants allemand, fran\u00e7ais et britannique au cours d&rsquo;une r\u00e9union d&rsquo;alli\u00e9s de Kiev \u00e0 Paris, a annonc\u00e9 mardi la pr\u00e9sidence ukrainienne.<\/p>\n<p>Les discussions, copr\u00e9sid\u00e9es par le chef de l&rsquo;\u00c9tat fran\u00e7ais Emmanuel Macron et le Premier ministre britannique Keir Starmer et auxquelles participera aussi le chancelier allemand Friedrich Merz, porteront sur \u00ab\u00a0les garanties de s\u00e9curit\u00e9 pour l&rsquo;Ukraine\u00a0\u00bb, confront\u00e9e depuis 2022 \u00e0 l&rsquo;invasion russe, a \u00e9crit sur X Mykha\u00eflo Podoliak, un conseiller de la pr\u00e9sidence ukrainienne.<\/p>\n<p>\u00ab\u00a0S\u00c9CURIT\u00c9\u00a0\u00bb DE LA RUSSIE12:08<\/p>\n<p>Vladimir Poutine a d\u00e9clar\u00e9 mardi que la \u00ab\u00a0s\u00e9curit\u00e9\u00a0\u00bb de la Russie ne devait pas \u00eatre compromise par un accord de paix avec l&rsquo;Ukraine, qui souhaite obtenir des garanties de s\u00e9curit\u00e9 pour dissuader Moscou de l&rsquo;envahir \u00e0 nouveau.<\/p>\n<p>\u00ab\u00a0C&rsquo;est une d\u00e9cision propre \u00e0 l&rsquo;Ukraine de choisir comment assurer sa s\u00e9curit\u00e9\u00a0\u00bb, a affirm\u00e9 le pr\u00e9sident russe, lors d&rsquo;une rencontre avec le Premier ministre slovaque \u00e0 P\u00e9kin, diffus\u00e9e \u00e0 la t\u00e9l\u00e9vision. \u00ab\u00a0Mais sa s\u00e9curit\u00e9 (&#8230;) ne peut pas \u00eatre assur\u00e9e au d\u00e9triment de celle d&rsquo;autres pays, y compris la Russie\u00a0\u00bb, a-t-il ajout\u00e9.\u00a0<\/p>\n<p>POUTINE ET LA SLOVAQUIE12:07<\/p>\n<p>Le pr\u00e9sident russe Vladimir Poutine a dit mardi appr\u00e9cier \u00ab\u00a0grandement\u00a0\u00bb la diplomatie jug\u00e9e \u00ab\u00a0ind\u00e9pendante\u00a0\u00bb de la Slovaquie lors d&rsquo;une rencontre \u00e0 P\u00e9kin avec le Premier ministre slovaque Robert Fico, connu pour ses positions pro-russes.<\/p>\n<p>\u00ab\u00a0Nous appr\u00e9cions grandement la politique ext\u00e9rieure ind\u00e9pendante que vous menez, vous et votre \u00e9quipe\u00a0\u00bb, a d\u00e9clar\u00e9 M. Poutine, lors d&rsquo;une rencontre diffus\u00e9e \u00e0 la t\u00e9l\u00e9vision. Membre de l&rsquo;UE, la Slovaquie est tr\u00e8s fortement d\u00e9pendante du gaz russe et Robert Fico a critiqu\u00e9 \u00e0 plusieurs reprises le soutien de Bruxelles \u00e0 l&rsquo;Ukraine depuis le d\u00e9but de l&rsquo;invasion russe de 2022.<\/p>\n<p>COREE DU NORD07:15<\/p>\n<p>Environ 2.000 soldats nord-cor\u00e9ens ont \u00e9t\u00e9 tu\u00e9s dans le conflit russo-ukrainien, a affirm\u00e9 mardi un d\u00e9put\u00e9 sud-cor\u00e9en, citant des chiffres des services de renseignement de son pays, \u00e0 l&rsquo;issue d&rsquo;une r\u00e9union avec ces derniers.\u00a0<\/p>\n<p>En avril, ils \u00ab\u00a0estimaient le nombre de morts \u00e0 au moins 600\u00a0\u00bb mais sur la base d&rsquo;\u00e9valuations actualis\u00e9es, ils \u00ab\u00a0estiment d\u00e9sormais ce chiffre \u00e0 environ 2.000\u00a0\u00bb, a d\u00e9clar\u00e9 \u00e0 la presse le d\u00e9put\u00e9 Lee Seong-kweun apr\u00e8s une r\u00e9union d&rsquo;information avec le Service de Renseignement National sud-cor\u00e9en (NIS).<\/p>\n<p>AVANCEE RUSSE07:13<\/p>\n<p>L&rsquo;arm\u00e9e russe a encore progress\u00e9 \u00e0 rythme \u00e9lev\u00e9 en Ukraine en ao\u00fbt mais un peu moins que le mois pr\u00e9c\u00e9dent, selon l&rsquo;analyse par l&rsquo;AFP des donn\u00e9es fournies par l&rsquo;Institut am\u00e9ricain pour l&rsquo;\u00e9tude de la guerre (ISW), qui travaille avec le Critical Threats Project (CTP).<\/p>\n<p>En un mois, les forces de Moscou ont pris 594 km2 aux Ukrainiens, \u00e0 un moment o\u00f9 les d\u00e9marches diplomatiques pour trouver une issue \u00e0 la guerre en Ukraine se sont acc\u00e9l\u00e9r\u00e9es ces derni\u00e8res semaines, sous la houlette de Donald Trump, mais n&rsquo;ont produit pour l&rsquo;heure aucun effet concret.<\/p>\n<p>L&rsquo;Ukraine accuse la Russie de jouer la montre et de feindre de vouloir n\u00e9gocier pour mieux pr\u00e9parer de nouvelles attaques.<\/p>\n<p>XI ET POUTINE06:19<\/p>\n<p>Le pr\u00e9sident russe Vladimir Poutine a assur\u00e9 \u00e0 son homologue chinois Xi Jinping que les relations entre leurs pays se trouvaient actuellement \u00e0 un \u00ab\u00a0niveau sans pr\u00e9c\u00e9dent\u00a0\u00bb. Le pr\u00e9sident chinois a salu\u00e9 la relation de \u00ab\u00a0collaboration strat\u00e9gique compl\u00e8te\u00a0\u00bb entre les deux pays, et affirm\u00e9 la volont\u00e9 de coop\u00e9rer \u00e0 la \u00ab\u00a0construction d&rsquo;un syst\u00e8me de gouvernance globale plus juste et plus raisonnable\u00a0\u00bb, selon des propos diffus\u00e9s au d\u00e9but de leurs entretiens \u00e0 P\u00e9kin.<\/p>\n<p><img decoding=\"async\" src=\"https:\/\/www.europesays.com\/fr\/wp-content\/uploads\/2025\/09\/xi-jinping-et-vladimir-poutine-en-chine-lors-d-un-sommet-2-septembre-2025-e93b27-0@1x.jpeg\" alt=\"Alexander KAZAKOV \/ POOL \/ AFP\" loading=\"lazy\" importance=\"low\" fetchpriority=\"low\" class=\"\"\/>Alexander KAZAKOV \/ POOL \/ AFP06:17<\/p>\n<p>Bonjour et bienvenue dans ce direct consacr\u00e9 \u00e0 la guerre en Ukraine. Retrouvez ici les derni\u00e8res informations.<\/p>\n<p data-module=\"article-paragraph\" class=\"jsx-3046738180 Paragraph\">L&rsquo;Ukraine a annonc\u00e9 lundi l&rsquo;arrestation de l&rsquo;auteur pr\u00e9sum\u00e9 de l&rsquo;assassinat de l&rsquo;ex-pr\u00e9sident du Parlement Andri\u00ef Paroubiy, survenu samedi \u00e0 Lviv, dans l&rsquo;ouest du pays, la police \u00e9voquant une \u00ab\u00a0piste russe\u00a0\u00bb. D\u00e9put\u00e9 d&rsquo;opposition \u00e0 sa mort, connu pour son r\u00f4le dans les grands mouvements pro-europ\u00e9ens en Ukraine et autrefois figure du mouvement nationaliste ukrainien, M. Paroubiy a \u00e9t\u00e9 abattu de plusieurs coups de feu.<\/p>\n<p data-module=\"article-paragraph\" class=\"jsx-3046738180 Paragraph Paragraph__End\">Un suspect a \u00e9t\u00e9 interpell\u00e9 dans la r\u00e9gion occidentale de Khmelnytsky, \u00e0 l&rsquo;issue d&rsquo;une op\u00e9ration qui a mobilis\u00e9 \u00ab\u00a0des dizaines\u00a0\u00bb de membres des forces de s\u00e9curit\u00e9, a annonc\u00e9 le ministre de l&rsquo;Int\u00e9rieur, Igor Klymenko, selon lequel <a href=\"https:\/\/www.tf1info.fr\/international\/ukraine-qui-etait-le-depute-andrii-parouby-tue-par-balle-a-lviv-2391683.html\" target=\"_blank\" rel=\"noopener\">cet assassinat<\/a> avait \u00e9t\u00e9 \u00ab\u00a0minutieusement pr\u00e9par\u00e9\u00a0\u00bb.<\/p>\n<p><a href=\"https:\/\/www.tf1info.fr\/international\/direct-guerre-ukraine-russie-pour-zelensky-le-meurtre-de-l-ex-president-du-parlement-ukrainien-andrii-paroubiy-a-ete-minutieusement-planifie-les-dernieres-informations-dimanche-31-aout-2025-2391751.html\" rel=\"noopener\" class=\"jsx-3308031228 Link flex\" target=\"_blank\"><img decoding=\"async\" src=\"https:\/\/www.europesays.com\/fr\/wp-content\/uploads\/2025\/09\/zelensky-30092039-c80965-1@1x.jpeg\" alt=\"AFP\" loading=\"lazy\" importance=\"low\" fetchpriority=\"low\" class=\"\" aria-hidden=\"true\"\/><\/p>\n<p class=\"jsx-3657663356 ReadMoreArticle__Title\">Lire aussi<\/p>\n<p class=\"jsx-3657663356\">Ukraine : \u00ab\u00a0Que tous ceux qui attachent de l&rsquo;importance \u00e0 la vie humaine fassent pression sur Moscou\u00a0\u00bb, d\u00e9clare Zelensky<\/p>\n<p><\/a><\/p>\n<p data-module=\"article-paragraph\" class=\"jsx-3046738180 Paragraph\">Il s&rsquo;agit d&rsquo;un homme de 52 ans originaire de Lviv qui vivait de \u00ab\u00a0petits boulots\u00a0\u00bb, selon l&rsquo;adjoint du chef de la police ukrainienne, Andri\u00ef Niebytov. \u00ab\u00a0Il y a une piste russe dans cette affaire\u00a0\u00bb, a affirm\u00e9 de son c\u00f4t\u00e9 le chef de la police ukrainienne, Ivan Vyguivsky, sans fournir plus de d\u00e9tails. Le chef du renseignement militaire ukrainien, Kyrylo Boudanov, a, lui aussi, imput\u00e9 \u00e0 demi-mot \u00e0 la Russie cet assassinat.<\/p>\n<p data-module=\"article-paragraph\" class=\"jsx-3046738180 Paragraph Paragraph__End\">En plus de trois ans de guerre, Ukrainiens et Russes se sont r\u00e9guli\u00e8rement accus\u00e9s mutuellement d&rsquo;assassinats, notamment de responsables politiques et militaires.<\/p>\n<p>La r\u00e9daction de TF1info<\/p>\n","protected":false},"excerpt":{"rendered":"Vladimir Poutine a affirm\u00e9 ce mardi que la \u00ab\u00a0s\u00e9curit\u00e9\u00a0\u00bb de la Russie ne devait pas \u00eatre compromise par&hellip;\n","protected":false},"author":2,"featured_media":287037,"comment_status":"","ping_status":"","sticky":false,"template":"","format":"standard","meta":{"footnotes":""},"categories":[1591],"tags":[1111,11,1921,1887,47994,28083,1922,12,1885,1886,132,220,133,1920,135,134],"class_list":{"0":"post-360631","1":"post","2":"type-post","3":"status-publish","4":"format-standard","5":"has-post-thumbnail","7":"category-russie","8":"tag-actu","9":"tag-actualites","10":"tag-article-video","11":"tag-federation-de-russie","12":"tag-guerre-en-ukraine-la-rencontre-poutine-zelensky-seloigne","13":"tag-guerre-en-ukraine-une-treve-sera-t-elle-possible","14":"tag-info","15":"tag-news","16":"tag-russia","17":"tag-russian-federation","18":"tag-russie","19":"tag-ukraine","20":"tag-video","21":"tag-video-international","22":"tag-vladimir-poutine","23":"tag-volodymyr-zelensky"},"share_on_mastodon":{"url":"https:\/\/pubeurope.com\/@fr\/115134447318671098","error":""},"_links":{"self":[{"href":"https:\/\/www.europesays.com\/fr\/wp-json\/wp\/v2\/posts\/360631","targetHints":{"allow":["GET"]}}],"collection":[{"href":"https:\/\/www.europesays.com\/fr\/wp-json\/wp\/v2\/posts"}],"about":[{"href":"https:\/\/www.europesays.com\/fr\/wp-json\/wp\/v2\/types\/post"}],"author":[{"embeddable":true,"href":"https:\/\/www.europesays.com\/fr\/wp-json\/wp\/v2\/users\/2"}],"replies":[{"embeddable":true,"href":"https:\/\/www.europesays.com\/fr\/wp-json\/wp\/v2\/comments?post=360631"}],"version-history":[{"count":0,"href":"https:\/\/www.europesays.com\/fr\/wp-json\/wp\/v2\/posts\/360631\/revisions"}],"wp:featuredmedia":[{"embeddable":true,"href":"https:\/\/www.europesays.com\/fr\/wp-json\/wp\/v2\/media\/287037"}],"wp:attachment":[{"href":"https:\/\/www.europesays.com\/fr\/wp-json\/wp\/v2\/media?parent=360631"}],"wp:term":[{"taxonomy":"category","embeddable":true,"href":"https:\/\/www.europesays.com\/fr\/wp-json\/wp\/v2\/categories?post=360631"},{"taxonomy":"post_tag","embeddable":true,"href":"https:\/\/www.europesays.com\/fr\/wp-json\/wp\/v2\/tags?post=360631"}],"curies":[{"name":"wp","href":"https:\/\/api.w.org\/{rel}","templated":true}]}}