{"id":360632,"date":"2025-09-02T11:23:11","date_gmt":"2025-09-02T11:23:11","guid":{"rendered":"https:\/\/www.europesays.com\/fr\/360632\/"},"modified":"2025-09-02T11:23:11","modified_gmt":"2025-09-02T11:23:11","slug":"poutine-affirme-quun-accord-sur-lukraine-ne-doit-pas-compromettre-la-securite-de-la-russie","status":"publish","type":"post","link":"https:\/\/www.europesays.com\/fr\/360632\/","title":{"rendered":"Poutine affirme qu\u2019un accord sur l\u2019Ukraine ne doit pas compromettre la \u00ab\u00a0s\u00e9curit\u00e9\u00a0\u00bb de la Russie"},"content":{"rendered":"<p class=\"paragraph text_align_left lp-f-body-02\">Vladimir Poutine a d\u00e9clar\u00e9 mardi que la \u00ab s\u00e9curit\u00e9 \u00bb de la Russie ne devait pas \u00eatre compromise par un accord de paix avec l\u2019Ukraine, qui souhaite <a href=\"https:\/\/www.leparisien.fr\/international\/ukraine\/guerre-en-ukraine-zelensky-conditionne-une-rencontre-avec-poutine-a-un-accord-sur-les-garanties-de-securite-21-08-2025-VVUXLGLD6RD4DNQIPRFWE55O3M.php\" target=\"_blank\" rel=\"noreferrer nofollow noopener\">obtenir des garanties de s\u00e9curit\u00e9<\/a> pour dissuader Moscou de l\u2019envahir \u00e0 nouveau.<\/p>\n<p class=\"paragraph text_align_left lp-f-body-02\">\u00ab C\u2019est une d\u00e9cision propre \u00e0 l\u2019Ukraine de choisir comment assurer sa s\u00e9curit\u00e9 \u00bb, a affirm\u00e9 le pr\u00e9sident russe, lors d\u2019une rencontre avec le Premier ministre slovaque \u00e0 P\u00e9kin, diffus\u00e9e \u00e0 la t\u00e9l\u00e9vision. \u00ab Mais sa s\u00e9curit\u00e9 ne peut pas \u00eatre assur\u00e9e au d\u00e9triment de celle d\u2019autres pays, y compris la Russie \u00bb, a-t-il ajout\u00e9.<\/p>\n<p class=\"paragraph text_align_left lp-f-body-02\">Le pr\u00e9sident russe a par ailleurs appr\u00e9ci\u00e9 \u00ab grandement \u00bb la diplomatie jug\u00e9e \u00ab ind\u00e9pendante \u00bb de la Slovaquie, lors de sa rencontre avec le pr\u00e9sident slovaque Robert Fico, connu pour ses positions pro-russes.<\/p>\n","protected":false},"excerpt":{"rendered":"Vladimir Poutine a d\u00e9clar\u00e9 mardi que la \u00ab s\u00e9curit\u00e9 \u00bb de la Russie ne devait pas \u00eatre compromise&hellip;\n","protected":false},"author":2,"featured_media":360633,"comment_status":"","ping_status":"","sticky":false,"template":"","format":"standard","meta":{"footnotes":""},"categories":[1590],"tags":[11,1777,674,14,12,220],"class_list":{"0":"post-360632","1":"post","2":"type-post","3":"status-publish","4":"format-standard","5":"has-post-thumbnail","7":"category-ukraine","8":"tag-actualites","9":"tag-eu","10":"tag-europe","11":"tag-international","12":"tag-news","13":"tag-ukraine"},"share_on_mastodon":{"url":"https:\/\/pubeurope.com\/@fr\/115134451404193986","error":""},"_links":{"self":[{"href":"https:\/\/www.europesays.com\/fr\/wp-json\/wp\/v2\/posts\/360632","targetHints":{"allow":["GET"]}}],"collection":[{"href":"https:\/\/www.europesays.com\/fr\/wp-json\/wp\/v2\/posts"}],"about":[{"href":"https:\/\/www.europesays.com\/fr\/wp-json\/wp\/v2\/types\/post"}],"author":[{"embeddable":true,"href":"https:\/\/www.europesays.com\/fr\/wp-json\/wp\/v2\/users\/2"}],"replies":[{"embeddable":true,"href":"https:\/\/www.europesays.com\/fr\/wp-json\/wp\/v2\/comments?post=360632"}],"version-history":[{"count":0,"href":"https:\/\/www.europesays.com\/fr\/wp-json\/wp\/v2\/posts\/360632\/revisions"}],"wp:featuredmedia":[{"embeddable":true,"href":"https:\/\/www.europesays.com\/fr\/wp-json\/wp\/v2\/media\/360633"}],"wp:attachment":[{"href":"https:\/\/www.europesays.com\/fr\/wp-json\/wp\/v2\/media?parent=360632"}],"wp:term":[{"taxonomy":"category","embeddable":true,"href":"https:\/\/www.europesays.com\/fr\/wp-json\/wp\/v2\/categories?post=360632"},{"taxonomy":"post_tag","embeddable":true,"href":"https:\/\/www.europesays.com\/fr\/wp-json\/wp\/v2\/tags?post=360632"}],"curies":[{"name":"wp","href":"https:\/\/api.w.org\/{rel}","templated":true}]}}