{"id":360635,"date":"2025-09-02T11:25:18","date_gmt":"2025-09-02T11:25:18","guid":{"rendered":"https:\/\/www.europesays.com\/fr\/360635\/"},"modified":"2025-09-02T11:25:18","modified_gmt":"2025-09-02T11:25:18","slug":"david-king-nomme-directeur-du-royaume-uni-et-de-lirlande-pour-le-groupe-indra","status":"publish","type":"post","link":"https:\/\/www.europesays.com\/fr\/360635\/","title":{"rendered":"David King, nomm\u00e9 directeur du Royaume-Uni et de l&rsquo;Irlande pour le groupe Indra"},"content":{"rendered":"<p><strong>David King a \u00e9t\u00e9 nomm\u00e9 nouveau directeur du Royaume-Uni et de l&rsquo;Irlande pour <a target=\"_blank\" href=\"https:\/\/www.atalayar.com\/fr\/articulo\/economie-et-entreprises\/indra-integre-sa-technologie-vehicule-connecte-c-v2x-pour-peages-aux-etats-unis\/20250831160000217739.html\" rel=\"noopener\">le groupe\u00a0Indra<\/a> afin de renforcer et de d\u00e9velopper sa pr\u00e9sence sur les march\u00e9s locaux de ces deux pays \u00e0 forte valeur strat\u00e9gique.<\/strong><\/p>\n<p><strong>Dans le cadre du plan strat\u00e9gique de l&rsquo;entreprise \u00ab Leading the Future \u00bb,<\/strong> le Royaume-Uni et l&rsquo;Irlande ont \u00e9t\u00e9 identifi\u00e9s comme des march\u00e9s prioritaires, sur lesquels il convient de renforcer la structure locale et d&rsquo;\u00e9tendre la pr\u00e9sence de l&rsquo;entreprise. Actuellement, le Royaume-Uni et l&rsquo;Irlande repr\u00e9sentent un chiffre d&rsquo;affaires de 110 millions d&rsquo;euros pour le groupe, avec une croissance principalement bas\u00e9e sur l&rsquo;exportation de projets dans des domaines tels que la gestion du trafic a\u00e9rien (ATM), la mobilit\u00e9 et la d\u00e9fense.<\/p>\n<p>David King apporte une vaste exp\u00e9rience de 38 ans dans le secteur de la d\u00e9fense et de l&rsquo;a\u00e9rospatiale, ayant travaill\u00e9 dans des organisations de premier plan telles que la Royal Air Force, Metrics, Airbus, Raytheon UK et Thales. La carri\u00e8re de ce Britannique s&rsquo;est particuli\u00e8rement concentr\u00e9e sur le d\u00e9veloppement des march\u00e9s internationaux, notamment au Moyen-Orient. Au cours des 12 derni\u00e8res ann\u00e9es, il a occup\u00e9 des postes de direction dans les domaines des syst\u00e8mes de communication, de l&rsquo;a\u00e9rospatiale, de l&rsquo;ISR strat\u00e9gique et tactique, des drones, des syst\u00e8mes d&rsquo;armes et du d\u00e9veloppement de formations, d\u00e9montrant sa capacit\u00e9 \u00e0 remporter et \u00e0 fournir des solutions de d\u00e9fense complexes \u00e0 l&rsquo;\u00e9chelle internationale.<\/p>\n<p>La mission principale de David King sera de d\u00e9velopper les capacit\u00e9s de toutes les divisions et de tous les domaines d&rsquo;activit\u00e9 cl\u00e9s du groupe Indra au Royaume-Uni et en Irlande. Cette strat\u00e9gie vise \u00e0 \u00e9voluer du mod\u00e8le actuel d&rsquo;exportation de projets vers une pr\u00e9sence locale int\u00e9grale permettant de rivaliser avec des avantages diff\u00e9rentiels sur le march\u00e9 local.<\/p>\n<p>David King assumera un r\u00f4le global ax\u00e9 sur trois piliers fondamentaux : d\u00e9velopper une identit\u00e9 locale en cr\u00e9ant des bureaux propres, un mod\u00e8le de gouvernance avec un comit\u00e9 ex\u00e9cutif local et une structure juridique ind\u00e9pendante ; renforcer les relations institutionnelles et commerciales (renforc\u00e9 par sa r\u00e9cente nomination au conseil de la Chambre de commerce du Royaume-Uni) ; et d\u00e9finir le plan strat\u00e9gique pour le Royaume-Uni et l&rsquo;Irlande 2025-2028, qui comprend le d\u00e9veloppement d&rsquo;op\u00e9rations de croissance inorganique et la r\u00e9alisation d&rsquo;objectifs financiers \u00e0 long terme.<\/p>\n<p>Fort de plus de deux d\u00e9cennies d&rsquo;exp\u00e9rience au Royaume-Uni, le groupe Indra a consolid\u00e9 sa position avec plus de 200 professionnels et des bureaux dans diff\u00e9rentes villes britanniques. Ces derni\u00e8res ann\u00e9es, l&rsquo;entreprise a renforc\u00e9 sa pr\u00e9sence dans la r\u00e9gion en menant des projets technologiques de pointe pour des clients de premier plan tels que NATS, le fournisseur de services de navigation a\u00e9rienne du Royaume-Uni ; National Highways, l&rsquo;organisme qui g\u00e8re les autoroutes et les principales routes anglaises ; le minist\u00e8re de la D\u00e9fense et la Royal Air Force du Royaume-Uni ; ou en Irlande, Transport Infrastructure Ireland (TII), l&rsquo;autorit\u00e9 nationale des routes irlandaises ; ou Iarnr\u00f3d \u00c9ireann-Irish Rail, l&rsquo;entreprise exploitante du syst\u00e8me ferroviaire irlandais. Par l&rsquo;interm\u00e9diaire de Minsait, elle a \u00e9galement \u00e9t\u00e9 le fournisseur technologique d&rsquo;entreprises de premier plan du secteur financier et d&rsquo;op\u00e9rateurs de t\u00e9l\u00e9communications.<\/p>\n<p>Gr\u00e2ce au succ\u00e8s de ces projets de r\u00e9f\u00e9rence mondiale, Indra Group s&rsquo;est positionn\u00e9 comme une entreprise technologique de pointe dans des secteurs critiques de la r\u00e9gion. Ceci, associ\u00e9 aux investissements importants pr\u00e9vus en Irlande et au Royaume-Uni, \u00e0 la proximit\u00e9 de l&rsquo;Espagne et au haut niveau de qualification de ses professionnels, a conduit le groupe Indra \u00e0 redoubler d&rsquo;efforts dans ces deux pays, non seulement pour d\u00e9velopper des projets locaux, mais aussi comme base pour le d\u00e9veloppement de son activit\u00e9 dans d&rsquo;autres pays anglophones, tels que les \u00c9tats-Unis, le Canada ou l&rsquo;Australie, qui sont essentiels pour la strat\u00e9gie \u00e0 long terme de l&rsquo;entreprise.<\/p>\n<p>Dans cet objectif et afin de consolider sa pr\u00e9sence au Royaume-Uni, le groupe Indra a acquis en 2024 Park Air, une soci\u00e9t\u00e9 britannique de r\u00e9f\u00e9rence mondiale dans le domaine des communications a\u00e9rospatiales et de d\u00e9fense. La m\u00eame ann\u00e9e, afin de renforcer sa position de r\u00e9f\u00e9rence mondiale dans les syst\u00e8mes de gestion du trafic a\u00e9rien, la soci\u00e9t\u00e9 a \u00e9galement acquis Micro Nav, leader dans le domaine des simulateurs de trafic a\u00e9rien et de d\u00e9fense a\u00e9rienne, et Global ATS, soci\u00e9t\u00e9 de services de formation au contr\u00f4le du trafic a\u00e9rien, r\u00e9f\u00e9rence sur le march\u00e9 britannique.<\/p>\n","protected":false},"excerpt":{"rendered":"David King a \u00e9t\u00e9 nomm\u00e9 nouveau directeur du Royaume-Uni et de l&rsquo;Irlande pour le groupe\u00a0Indra afin de renforcer&hellip;\n","protected":false},"author":2,"featured_media":360636,"comment_status":"","ping_status":"","sticky":false,"template":"","format":"standard","meta":{"footnotes":""},"categories":[1588],"tags":[11,13513,1777,674,49612,1577,12,13514,473,1853,13515,1851,1850,1852],"class_list":{"0":"post-360635","1":"post","2":"type-post","3":"status-publish","4":"format-standard","5":"has-post-thumbnail","7":"category-royaume-uni","8":"tag-actualites","9":"tag-espana","10":"tag-eu","11":"tag-europe","12":"tag-irlanda","13":"tag-l","14":"tag-news","15":"tag-reino-unido","16":"tag-royaume-uni","17":"tag-royaume-uni-de-grande-bretagne-et-dirlande-du-nord","18":"tag-spain","19":"tag-uk","20":"tag-united-kingdom","21":"tag-united-kingdom-of-great-britain-and-northern-ireland"},"share_on_mastodon":{"url":"https:\/\/pubeurope.com\/@fr\/115134459019353980","error":""},"_links":{"self":[{"href":"https:\/\/www.europesays.com\/fr\/wp-json\/wp\/v2\/posts\/360635","targetHints":{"allow":["GET"]}}],"collection":[{"href":"https:\/\/www.europesays.com\/fr\/wp-json\/wp\/v2\/posts"}],"about":[{"href":"https:\/\/www.europesays.com\/fr\/wp-json\/wp\/v2\/types\/post"}],"author":[{"embeddable":true,"href":"https:\/\/www.europesays.com\/fr\/wp-json\/wp\/v2\/users\/2"}],"replies":[{"embeddable":true,"href":"https:\/\/www.europesays.com\/fr\/wp-json\/wp\/v2\/comments?post=360635"}],"version-history":[{"count":0,"href":"https:\/\/www.europesays.com\/fr\/wp-json\/wp\/v2\/posts\/360635\/revisions"}],"wp:featuredmedia":[{"embeddable":true,"href":"https:\/\/www.europesays.com\/fr\/wp-json\/wp\/v2\/media\/360636"}],"wp:attachment":[{"href":"https:\/\/www.europesays.com\/fr\/wp-json\/wp\/v2\/media?parent=360635"}],"wp:term":[{"taxonomy":"category","embeddable":true,"href":"https:\/\/www.europesays.com\/fr\/wp-json\/wp\/v2\/categories?post=360635"},{"taxonomy":"post_tag","embeddable":true,"href":"https:\/\/www.europesays.com\/fr\/wp-json\/wp\/v2\/tags?post=360635"}],"curies":[{"name":"wp","href":"https:\/\/api.w.org\/{rel}","templated":true}]}}