{"id":360637,"date":"2025-09-02T11:26:10","date_gmt":"2025-09-02T11:26:10","guid":{"rendered":"https:\/\/www.europesays.com\/fr\/360637\/"},"modified":"2025-09-02T11:26:10","modified_gmt":"2025-09-02T11:26:10","slug":"le-president-polonais-appelle-lallemagne-a-verser-des-reparations-pour-la-seconde-guerre-mondiale","status":"publish","type":"post","link":"https:\/\/www.europesays.com\/fr\/360637\/","title":{"rendered":"Le pr\u00e9sident polonais appelle l&rsquo;Allemagne \u00e0 verser des r\u00e9parations pour la Seconde Guerre mondiale"},"content":{"rendered":"<p>VARSOVIE \u2013 Le pr\u00e9sident polonais Karol Nawrocki a renouvel\u00e9 ses appels \u00e0 l\u2019Allemagne pour le versement des r\u00e9parations de la Seconde Guerre mondiale, r\u00e9activant ainsi une demande de longue date du parti conservateur PiS.<\/p>\n<p>\u00ab\u2009Nous devons r\u00e9soudre la question des r\u00e9parations de l\u2019\u00c9tat allemand, que j\u2019exige sans \u00e9quivoque, en tant que pr\u00e9sident de la Pologne, pour le bien commun\u2009\u00bb, a d\u00e9clar\u00e9 Karol Nawrocki. Il souhaite voir le gouvernement du Premier ministre Donald Tusk faire pression sur Berlin \u00e0 ce sujet.<\/p>\n<p>Le ministre des Affaires \u00e9trang\u00e8res Rados\u0142aw Sikorski, qui soutient l\u2019initiative du pr\u00e9sident, estime toutefois si la Pologne a, moralement, le droit \u00e0 une compensation, \u00ab\u2009le cas est sans espoir\u2009 \u00bb.<\/p>\n<p>Pour rappel, la Pologne avait officiellement renonc\u00e9 \u00e0 ses r\u00e9parations de guerre en 1953 sous l\u2019influence sovi\u00e9tique, mais le PiS insiste depuis longtemps sur le fait que cette d\u00e9cision n\u2019est pas valable.<\/p>\n<p>Au cours de ses huit ann\u00e9es au pouvoir, le d\u00e9put\u00e9 PiS Arkadiusz Mularczyk a \u00e9valu\u00e9 les demandes de r\u00e9parations de guerre de la Pologne \u00e0 6,2 billions de zlotys (1,5 billion d\u2019euros).<\/p>\n","protected":false},"excerpt":{"rendered":"VARSOVIE \u2013 Le pr\u00e9sident polonais Karol Nawrocki a renouvel\u00e9 ses appels \u00e0 l\u2019Allemagne pour le versement des r\u00e9parations&hellip;\n","protected":false},"author":2,"featured_media":360638,"comment_status":"","ping_status":"","sticky":false,"template":"","format":"standard","meta":{"footnotes":""},"categories":[1587],"tags":[11,672,1804,1805,1803,1777,674,1801,12,1802],"class_list":{"0":"post-360637","1":"post","2":"type-post","3":"status-publish","4":"format-standard","5":"has-post-thumbnail","7":"category-allemagne","8":"tag-actualites","9":"tag-allemagne","10":"tag-bundesrepublik-deutschland","11":"tag-de","12":"tag-deutschland","13":"tag-eu","14":"tag-europe","15":"tag-germany","16":"tag-news","17":"tag-republique-federale-dallemagne"},"share_on_mastodon":{"url":"https:\/\/pubeurope.com\/@fr\/115134462955821672","error":""},"_links":{"self":[{"href":"https:\/\/www.europesays.com\/fr\/wp-json\/wp\/v2\/posts\/360637","targetHints":{"allow":["GET"]}}],"collection":[{"href":"https:\/\/www.europesays.com\/fr\/wp-json\/wp\/v2\/posts"}],"about":[{"href":"https:\/\/www.europesays.com\/fr\/wp-json\/wp\/v2\/types\/post"}],"author":[{"embeddable":true,"href":"https:\/\/www.europesays.com\/fr\/wp-json\/wp\/v2\/users\/2"}],"replies":[{"embeddable":true,"href":"https:\/\/www.europesays.com\/fr\/wp-json\/wp\/v2\/comments?post=360637"}],"version-history":[{"count":0,"href":"https:\/\/www.europesays.com\/fr\/wp-json\/wp\/v2\/posts\/360637\/revisions"}],"wp:featuredmedia":[{"embeddable":true,"href":"https:\/\/www.europesays.com\/fr\/wp-json\/wp\/v2\/media\/360638"}],"wp:attachment":[{"href":"https:\/\/www.europesays.com\/fr\/wp-json\/wp\/v2\/media?parent=360637"}],"wp:term":[{"taxonomy":"category","embeddable":true,"href":"https:\/\/www.europesays.com\/fr\/wp-json\/wp\/v2\/categories?post=360637"},{"taxonomy":"post_tag","embeddable":true,"href":"https:\/\/www.europesays.com\/fr\/wp-json\/wp\/v2\/tags?post=360637"}],"curies":[{"name":"wp","href":"https:\/\/api.w.org\/{rel}","templated":true}]}}