{"id":360639,"date":"2025-09-02T11:27:10","date_gmt":"2025-09-02T11:27:10","guid":{"rendered":"https:\/\/www.europesays.com\/fr\/360639\/"},"modified":"2025-09-02T11:27:10","modified_gmt":"2025-09-02T11:27:10","slug":"prudence-en-europe-wall-street-fait-sa-rentree","status":"publish","type":"post","link":"https:\/\/www.europesays.com\/fr\/360639\/","title":{"rendered":"Prudence en Europe ; Wall Street fait sa rentr\u00e9e"},"content":{"rendered":"<p>Les march\u00e9s europ\u00e9ens s&rsquo;affichent dans le rouge, la place parisienne r\u00e9siste gr\u00e2ce au luxe. Wall Street rouvre apr\u00e8s un week-end prolong\u00e9 d\u00fb au Labor Day. Les craintes \u00e0 propos de la dette publique se traduisent par une hausse des taux longs. L&rsquo;once d&rsquo;or au comptant a d\u00e9pass\u00e9 les 3500 dollars dans la nuit pour atteindre un plus haut historique \u00e0 un peu plus de 3508 dollars. Le secteur du luxe brille, port\u00e9 par le rel\u00e8vement de recommandation de HSBC sur LVMH et Kering. Vers 12h30, le CAC 40 s&rsquo;effrite de 0,05% \u00e0 7704 points tandis que l&rsquo;EuroStoxx 50 recule de 0,63% \u00e0 5333 points.<\/p>\n<p>Reculant de 0,87% \u00e0 74,83 francs suisses, <b>Nestl\u00e9<\/b>\u00a0enregistre une des plus fortes baisses au sein de l&rsquo;indice SMI, apr\u00e8s l&rsquo;annonce hier du limogeage du directeur g\u00e9n\u00e9ral Laurent Freixe. Ce dernier a \u00e9t\u00e9 remerci\u00e9 suite \u00e0 \u00a0\u00bb une enqu\u00eate sur une relation amoureuse non divulgu\u00e9e avec un subordonn\u00e9 direct, en violation du code de conduite professionnelle de Nestl\u00e9 \u00ab\u00a0. Le conseil d&rsquo;administration avait ordonn\u00e9 une enqu\u00eate supervis\u00e9e par le pr\u00e9sident Paul Bulcke et l\u2019administrateur principal ind\u00e9pendant, Pablo Isla, avec le soutien de conseillers juridiques externes ind\u00e9pendants.<\/p>\n<p>A Paris, <b>Kering<\/b> (+3,63% \u00e0 238,15 euros) et <b>LVMH<\/b> (+3,06% \u00e0 519,10 euros) sont tr\u00e8s bien orient\u00e9es ce mardi, occupant respectivement la premi\u00e8re et deuxi\u00e8me place de l&rsquo;indice CAC 40. Les deux actions progressent \u00e0 la faveur d&rsquo;une note favorable de HSBC sur le secteur du luxe. La banque britannique a relev\u00e9 \u00e0 sa recommandation de Conserver \u00e0 Acheter sur les deux soci\u00e9t\u00e9s fran\u00e7aises. Elle a relev\u00e9 son objectif de cours de 200 \u00e0 300 euros pour Kering et de 535 \u00e0 625 euros pour LVMH. <\/p>\n<p><b>Compagnie Chargeurs Invest<\/b>\u00a0(+6,47% \u00e0 11,52 euros) caracole en t\u00eate du march\u00e9 SRD alors que le groupe \u00e9tudie une potentielle cession de Novacel suite \u00e0 plusieurs manifestations d&rsquo;int\u00e9r\u00eat indicatives. Chargeurs \u00ab\u00a0a re\u00e7u plusieurs manifestations d&rsquo;int\u00e9r\u00eat, s\u00e9rieuses, pour sa plateforme Mat\u00e9riaux Innovants, int\u00e9gralement constitu\u00e9e du m\u00e9tier Novacel\u00a0\u00bb.<\/p>\n<p><b>Les chiffres macro\u00e9conomiques du jour<\/b><\/p>\n<p>Le taux d&rsquo;inflation annuel de la zone euro est estim\u00e9 \u00e0 2,1% en ao\u00fbt contre 2% en juillet selon une estimation rapide publi\u00e9e par Eurostat, l&rsquo;office statistique de l&rsquo;Union europ\u00e9enne. S&rsquo;agissant des principales composantes de l&rsquo;inflation de la zone euro, l&rsquo;alimentation, alcool &amp; tabac devrait conna\u00eetre le taux annuel le plus \u00e9lev\u00e9 en ao\u00fbt (3,2%, compar\u00e9 \u00e0 3,3% en juillet), suivi des services (3,1%, compar\u00e9 \u00e0 3,2% en juillet), des biens industriels hors \u00e9nergie (0,8%, stable compar\u00e9 \u00e0 juillet) et de l&rsquo;\u00e9nergie (-1,9%, compar\u00e9 \u00e0 -2,4% en juillet).<\/p>\n<p>Aux Etats-Unis, l&rsquo;indice des directeurs d&rsquo;achat (S&amp;P) pour le secteur manufacturier en ao\u00fbt sera d\u00e9voil\u00e9 \u00e0 15h45 avant l&rsquo;indice des directeurs d&rsquo;achat (ISM) pour le secteur manufacturier en ao\u00fbt \u00e0 16h00 ainsi que les d\u00e9penses de construction en juillet. <\/p>\n<p>A la mi-s\u00e9ance, l&rsquo;euro c\u00e8de 0,67% \u00e0 1,1631 dollar.\u00a0<\/p>\n<p class=\"source\">source : AOF<\/p>\n<p>\u00a0\u25a0<\/p>\n","protected":false},"excerpt":{"rendered":"Les march\u00e9s europ\u00e9ens s&rsquo;affichent dans le rouge, la place parisienne r\u00e9siste gr\u00e2ce au luxe. Wall Street rouvre apr\u00e8s&hellip;\n","protected":false},"author":2,"featured_media":360640,"comment_status":"","ping_status":"","sticky":false,"template":"","format":"standard","meta":{"footnotes":""},"categories":[1586],"tags":[11,1777,674,1011,27,12,25],"class_list":{"0":"post-360639","1":"post","2":"type-post","3":"status-publish","4":"format-standard","5":"has-post-thumbnail","7":"category-europe","8":"tag-actualites","9":"tag-eu","10":"tag-europe","11":"tag-fr","12":"tag-france","13":"tag-news","14":"tag-republique-francaise"},"share_on_mastodon":{"url":"https:\/\/pubeurope.com\/@fr\/115134466950468042","error":""},"_links":{"self":[{"href":"https:\/\/www.europesays.com\/fr\/wp-json\/wp\/v2\/posts\/360639","targetHints":{"allow":["GET"]}}],"collection":[{"href":"https:\/\/www.europesays.com\/fr\/wp-json\/wp\/v2\/posts"}],"about":[{"href":"https:\/\/www.europesays.com\/fr\/wp-json\/wp\/v2\/types\/post"}],"author":[{"embeddable":true,"href":"https:\/\/www.europesays.com\/fr\/wp-json\/wp\/v2\/users\/2"}],"replies":[{"embeddable":true,"href":"https:\/\/www.europesays.com\/fr\/wp-json\/wp\/v2\/comments?post=360639"}],"version-history":[{"count":0,"href":"https:\/\/www.europesays.com\/fr\/wp-json\/wp\/v2\/posts\/360639\/revisions"}],"wp:featuredmedia":[{"embeddable":true,"href":"https:\/\/www.europesays.com\/fr\/wp-json\/wp\/v2\/media\/360640"}],"wp:attachment":[{"href":"https:\/\/www.europesays.com\/fr\/wp-json\/wp\/v2\/media?parent=360639"}],"wp:term":[{"taxonomy":"category","embeddable":true,"href":"https:\/\/www.europesays.com\/fr\/wp-json\/wp\/v2\/categories?post=360639"},{"taxonomy":"post_tag","embeddable":true,"href":"https:\/\/www.europesays.com\/fr\/wp-json\/wp\/v2\/tags?post=360639"}],"curies":[{"name":"wp","href":"https:\/\/api.w.org\/{rel}","templated":true}]}}