{"id":360651,"date":"2025-09-02T11:34:10","date_gmt":"2025-09-02T11:34:10","guid":{"rendered":"https:\/\/www.europesays.com\/fr\/360651\/"},"modified":"2025-09-02T11:34:10","modified_gmt":"2025-09-02T11:34:10","slug":"lex-commentateur-de-canal-bertrand-guillemin-integre-le-staff-du-stade-francais","status":"publish","type":"post","link":"https:\/\/www.europesays.com\/fr\/360651\/","title":{"rendered":"l\u2019ex-commentateur de Canal +, Bertrand Guillemin, int\u00e8gre le staff du Stade Fran\u00e7ais"},"content":{"rendered":"<p>\u00c9cart\u00e9 cet \u00e9t\u00e9 par la cha\u00eene crypt\u00e9e, celui qui a longtemps comment\u00e9 le Top 14 rebondit comme team-manager du club parisien.<\/p>\n<p class=\"fig-paragraph\">Il a officialis\u00e9 la nouvelle sur son r\u00e9seau LinkedIn. Bertrand Guillemin int\u00e8gre le staff du Stade Fran\u00e7ais, dont il avait port\u00e9 les couleurs comme joueur en 1997-1998, en tant que team manager.<\/p>\n<p class=\"fig-paragraph\">Une reconversion surprise. Et express. Apr\u00e8s 25 ann\u00e9es au sein du groupe Canal +, dont il \u00e9tait devenu l\u2019une des voix aux commentaires des rencontres du Top 14, Bertrand Guillemin a \u00e9t\u00e9 \u00e9cart\u00e9 cet \u00e9t\u00e9 par la cha\u00eene crypt\u00e9e, sans qu\u2019aucune annonce officielle n\u2019ait encore \u00e9t\u00e9 faite sur les raisons de la proc\u00e9dure de licenciement qui a \u00e9t\u00e9 engag\u00e9e.<\/p>\n<p>                                    <a class=\"fig-a11y-skip a11y-hidden\" href=\"#fig-a11y-skip-main-inarticle\"><br \/>\n        Passer la publicit\u00e9<br \/>\n    <\/a><\/p>\n<p>Proche du DG, Thomas Lombard<\/p>\n<p class=\"fig-paragraph\">Il va retrouver au sein du Stade Fran\u00e7ais Paris l\u2019actuel directeur g\u00e9n\u00e9ral du club, Thomas Lombard. Les deux hommes avaient \u00e9volu\u00e9 ensemble sous le maillot du Racing 92.<\/p>\n","protected":false},"excerpt":{"rendered":"\u00c9cart\u00e9 cet \u00e9t\u00e9 par la cha\u00eene crypt\u00e9e, celui qui a longtemps comment\u00e9 le Top 14 rebondit comme team-manager&hellip;\n","protected":false},"author":2,"featured_media":360652,"comment_status":"","ping_status":"","sticky":false,"template":"","format":"standard","meta":{"footnotes":""},"categories":[1416],"tags":[10474,1011,27,479,1468,60,2558],"class_list":{"0":"post-360651","1":"post","2":"type-post","3":"status-publish","4":"format-standard","5":"has-post-thumbnail","7":"category-rugby","8":"tag-canal","9":"tag-fr","10":"tag-france","11":"tag-rugby","12":"tag-rugby-football","13":"tag-sports","14":"tag-stade-francais"},"share_on_mastodon":{"url":"https:\/\/pubeurope.com\/@fr\/115134494385913426","error":""},"_links":{"self":[{"href":"https:\/\/www.europesays.com\/fr\/wp-json\/wp\/v2\/posts\/360651","targetHints":{"allow":["GET"]}}],"collection":[{"href":"https:\/\/www.europesays.com\/fr\/wp-json\/wp\/v2\/posts"}],"about":[{"href":"https:\/\/www.europesays.com\/fr\/wp-json\/wp\/v2\/types\/post"}],"author":[{"embeddable":true,"href":"https:\/\/www.europesays.com\/fr\/wp-json\/wp\/v2\/users\/2"}],"replies":[{"embeddable":true,"href":"https:\/\/www.europesays.com\/fr\/wp-json\/wp\/v2\/comments?post=360651"}],"version-history":[{"count":0,"href":"https:\/\/www.europesays.com\/fr\/wp-json\/wp\/v2\/posts\/360651\/revisions"}],"wp:featuredmedia":[{"embeddable":true,"href":"https:\/\/www.europesays.com\/fr\/wp-json\/wp\/v2\/media\/360652"}],"wp:attachment":[{"href":"https:\/\/www.europesays.com\/fr\/wp-json\/wp\/v2\/media?parent=360651"}],"wp:term":[{"taxonomy":"category","embeddable":true,"href":"https:\/\/www.europesays.com\/fr\/wp-json\/wp\/v2\/categories?post=360651"},{"taxonomy":"post_tag","embeddable":true,"href":"https:\/\/www.europesays.com\/fr\/wp-json\/wp\/v2\/tags?post=360651"}],"curies":[{"name":"wp","href":"https:\/\/api.w.org\/{rel}","templated":true}]}}