{"id":360676,"date":"2025-09-02T11:48:13","date_gmt":"2025-09-02T11:48:13","guid":{"rendered":"https:\/\/www.europesays.com\/fr\/360676\/"},"modified":"2025-09-02T11:48:13","modified_gmt":"2025-09-02T11:48:13","slug":"marc-guehi-tourne-sa-video-dadieu-mais-reste-finalement-bloque-par-crystal-palace","status":"publish","type":"post","link":"https:\/\/www.europesays.com\/fr\/360676\/","title":{"rendered":"Marc Gu\u00e9hi tourne sa vid\u00e9o d\u2019adieu, mais reste finalement bloqu\u00e9 par Crystal Palace"},"content":{"rendered":"<p>Une magnifique frappe enroul\u00e9e, une c\u00e9l\u00e9bration devant <a href=\"https:\/\/www.20minutes.fr\/sport\/football\/ligue-1\/4150363-20250425-psg-vire-villa-park-comme-malpropre-jeune-supporter-parisien-invite-parc-al-khelaifi\" target=\"_blank\" class=\"c-link c-link--is-underlined\" rel=\"noopener\">les supporteurs pr\u00e9sents \u00e0 Villa Park<\/a> et une victoire impressionnante de Crystal Palace contre Aston Villa (0-3). Marc Gu\u00e9hi avait soign\u00e9 ses adieux, pour son dernier match avec les Eagles, dimanche. Le d\u00e9fenseur et capitaine de Crystal Palace, sous contrat jusqu\u2019en juin\u00a02026, devait s\u2019engager <a href=\"https:\/\/www.20minutes.fr\/sport\/football\/ligue-1\/4170472-20250901-direct-mercato-rabiot-vers-ac-milan-isak-enfin-liverpool-suivez-dernier-jour-marche-transferts\" target=\"_blank\" class=\"c-link c-link--is-underlined\" rel=\"noopener\">avec Liverpool pour 40\u00a0millions d\u2019euros<\/a>.<\/p>\n<p class=\"mb-xxl@xs color-ultramarine font-weight-semi-bold@xs font-source-serif-pro heading-s@xs\">L\u2019acc\u00e8s \u00e0 ce contenu a \u00e9t\u00e9 bloqu\u00e9 afin de respecter votre choix de consentement<\/p>\n<p class=\"mb-m@xs text-l@xs\">En cliquant sur\u00ab J\u2019accepte \u00bb, vous acceptez le d\u00e9p\u00f4t de cookies par des services externes et aurez ainsi acc\u00e8s aux contenus de nos partenaires.<\/p>\n<p class=\"mb-xl@xs text-s@xs\">Plus d\u2019informations sur la page<a href=\"https:\/\/www.20minutes.fr\/gestion-cookies\" class=\"mx-xxs@xs color-ultramarine\" target=\"_blank\" rel=\"noopener\">Politique de gestion des cookies<\/a><\/p>\n<p>J\u2019accepte<\/p>\n<p>Marc Gu\u00e9hi avait m\u00eame tourn\u00e9 sa vid\u00e9o d\u2019adieu pour les supporteurs de Crystal Palace, comme l\u2019a rep\u00e9r\u00e9 <a href=\"https:\/\/rmcsport.bfmtv.com\/football\/transferts\/mercato-attendu-a-liverpool-mais-bloque-par-crystal-palace-la-video-des-adieux-de-marc-guehi-a-fuite_AV-202509020429.html\" rel=\"nofollow noopener\" target=\"_blank\" class=\"c-link c-link--is-underlined\">RMC Sports<\/a>, o\u00f9 il parle de ses meilleurs moments dans le club londonien, qu\u2019il avait rejoint en\u00a02021 et avec qui il a remport\u00e9 la FA Cup la saison derni\u00e8re. Mais de d\u00e9part, il n\u2019en a rien \u00e9t\u00e9 lors du dernier jour du mercato et Gu\u00e9hi a d\u00fb rester \u00e0 Palace, car son rempla\u00e7ant n\u2019a pas \u00e9t\u00e9 trouv\u00e9.<\/p>\n<\/p>\n<p>Marc Gu\u00e9hi devait initialement \u00eatre remplac\u00e9 par Igor Julio, le d\u00e9fenseur br\u00e9silien de Brighton. Mais ce dernier a finalement pris la direction de <a href=\"https:\/\/www.20minutes.fr\/dossier\/west_ham\" target=\"_blank\" class=\"c-link c-link--is-underlined\" rel=\"noopener\">West Ham<\/a>. Sans solution de repli, Crystal Palace n\u2019a pas laiss\u00e9 partir son capitaine. Le seul point positif de l\u2019histoire\u00a0: la vid\u00e9o d\u2019adieu est d\u00e9j\u00e0 pr\u00eate.<\/p>\n","protected":false},"excerpt":{"rendered":"Une magnifique frappe enroul\u00e9e, une c\u00e9l\u00e9bration devant les supporteurs pr\u00e9sents \u00e0 Villa Park et une victoire impressionnante de&hellip;\n","protected":false},"author":2,"featured_media":360677,"comment_status":"","ping_status":"","sticky":false,"template":"","format":"standard","meta":{"footnotes":""},"categories":[9],"tags":[63,1011,27,3490,1434,70,517,60],"class_list":{"0":"post-360676","1":"post","2":"type-post","3":"status-publish","4":"format-standard","5":"has-post-thumbnail","7":"category-sports","8":"tag-football","9":"tag-fr","10":"tag-france","11":"tag-liverpool","12":"tag-mercato","13":"tag-premier-league","14":"tag-sport","15":"tag-sports"},"share_on_mastodon":{"url":"https:\/\/pubeurope.com\/@fr\/115134549567198392","error":""},"_links":{"self":[{"href":"https:\/\/www.europesays.com\/fr\/wp-json\/wp\/v2\/posts\/360676","targetHints":{"allow":["GET"]}}],"collection":[{"href":"https:\/\/www.europesays.com\/fr\/wp-json\/wp\/v2\/posts"}],"about":[{"href":"https:\/\/www.europesays.com\/fr\/wp-json\/wp\/v2\/types\/post"}],"author":[{"embeddable":true,"href":"https:\/\/www.europesays.com\/fr\/wp-json\/wp\/v2\/users\/2"}],"replies":[{"embeddable":true,"href":"https:\/\/www.europesays.com\/fr\/wp-json\/wp\/v2\/comments?post=360676"}],"version-history":[{"count":0,"href":"https:\/\/www.europesays.com\/fr\/wp-json\/wp\/v2\/posts\/360676\/revisions"}],"wp:featuredmedia":[{"embeddable":true,"href":"https:\/\/www.europesays.com\/fr\/wp-json\/wp\/v2\/media\/360677"}],"wp:attachment":[{"href":"https:\/\/www.europesays.com\/fr\/wp-json\/wp\/v2\/media?parent=360676"}],"wp:term":[{"taxonomy":"category","embeddable":true,"href":"https:\/\/www.europesays.com\/fr\/wp-json\/wp\/v2\/categories?post=360676"},{"taxonomy":"post_tag","embeddable":true,"href":"https:\/\/www.europesays.com\/fr\/wp-json\/wp\/v2\/tags?post=360676"}],"curies":[{"name":"wp","href":"https:\/\/api.w.org\/{rel}","templated":true}]}}