{"id":360678,"date":"2025-09-02T11:49:14","date_gmt":"2025-09-02T11:49:14","guid":{"rendered":"https:\/\/www.europesays.com\/fr\/360678\/"},"modified":"2025-09-02T11:49:14","modified_gmt":"2025-09-02T11:49:14","slug":"pourquoi-le-retour-de-matthieu-delormeau-chez-cyril-hanouna-est-si-dur-a-regarder","status":"publish","type":"post","link":"https:\/\/www.europesays.com\/fr\/360678\/","title":{"rendered":"Pourquoi le retour de Matthieu Delormeau chez Cyril Hanouna est si dur \u00e0 regarder"},"content":{"rendered":"<p>        <img decoding=\"async\" loading=\"lazy\" src=\"https:\/\/www.europesays.com\/fr\/wp-content\/uploads\/2025\/09\/fa1463b_upload-1-vqfbxbdupeym-screenshot-2025-09-02-09-27-21.png\"  width=\"728\" height=\"410\" alt=\"Cyril Hanouna et Matthieu Delormeau, ici au mois de septembre 2025\u00a0dans \u00ab\u00a0Tout beau tout n9uf\u00a0\u00bb sur W9.\"\/>  <\/p>\n<p>Capture d\u2019\u00e9cran W9<\/p>\n<p>Cyril Hanouna et Matthieu Delormeau, ici au mois de septembre 2025\u00a0dans \u00ab\u00a0Tout beau tout n9uf\u00a0\u00bb sur W9.<\/p>\n<p class=\"asset asset-text\">M\u00c9DIAS &#8211; \u00ab\u00a0Depuis deux ans, on m\u2019a plus vu dans les commissariats qu\u2019ailleurs.\u00a0\u00bb Ces mots, ce sont ceux de <a href=\"https:\/\/www.huffingtonpost.fr\/people\/article\/matthieu-delormeau-surpris-en-train-d-acheter-de-la-cocaine-et-place-en-garde-a-vue_246740.html\" target=\"_blank\" rel=\"noopener\">Matthieu Delormeau<\/a> qui, ce lundi 1er\u00a0septembre, a \u00e9t\u00e9 re\u00e7u en toute fin d\u2019\u00e9mission de Tout nouveau, tout neuf, le <a href=\"https:\/\/www.huffingtonpost.fr\/divertissement\/article\/cyril-hanouna-commence-tout-beau-tout-neuf-sur-w9-et-recoit-les-encouragements-de-son-ancien-patron_254266.html\" target=\"_blank\" rel=\"noopener\">nouveau programme<\/a> de <a href=\"https:\/\/www.huffingtonpost.fr\/divertissement\/article\/dans-tout-beau-tout-neuf-cyril-hanouna-fera-t-il-autre-chose-qu-un-touche-pas-a-mon-poste-bis_254072.html\" target=\"_blank\" rel=\"noopener\">Cyril Hanouna<\/a> sur W9, avant d\u2019\u00eatre invit\u00e9 \u00e0 en devenir l\u2019un des futurs chroniqueurs r\u00e9guliers.<\/p>\n<p class=\"asset asset-text\">\u00ab\u00a0On s\u2019est parl\u00e9 cinquante mille fois, mais on ne s\u2019est pas revus\u00a0\u00bb, a-t-il d\u00e9clar\u00e9 \u00e9mu en prenant l\u2019ex-vedette de C8\u00a0dans ses bras. \u00ab\u00a0Tu sais que je t\u2019aime quoi qu\u2019il arrive\u00a0\u00bb, lui a pour sa part confi\u00e9 ce dernier. Figure de Touche pas \u00e0 mon poste, Matthieu Delormeau l\u2019avait quitt\u00e9 en 2023\u00a0apr\u00e8s huit ans et de multiples controverses, dont un bol de nouilles dans le slip.<\/p>\n<p class=\"asset asset-text\">\u00ab\u00a0La seule chose que je veux vraiment faire, c\u2019est que je veux raconter tout dans le d\u00e9tail. J\u2019ai v\u00e9cu la police, la justice, la garde \u00e0 vue, la prison, les cit\u00e9s, les dealeurs. Comme c\u2019est vraiment du \u201cinside\u201d pour un journaliste, je vais tout te raconter et franchement sans pudeur\u00a0\u00bb, a-t-il assur\u00e9.<\/p>\n<p class=\"asset asset-text\">Il faut dire que ce retour sur le petit \u00e9cran n\u2019est pas sans surprendre. Plac\u00e9 en garde \u00e0 vue apr\u00e8s avoir \u00e9t\u00e9 arr\u00eat\u00e9 durant une transaction de coca\u00efne en juillet\u00a02024\u00a0au pied de son immeuble dans le VIe arrondissement de Paris, Matthieu Delormeau l\u2019avait de nouveau \u00e9t\u00e9 au mois de f\u00e9vrier dernier pour des raisons similaires. S\u2019il avait d\u00e9j\u00e0 re\u00e7u une \u00ab\u00a0injonction th\u00e9rapeutique pour usage de stup\u00e9fiants\u00a0\u00bb, une \u00ab\u00a0amende par ordonnance p\u00e9nale\u00a0\u00bb lui avait \u00e9t\u00e9 notifi\u00e9e la seconde fois.<\/p>\n<p>                     L\u2019enregistrement de Mediapart    <\/p>\n<p class=\"asset asset-text\">Dans un cas, comme dans l\u2019autre, il ne s\u2019est jamais exprim\u00e9 sur le sujet, mais compte bien le faire chez Cyril Hanouna. \u00ab\u00a0Je vous promets. La drogue, j\u2019aimerais vraiment dire aux parents comment la rep\u00e9rer\u00a0\u00bb, a-t-il expliqu\u00e9, avant d\u2019ajouter vouloir \u00e9galement parler \u00e0\u00a0ces \u00ab\u00a0gens qui ont v\u00e9cu ce que j\u2019ai v\u00e9cu, qui regardent la t\u00e9l\u00e9vision et qui pensent que c\u2019est la fin\u00a0\u00bb.<\/p>\n<p class=\"asset asset-text\">Ce lundi, il poursuit\u00a0: \u00ab\u00a0Quand j\u2019entends aujourd\u2019hui qu\u2019on peut \u00e9ventuellement l\u00e9galiser le cannabis, j\u2019aimerais juste vous dire que dans les cures de drogue, en premi\u00e8re place c\u2019est l\u2019alcool, en second ce n\u2019est pas la coca\u00efne, mais c\u2019est le cannabis. \u00c7a fait des ravages. Entre 10\u00a0et 16\u00a0ans, \u00e7a te br\u00fble les neurones.\u00a0\u00bb<\/p>\n<p class=\"asset asset-text\">\u00ab\u00a0Matthieu, demain tu seras avec nous, lui annonce Cyril Hanouna. Tu nous raconteras tout. La seule info qu\u2019on va donner ce soir, c\u2019est que tu vas nous rejoindre dans cette nouvelle aventure.\u00a0\u00bb La surprise devant cette \u00ab\u00a0info\u00a0\u00bb d\u00e9passe les pr\u00e9c\u00e9dents judiciaires de Matthieu Delormeau. Difficile, en effet, d\u2019oublier la relation pass\u00e9e entre les deux hommes.<\/p>\n<p class=\"asset asset-text\">Apr\u00e8s avoir publi\u00e9 une enqu\u00eate sur les coulisses de Touche pas \u00e0 mon poste, Mediapart a diffus\u00e9, au mois de mars dernier, <a href=\"https:\/\/www.huffingtonpost.fr\/medias\/article\/mediapart-devoile-l-extrait-des-menaces-de-cyril-hanouna-envers-matthieu-delormeau_247745.html\" target=\"_blank\" rel=\"noopener\">un enregistrement<\/a> dans lequel on pouvait notamment entendre Cyril Hanouna menacer de mort son ancien chroniqueur pendant une coupure de publicit\u00e9.<\/p>\n<p>    \u00ab\u00a0Le seul que j\u2019ai d\u00e9truit, c\u2019est moi\u00a0\u00bb    <\/p>\n<p class=\"asset asset-text\">\u00ab\u00a0Je te le dis, on n\u2019est pas chez ta m\u00e8re\u00a0\u00bb, lance le pr\u00e9sentateur dans la bande-son qu\u2019un dirigeant de H2O &#8211; qui produisait TPMPT &#8211; a essay\u00e9 \u00ab\u00a0d\u2019\u00e9touffer\u00a0\u00bb, selon\u00a0Mediapart. \u00ab\u00a0Ma m\u00e8re est morte\u00a0\u00bb, r\u00e9torque l\u2019autre. \u00ab\u00a0Ni chez ton p\u00e8re, rebondit alors l\u2019animateur. Je te le dis une fois, je ne te le dis pas deux fois.\u00a0On est dans la rue, tous les deux comme \u00e7a, je te mets en sang.\u00a0\u00bb<\/p>\n<p> La lecture de ce contenu est susceptible d\u2019entra\u00eener un d\u00e9p\u00f4t de cookies de la part de l\u2019op\u00e9rateur tiers qui l\u2019h\u00e9berge. Compte-tenu des choix que vous avez exprim\u00e9s en mati\u00e8re de d\u00e9p\u00f4t de cookies, nous avons bloqu\u00e9 l\u2019affichage de ce contenu. Si vous souhaitez y acc\u00e9der, vous devez accepter la cat\u00e9gorie de cookies \u201cContenus tiers\u201d en cliquant sur le bouton ci-dessous. <\/p>\n<p> Lire la Vid\u00e9o        <\/p>\n<p class=\"asset asset-text\">Tandis que Matthieu Delormeau explique se sentir \u00ab\u00a0touch\u00e9\u00a0\u00bb par les remarques du pr\u00e9sentateur, ce dernier le recale imm\u00e9diatement\u00a0: \u00ab\u00a0Arr\u00eate de dire qu\u2019on ne peut rien dire. Arr\u00eate\u00a0! Arr\u00eate\u00a0! Arr\u00eate\u00a0! Je te le dis. Je te l\u2019ai dit une fois, je te l\u2019ai dit deux fois, je ne te le dirai pas trois fois\u00a0\u00bb. Quand l\u2019\u00e9mission reprend, Matthieu Delormeau s\u2019excuse en larmes.<\/p>\n<p class=\"asset asset-text\">Depuis, de l\u2019eau a coul\u00e9 sous les ponts. Dans le premier num\u00e9ro de TBT9, Cyril Hanouna loue les louanges de son chroniqueur, \u00ab\u00a0un talent exceptionnel\u00a0quoi qu\u2019il arrive\u00a0\u00bb, selon lui. Matthieu Delormeau, lui, montre patte blanche. \u00ab\u00a0J\u2019ai fait des b\u00eatises, mais je n\u2019ai jamais mis quelqu\u2019un d\u2019autre que moi en danger, a-t-il assur\u00e9, exhortant \u00e0 ne pas \u00eatre compar\u00e9 \u00e0 Pierre Palmade. Le seul que j\u2019ai d\u00e9truit, c\u2019est moi.\u00a0\u00bb<\/p>\n<p class=\"asset asset-text\">Quand l\u2019\u00e9mission se termine, Cyril Hanouna reprend le micro, conclut et annonce son invit\u00e9 du lendemain\u00a0: Patrick S\u00e9bastien. Souvent pr\u00e9sent sur le plateau de Touche pas \u00e0 mon poste \u00e0 l\u2019\u00e9poque, ce dernier s\u2019est distingu\u00e9 cet \u00e9t\u00e9 en acceptant sur sc\u00e8ne une fellation, qu\u2019il dit avoir \u00e9t\u00e9 \u00ab\u00a0mim\u00e9e\u00a0\u00bb, lors d\u2019un concert dans un camping naturiste en pr\u00e9sence d\u2019enfants.<\/p>\n","protected":false},"excerpt":{"rendered":"Capture d\u2019\u00e9cran W9 Cyril Hanouna et Matthieu Delormeau, ici au mois de septembre 2025\u00a0dans \u00ab\u00a0Tout beau tout n9uf\u00a0\u00bb&hellip;\n","protected":false},"author":2,"featured_media":360679,"comment_status":"","ping_status":"","sticky":false,"template":"","format":"standard","meta":{"footnotes":""},"categories":[8],"tags":[251,1083,58,59,1011,27,7830,500,2395],"class_list":{"0":"post-360678","1":"post","2":"type-post","3":"status-publish","4":"format-standard","5":"has-post-thumbnail","7":"category-divertissement","8":"tag-culture","9":"tag-cyril-hanouna","10":"tag-divertissement","11":"tag-entertainment","12":"tag-fr","13":"tag-france","14":"tag-matthieu-delormeau","15":"tag-medias","16":"tag-w9"},"share_on_mastodon":{"url":"https:\/\/pubeurope.com\/@fr\/115134553534372610","error":""},"_links":{"self":[{"href":"https:\/\/www.europesays.com\/fr\/wp-json\/wp\/v2\/posts\/360678","targetHints":{"allow":["GET"]}}],"collection":[{"href":"https:\/\/www.europesays.com\/fr\/wp-json\/wp\/v2\/posts"}],"about":[{"href":"https:\/\/www.europesays.com\/fr\/wp-json\/wp\/v2\/types\/post"}],"author":[{"embeddable":true,"href":"https:\/\/www.europesays.com\/fr\/wp-json\/wp\/v2\/users\/2"}],"replies":[{"embeddable":true,"href":"https:\/\/www.europesays.com\/fr\/wp-json\/wp\/v2\/comments?post=360678"}],"version-history":[{"count":0,"href":"https:\/\/www.europesays.com\/fr\/wp-json\/wp\/v2\/posts\/360678\/revisions"}],"wp:featuredmedia":[{"embeddable":true,"href":"https:\/\/www.europesays.com\/fr\/wp-json\/wp\/v2\/media\/360679"}],"wp:attachment":[{"href":"https:\/\/www.europesays.com\/fr\/wp-json\/wp\/v2\/media?parent=360678"}],"wp:term":[{"taxonomy":"category","embeddable":true,"href":"https:\/\/www.europesays.com\/fr\/wp-json\/wp\/v2\/categories?post=360678"},{"taxonomy":"post_tag","embeddable":true,"href":"https:\/\/www.europesays.com\/fr\/wp-json\/wp\/v2\/tags?post=360678"}],"curies":[{"name":"wp","href":"https:\/\/api.w.org\/{rel}","templated":true}]}}