{"id":360689,"date":"2025-09-02T11:55:11","date_gmt":"2025-09-02T11:55:11","guid":{"rendered":"https:\/\/www.europesays.com\/fr\/360689\/"},"modified":"2025-09-02T11:55:11","modified_gmt":"2025-09-02T11:55:11","slug":"saint-etienne-ivre-il-emprunte-un-sens-interdit-et-se-trouve-nez-a-nez-avec-la-police","status":"publish","type":"post","link":"https:\/\/www.europesays.com\/fr\/360689\/","title":{"rendered":"Saint-\u00c9tienne. Ivre, il emprunte un sens interdit et se trouve nez \u00e0 nez avec la police"},"content":{"rendered":"<p>Dimanche matin vers 8\u00a0h\u00a040, un automobiliste circulait dans le quartier du Clapier et a emprunt\u00e9 l\u2019avenue Augustin-Dupr\u00e9 en sens interdit. Manque de chance, il s\u2019est retrouv\u00e9 nez \u00e0 nez avec une voiture\u2026 de la police municipale.<\/p>\n<p>En voulant \u00e9viter le v\u00e9hicule, il a perdu le contr\u00f4le, est mont\u00e9 sur un trottoir et a percut\u00e9 des v\u00e9hicules en stationnement. Heureusement l\u2019accident n\u2019a pas caus\u00e9 de bless\u00e9 et il a aussit\u00f4t fait l\u2019objet d\u2019une interpellation.<\/p>\n<p>  1,1\u00a0g d\u2019alcool dans le sang<\/p>\n<p>Le d\u00e9pistage d\u2019alcool\u00e9mie a r\u00e9v\u00e9l\u00e9 qu\u2019il conduisait avec un taux de 1,1 gramme par litre de sang. Accessoirement, il n\u2019avait plus son permis de conduire\u2026<\/p>\n<p>Il s\u2019agit d\u2019un jeune homme de 25 ans demeurant dans le sud de la France. Au terme de sa garde \u00e0 vue, il a \u00e9t\u00e9 remis en libert\u00e9 avec une convocation devant le tribunal correctionnel pour conduite en \u00e9tat d\u2019alcool\u00e9mie, sans permis et d\u00e9faut de ma\u00eetrise.<\/p>\n","protected":false},"excerpt":{"rendered":"Dimanche matin vers 8\u00a0h\u00a040, un automobiliste circulait dans le quartier du Clapier et a emprunt\u00e9 l\u2019avenue Augustin-Dupr\u00e9 en&hellip;\n","protected":false},"author":2,"featured_media":360690,"comment_status":"","ping_status":"","sticky":false,"template":"","format":"standard","meta":{"footnotes":""},"categories":[9653],"tags":[1111,11,2430,271,272,7539,1777,674,274,1011,27,3367,12,25,4001,7538],"class_list":{"0":"post-360689","1":"post","2":"type-post","3":"status-publish","4":"format-standard","5":"has-post-thumbnail","7":"category-saint-etienne","8":"tag-actu","9":"tag-actualites","10":"tag-auvergne-rhone-alpes","11":"tag-crime","12":"tag-delit-et-contravention","13":"tag-edition-loire-sud","14":"tag-eu","15":"tag-europe","16":"tag-faits-divers-justice","17":"tag-fr","18":"tag-france","19":"tag-loire","20":"tag-news","21":"tag-republique-francaise","22":"tag-saint-etienne","23":"tag-saint-etienne-ville"},"share_on_mastodon":{"url":"https:\/\/pubeurope.com\/@fr\/115134577043303278","error":""},"_links":{"self":[{"href":"https:\/\/www.europesays.com\/fr\/wp-json\/wp\/v2\/posts\/360689","targetHints":{"allow":["GET"]}}],"collection":[{"href":"https:\/\/www.europesays.com\/fr\/wp-json\/wp\/v2\/posts"}],"about":[{"href":"https:\/\/www.europesays.com\/fr\/wp-json\/wp\/v2\/types\/post"}],"author":[{"embeddable":true,"href":"https:\/\/www.europesays.com\/fr\/wp-json\/wp\/v2\/users\/2"}],"replies":[{"embeddable":true,"href":"https:\/\/www.europesays.com\/fr\/wp-json\/wp\/v2\/comments?post=360689"}],"version-history":[{"count":0,"href":"https:\/\/www.europesays.com\/fr\/wp-json\/wp\/v2\/posts\/360689\/revisions"}],"wp:featuredmedia":[{"embeddable":true,"href":"https:\/\/www.europesays.com\/fr\/wp-json\/wp\/v2\/media\/360690"}],"wp:attachment":[{"href":"https:\/\/www.europesays.com\/fr\/wp-json\/wp\/v2\/media?parent=360689"}],"wp:term":[{"taxonomy":"category","embeddable":true,"href":"https:\/\/www.europesays.com\/fr\/wp-json\/wp\/v2\/categories?post=360689"},{"taxonomy":"post_tag","embeddable":true,"href":"https:\/\/www.europesays.com\/fr\/wp-json\/wp\/v2\/tags?post=360689"}],"curies":[{"name":"wp","href":"https:\/\/api.w.org\/{rel}","templated":true}]}}