{"id":360691,"date":"2025-09-02T11:56:21","date_gmt":"2025-09-02T11:56:21","guid":{"rendered":"https:\/\/www.europesays.com\/fr\/360691\/"},"modified":"2025-09-02T11:56:21","modified_gmt":"2025-09-02T11:56:21","slug":"saint-etienne-apres-un-an-de-travaux-la-piscine-grouchy-rouvre-ce-mercredi","status":"publish","type":"post","link":"https:\/\/www.europesays.com\/fr\/360691\/","title":{"rendered":"Saint-\u00c9tienne : apr\u00e8s un an de travaux, la piscine Grouchy rouvre ce mercredi"},"content":{"rendered":"<p>Apr\u00e8s douze mois de travaux et plus de trois millions d&rsquo;euros investis, la piscine Grouchy, situ\u00e9e rue Bergson, \u00e0 Saint-\u00c9tienne, rouvre au public, ce mercredi 3 septembre.<\/p>\n<p>Bonne nouvelle pour les St\u00e9phanois : <a class=\"url\" href=\"https:\/\/www.saint-etienne.fr\/les-piscines-stephanoises\" target=\"_blank\" rel=\"noopener\">la plus ancienne piscine de la ville<\/a> rouvre ses portes ce mercredi.<\/p>\n<p>La piscine municipale <b>Grouchy<\/b>, lanc\u00e9e en <b>1970<\/b>, \u00e9tait ferm\u00e9e depuis plus d&rsquo;un an pour <a class=\"url\" href=\"https:\/\/www.radioscoop.com\/infos\/saint-etienne-quelles-nouveautes-pour-la-piscine-grouchy-qui-rouvre-bientot_330478\" target=\"_blank\" rel=\"noopener\">un grand chantier de r\u00e9novation<\/a>.<\/p>\n<p>\u00c0 l&rsquo;int\u00e9rieur, le <b>grand bassin<\/b>, qui \u00e9tait tr\u00e8s endommag\u00e9 et g\u00e9n\u00e9rait des fuites d&rsquo;eau importantes, a \u00e9t\u00e9 <b>totalement reconstruit<\/b>. \u00ab\u00a0Les travaux ont permis \u00e9galement la <b>r\u00e9paration de la charpente m\u00e9tallique<\/b>  de la halle bassin ainsi que la r\u00e9novation des installations de <b>traitement d&rsquo;air<\/b>\u00ab\u00a0, d\u00e9taille la Ville.<\/p>\n<p>Enfin, \u00ab\u00a0les <b>vestiaires <\/b>et le <b>hall d&rsquo;accueil<\/b> ont \u00e9t\u00e9 remis en peinture et tous les <b>luminaires <\/b>remplac\u00e9s par un \u00e9clairage LED, plus \u00e9conome en mati\u00e8re d&rsquo;\u00e9nergie\u00a0\u00bb.<\/p>\n<p>Pour cette r\u00e9novation \u00ab\u00a0quasi-totale\u00a0\u00bb, la premi\u00e8re depuis la cr\u00e9ation de la piscine, <b>3,3 millions d&rsquo;euros<\/b> ont \u00e9t\u00e9 investis.<\/p>\n<p>La piscine Raymond-Sommet ferm\u00e9e pendant trois semaines<\/p>\n<p>Pour rappel, la piscine Grouchy enregistre, en moyenne, <b>92.500 entr\u00e9es par an<\/b> : \u00ab\u00a037.500 du grand public, 25.000 scolaires, et 30\u00a0000 adh\u00e9rents des clubs et associations dont le Saint-Etienne Handisport tr\u00e8s pr\u00e9sent sur cette piscine\u00a0\u00bb, pr\u00e9cise la municipalit\u00e9. Ajouter \u00e0 cela les 34 cours hebdomadaires dispens\u00e9s par l&rsquo;\u00e9cole de natation municipale.<\/p>\n<p>Apr\u00e8s la fermeture de la piscine de Villeb\u0153uf en 2023, quatre piscines sont d\u00e9sormais op\u00e9rationnelles sur Saint-\u00c9tienne : <b>Grouchy<\/b>, <b>Pierre-Poty<\/b>, <b>Yves-Nayme<\/b> et <b>Raymond-Sommet<\/b>. Cette derni\u00e8re, seule ouverte cet \u00e9t\u00e9, est ferm\u00e9e <b>jusqu&rsquo;au 21 septembre<\/b> pour les op\u00e9rations d&rsquo;entretien et de maintenance.<\/p>\n<p><img loading=\"lazy\" decoding=\"async\" src=\"https:\/\/www.europesays.com\/fr\/wp-content\/uploads\/2025\/09\/1756814181_950_img\" width=\"350\" height=\"200\" border=\"0\" title=\"Quatre des douze sites d'Auvergne-Rh\u00c3\u00b4ne-Alpes retenus pour le Loto du patrimoine 2025.\"\/><\/p>\n<p>\u25baCulture<\/p>\n<p style=\"font-size: 22px;\"><b>Loto du patrimoine 2025 : 12 sites d&rsquo;Auvergne-Rh\u00f4ne-Alpes retenus<\/b><\/p>\n<p>La nouvelle \u00e9dition du Loto du patrimoine, port\u00e9e&#8230;<\/p>\n<p><\/p>\n","protected":false},"excerpt":{"rendered":"Apr\u00e8s douze mois de travaux et plus de trois millions d&rsquo;euros investis, la piscine Grouchy, situ\u00e9e rue Bergson,&hellip;\n","protected":false},"author":2,"featured_media":360692,"comment_status":"","ping_status":"","sticky":false,"template":"","format":"standard","meta":{"footnotes":""},"categories":[9653],"tags":[1111,11,2430,1777,674,1011,27,29840,12,5922,25,9920,4001,2086],"class_list":{"0":"post-360691","1":"post","2":"type-post","3":"status-publish","4":"format-standard","5":"has-post-thumbnail","7":"category-saint-etienne","8":"tag-actu","9":"tag-actualites","10":"tag-auvergne-rhone-alpes","11":"tag-eu","12":"tag-europe","13":"tag-fr","14":"tag-france","15":"tag-grouchy","16":"tag-news","17":"tag-piscine","18":"tag-republique-francaise","19":"tag-saint-tienne","20":"tag-saint-etienne","21":"tag-travaux"},"share_on_mastodon":{"url":"https:\/\/pubeurope.com\/@fr\/115134581051089886","error":""},"_links":{"self":[{"href":"https:\/\/www.europesays.com\/fr\/wp-json\/wp\/v2\/posts\/360691","targetHints":{"allow":["GET"]}}],"collection":[{"href":"https:\/\/www.europesays.com\/fr\/wp-json\/wp\/v2\/posts"}],"about":[{"href":"https:\/\/www.europesays.com\/fr\/wp-json\/wp\/v2\/types\/post"}],"author":[{"embeddable":true,"href":"https:\/\/www.europesays.com\/fr\/wp-json\/wp\/v2\/users\/2"}],"replies":[{"embeddable":true,"href":"https:\/\/www.europesays.com\/fr\/wp-json\/wp\/v2\/comments?post=360691"}],"version-history":[{"count":0,"href":"https:\/\/www.europesays.com\/fr\/wp-json\/wp\/v2\/posts\/360691\/revisions"}],"wp:featuredmedia":[{"embeddable":true,"href":"https:\/\/www.europesays.com\/fr\/wp-json\/wp\/v2\/media\/360692"}],"wp:attachment":[{"href":"https:\/\/www.europesays.com\/fr\/wp-json\/wp\/v2\/media?parent=360691"}],"wp:term":[{"taxonomy":"category","embeddable":true,"href":"https:\/\/www.europesays.com\/fr\/wp-json\/wp\/v2\/categories?post=360691"},{"taxonomy":"post_tag","embeddable":true,"href":"https:\/\/www.europesays.com\/fr\/wp-json\/wp\/v2\/tags?post=360691"}],"curies":[{"name":"wp","href":"https:\/\/api.w.org\/{rel}","templated":true}]}}