{"id":360695,"date":"2025-09-02T11:58:13","date_gmt":"2025-09-02T11:58:13","guid":{"rendered":"https:\/\/www.europesays.com\/fr\/360695\/"},"modified":"2025-09-02T11:58:13","modified_gmt":"2025-09-02T11:58:13","slug":"nancy-le-livre-sur-la-place-decerne-le-prix-stanislas-2025-a-agnes-gruda","status":"publish","type":"post","link":"https:\/\/www.europesays.com\/fr\/360695\/","title":{"rendered":"Nancy. Le Livre sur la Place d\u00e9cerne le Prix Stanislas 2025 \u00e0 Agn\u00e8s Gruda"},"content":{"rendered":"<p>Le jury du Prix Stanislas 2025 s&rsquo;\u00e9tait r\u00e9uni le 29 ao\u00fbt pour choisir le meilleur premier roman de cette rentr\u00e9e litt\u00e9raire. Autour du pr\u00e9sident, le journaliste et essayiste Kamel Daoud, le jury (compos\u00e9 de lecteurs salari\u00e9s de l&rsquo;entreprise Groupama et de professionnels du livre) avait \u00e0 choisir entre huit ouvrages en finale.<\/p>\n<p>Pour ce 10e prix, depuis 2016, c&rsquo;est Agn\u00e8s Gruda qui en sort laur\u00e9ate avec Ca finit quand, toujours ?\u00a0Un roman paru aux \u00e9ditions Les Equateurs.<\/p>\n<p>Agn\u00e8s Gruda a \u00e9crit une saga familiale sur plusieurs g\u00e9n\u00e9rations et continents. L&rsquo;histoire se m\u00eale \u00e0 l&rsquo;Histoire. Sont \u00e9voqu\u00e9es les probl\u00e9matiques de d\u00e9racinement, d&rsquo;identit\u00e9, de transformation, d&rsquo;amiti\u00e9.<\/p>\n<p>Ils refusent de devenir des \u00e9trangers les uns pour les autres<\/p>\n<p>Le r\u00e9sum\u00e9 : \u00ab\u00a0\u00c0 l\u2019aube des ann\u00e9es 1950, dans une maternit\u00e9 de Varsovie, deux femmes font connaissance. L\u2019une vient d\u2019accoucher d\u2019une fille, Ewa, l\u2019autre d\u2019un gar\u00e7on pr\u00e9nomm\u00e9 Adam. La co\u00efncidence, annonciatrice d&rsquo;un monde nouveau, les amuse et les rapproche. Autour de Nina et Pola se rassemblent bient\u00f4t quatre familles unies par les liens du sang, de l\u2019amiti\u00e9 ou du c\u0153ur. Mais les vieux d\u00e9mons, toujours pr\u00eats \u00e0 se r\u00e9veiller, dispersent la tribu aux quatre vents \u2013 en Europe d\u2019abord puis aux \u00c9tats-Unis, au Canada et en Isra\u00ebl. Enfants et adultes y trouveront de nouveaux horizons, de nouveaux r\u00eaves qui se briseront parfois. Ils changeront de langue et de pr\u00e9nom. Seront tent\u00e9s de revenir ou de prendre \u00e0 nouveau la route. Chacun vivra l\u2019exil diff\u00e9remment, selon sa terre d\u2019adoption, mais tous refuseront obstin\u00e9ment de devenir des \u00e9trangers les uns pour les autres.\u00a0\u00bb<\/p>\n<p>La mise en lumi\u00e8re de l&rsquo;auteure est aussi accompagn\u00e9e de l&rsquo;achat par Groupama de pr\u00e8s de 300 exemplaires.<\/p>\n<p class=\"note\">La remise du prix aura lieu le samedi 13 septembre \u00e0 11 h 30 au forum litt\u00e9raire Bernard Pivot, place de la Carri\u00e8re \u00e0 Nancy.<\/p>\n","protected":false},"excerpt":{"rendered":"Le jury du Prix Stanislas 2025 s&rsquo;\u00e9tait r\u00e9uni le 29 ao\u00fbt pour choisir le meilleur premier roman de&hellip;\n","protected":false},"author":2,"featured_media":360696,"comment_status":"","ping_status":"","sticky":false,"template":"","format":"standard","meta":{"footnotes":""},"categories":[9635],"tags":[1111,11,1704,1777,674,1011,27,775,22382,2410,1702,12,25],"class_list":{"0":"post-360695","1":"post","2":"type-post","3":"status-publish","4":"format-standard","5":"has-post-thumbnail","7":"category-nancy","8":"tag-actu","9":"tag-actualites","10":"tag-edition-nancy-et-agglomeration","11":"tag-eu","12":"tag-europe","13":"tag-fr","14":"tag-france","15":"tag-grand-est","16":"tag-le-livre-sur-la-place","17":"tag-livres-bd","18":"tag-nancy","19":"tag-news","20":"tag-republique-francaise"},"share_on_mastodon":{"url":"https:\/\/pubeurope.com\/@fr\/115134588769967968","error":""},"_links":{"self":[{"href":"https:\/\/www.europesays.com\/fr\/wp-json\/wp\/v2\/posts\/360695","targetHints":{"allow":["GET"]}}],"collection":[{"href":"https:\/\/www.europesays.com\/fr\/wp-json\/wp\/v2\/posts"}],"about":[{"href":"https:\/\/www.europesays.com\/fr\/wp-json\/wp\/v2\/types\/post"}],"author":[{"embeddable":true,"href":"https:\/\/www.europesays.com\/fr\/wp-json\/wp\/v2\/users\/2"}],"replies":[{"embeddable":true,"href":"https:\/\/www.europesays.com\/fr\/wp-json\/wp\/v2\/comments?post=360695"}],"version-history":[{"count":0,"href":"https:\/\/www.europesays.com\/fr\/wp-json\/wp\/v2\/posts\/360695\/revisions"}],"wp:featuredmedia":[{"embeddable":true,"href":"https:\/\/www.europesays.com\/fr\/wp-json\/wp\/v2\/media\/360696"}],"wp:attachment":[{"href":"https:\/\/www.europesays.com\/fr\/wp-json\/wp\/v2\/media?parent=360695"}],"wp:term":[{"taxonomy":"category","embeddable":true,"href":"https:\/\/www.europesays.com\/fr\/wp-json\/wp\/v2\/categories?post=360695"},{"taxonomy":"post_tag","embeddable":true,"href":"https:\/\/www.europesays.com\/fr\/wp-json\/wp\/v2\/tags?post=360695"}],"curies":[{"name":"wp","href":"https:\/\/api.w.org\/{rel}","templated":true}]}}