{"id":360703,"date":"2025-09-02T12:02:11","date_gmt":"2025-09-02T12:02:11","guid":{"rendered":"https:\/\/www.europesays.com\/fr\/360703\/"},"modified":"2025-09-02T12:02:11","modified_gmt":"2025-09-02T12:02:11","slug":"choc-frontal-lors-dun-depassement-defaut-de-permis-de-conduire-ce-que-lon-sait-sur-le-motard-grievement-blesse-ce-mardi-matin-a-montpellier","status":"publish","type":"post","link":"https:\/\/www.europesays.com\/fr\/360703\/","title":{"rendered":"Choc frontal lors d\u2019un d\u00e9passement, d\u00e9faut de permis de conduire\u00a0: ce que l\u2019on sait sur le motard gri\u00e8vement bless\u00e9 ce mardi matin \u00e0 Montpellier"},"content":{"rendered":"<p>\n                                                                Un grave accident de la circulation impliquant une moto et une voiture s\u2019est produit ce mardi 2\u00a0septembre avenue de la Libert\u00e9, \u00e0 Montpellier. On en sait davantage sur les circonstances du choc.\n                            <\/p>\n<p>Il \u00e9tait environ 6\u00a0h\u00a015 ce mardi 2\u00a0septembre quand <a href=\"https:\/\/www.midilibre.fr\/2025\/09\/02\/un-motard-grievement-blesse-apres-un-choc-violent-avec-une-voiture-a-montpellier-circulation-bloquee-avenue-de-la-liberte-12905745.php\" target=\"_blank\" rel=\"nofollow noopener\">une violente collision s\u2019est produite, avenue de la Libert\u00e9 \u00e0 Montpellier, entre une moto et une voiture<\/a>.<\/p>\n<p>Polytraumatis\u00e9<\/p>\n<p>Le pilote du deux-roues a \u00e9t\u00e9 tr\u00e8s gri\u00e8vement bless\u00e9 dans le choc. Polytraumatis\u00e9, ce jeune homme de 21 ans a \u00e9t\u00e9 pris en charge en urgence absolue par les sapeurs-pompiers. Selon les constatations de la police nationale, il circulait sans permis ni assurance.<\/p>\n<p>D\u2019apr\u00e8s les premiers \u00e9l\u00e9ments de l\u2019enqu\u00eate, l\u2019accident a eu lieu alors que le motard doublait deux v\u00e9hicules qui le pr\u00e9c\u00e9daient. Il a ensuite percut\u00e9 la voiture qui arrivait en sens inverse.<\/p>\n<p>L\u2019automobiliste \u00e9galement bless\u00e9<\/p>\n<p>Le conducteur de cette derni\u00e8re, \u00e2g\u00e9 de 34 ans, a \u00e9t\u00e9 victime d\u2019un traumatisme d\u00fb\u00a0\u00e0 la ceinture de s\u00e9curit\u00e9. Il a \u00e9t\u00e9 hospitalis\u00e9 pour subir des examens de contr\u00f4le.<\/p>\n<p>Les tests d\u2019alcool\u00e9mie se sont r\u00e9v\u00e9l\u00e9s n\u00e9gatifs pour le motard comme pour l\u2019automobiliste.<\/p>\n","protected":false},"excerpt":{"rendered":"Un grave accident de la circulation impliquant une moto et une voiture s\u2019est produit ce mardi 2\u00a0septembre avenue&hellip;\n","protected":false},"author":2,"featured_media":360704,"comment_status":"","ping_status":"","sticky":false,"template":"","format":"standard","meta":{"footnotes":""},"categories":[9599],"tags":[1111,11,1777,674,1011,27,2208,12,2680,25],"class_list":{"0":"post-360703","1":"post","2":"type-post","3":"status-publish","4":"format-standard","5":"has-post-thumbnail","7":"category-montpellier","8":"tag-actu","9":"tag-actualites","10":"tag-eu","11":"tag-europe","12":"tag-fr","13":"tag-france","14":"tag-montpellier","15":"tag-news","16":"tag-occitanie","17":"tag-republique-francaise"},"share_on_mastodon":{"url":"https:\/\/pubeurope.com\/@fr\/115134604425191452","error":""},"_links":{"self":[{"href":"https:\/\/www.europesays.com\/fr\/wp-json\/wp\/v2\/posts\/360703","targetHints":{"allow":["GET"]}}],"collection":[{"href":"https:\/\/www.europesays.com\/fr\/wp-json\/wp\/v2\/posts"}],"about":[{"href":"https:\/\/www.europesays.com\/fr\/wp-json\/wp\/v2\/types\/post"}],"author":[{"embeddable":true,"href":"https:\/\/www.europesays.com\/fr\/wp-json\/wp\/v2\/users\/2"}],"replies":[{"embeddable":true,"href":"https:\/\/www.europesays.com\/fr\/wp-json\/wp\/v2\/comments?post=360703"}],"version-history":[{"count":0,"href":"https:\/\/www.europesays.com\/fr\/wp-json\/wp\/v2\/posts\/360703\/revisions"}],"wp:featuredmedia":[{"embeddable":true,"href":"https:\/\/www.europesays.com\/fr\/wp-json\/wp\/v2\/media\/360704"}],"wp:attachment":[{"href":"https:\/\/www.europesays.com\/fr\/wp-json\/wp\/v2\/media?parent=360703"}],"wp:term":[{"taxonomy":"category","embeddable":true,"href":"https:\/\/www.europesays.com\/fr\/wp-json\/wp\/v2\/categories?post=360703"},{"taxonomy":"post_tag","embeddable":true,"href":"https:\/\/www.europesays.com\/fr\/wp-json\/wp\/v2\/tags?post=360703"}],"curies":[{"name":"wp","href":"https:\/\/api.w.org\/{rel}","templated":true}]}}