{"id":360722,"date":"2025-09-02T12:14:12","date_gmt":"2025-09-02T12:14:12","guid":{"rendered":"https:\/\/www.europesays.com\/fr\/360722\/"},"modified":"2025-09-02T12:14:12","modified_gmt":"2025-09-02T12:14:12","slug":"des-soirees-de-gala-uniques-a-la-cite-des-congres","status":"publish","type":"post","link":"https:\/\/www.europesays.com\/fr\/360722\/","title":{"rendered":"Des soir\u00e9es de gala uniques \u00e0 La Cit\u00e9 des Congr\u00e8s\u2009!\u00a0"},"content":{"rendered":"<p>\t\t\t\t\t\t\t\t\t<a class=\"post-transltation\" href=\"https:\/\/lacite-nantes.fr\/de-jules-verne-au-hellfest-des-soirees-de-gala-uniques-a-la-cite-des-congres-1383188.html\" rel=\"nofollow noopener\" target=\"_blank\">This page is also available in English <img decoding=\"async\" src=\"data:image\/svg+xml,%3Csvg%20xmlns=\" http:=\"\" alt=\"English\" data-lazy-src=\"https:\/\/www.europesays.com\/fr\/wp-content\/uploads\/2025\/04\/gb.png\"\/><\/a><\/p>\n<blockquote class=\"wp-block-quote is-layout-flow wp-block-quote-is-layout-flow\">\n<p>V\u00e9ritable <strong>temps fort<\/strong> d\u2019un \u00e9v\u00e9nement, la soir\u00e9e de gala se distingue d\u2019un d\u00eener classique par le soin apport\u00e9 aux animations, \u00e0 la d\u00e9coration, \u00e0 l\u2019ambiance et au choix d\u2019un th\u00e8me. La Cit\u00e9 dispose de tous les atouts pour organiser des soir\u00e9es de gala m\u00e9morables\u202f: ses espaces modulables \u2014 grande halle, mezzanine\u2026 \u2014 s\u2019adaptent \u00e0 toutes les ambiances, pour des \u00e9v\u00e9nements de 200 \u00e0 2000\u202fparticipants.\u00a0\u00a0<\/p>\n<p><strong><strong><strong><strong><strong>Changer de d\u00e9cor sans changer de lieu\u202f: des espaces m\u00e9tamorphos\u00e9s\u00a0<\/strong>\u00a0<\/strong><\/strong><\/strong><\/strong>\n<\/p><\/blockquote>\n<p>R\u00e9cemment, une entreprise du secteur bancaire a offert \u00e0 ses clients une soir\u00e9e autour des arts du cirque, avec un spectacle de tissu a\u00e9rien\u2009; une autre a termin\u00e9 en beaut\u00e9 un \u00e9v\u00e9nement organis\u00e9 \u00e0 l\u2019occasion de ses 45\u202fans par une grande soir\u00e9e ann\u00e9es\u202f80.<br \/> \u00ab\u2009Les entreprises appr\u00e9cient de pouvoir organiser leur soir\u00e9e de gala sur le lieu m\u00eame de l\u2019\u00e9v\u00e9nement, tout en changeant de d\u00e9cor\u2009\u00bb, souligne <a href=\"https:\/\/www.linkedin.com\/in\/julien-leriche-b47123ab\/\" rel=\"nofollow noopener\" target=\"_blank\">Julien Leriche, responsable du service d\u00e9veloppement et partenariats.<\/a> \u00abLes convives s\u2019\u00e9pargnent ainsi les transferts d\u2019un site \u00e0 un autre et peuvent rejoindre leur h\u00f4tel \u00e0 pied gr\u00e2ce \u00e0 notre implantation en c\u0153ur de ville\u2009\u00bb.\u00a0<\/p>\n<p><strong><strong><strong><strong><strong>De Jules Verne au Hellfest, des concepts de soir\u00e9es uniques\u00a0<\/strong>\u00a0<\/strong>\u00a0<\/strong><\/strong><\/strong><\/p>\n<p>Si La Cit\u00e9 s\u2019adapte \u00e0 tous les styles de soir\u00e9e de gala, elle innove aussi avec deux concepts de soir\u00e9es cl\u00e9s en main, qui refl\u00e8tent la cr\u00e9ativit\u00e9 nantaise\u202f: la Hellfire Party et la soir\u00e9e Jules Verne. Avec ses concours d\u2019air guitar, ses stands de tatouage \u00e9ph\u00e9m\u00e8re, sa street food et ses goodies typ\u00e9s, la Hellfire Party reprend tous les codes du Hellfest, l\u2019embl\u00e9matique festival de metal organis\u00e9 chaque ann\u00e9e pr\u00e8s de Nantes. Sur sc\u00e8ne, une programmation rock, orchestr\u00e9e par Hellfest Production, vient \u00e9lectriser l\u2019ambiance pour une soir\u00e9e de gala r\u00e9solument d\u00e9cal\u00e9e et survolt\u00e9e.\u00a0<\/p>\n<\/p>\n<p>Loin des flammes de l\u2019enfer, la soir\u00e9e Jules Verne embarque les convives dans un univers onirique et fantastique. Du spectacle au menu, cette soir\u00e9e inspir\u00e9e des aventures extraordinaires de l\u2019\u00e9crivain visionnaire fait la part belle \u00e0 l\u2019imagination et au voyage. Ce n\u2019est pas un hasard si un congr\u00e8s scientifique international en a fait le clou de son \u00e9v\u00e9nement. \u00a0<\/p>\n<p><img fetchpriority=\"high\" decoding=\"async\" width=\"1000\" height=\"668\" data-id=\"1384007\" src=\"data:image\/svg+xml,%3Csvg%20xmlns=\" http:=\"\" alt=\"\" class=\"wp-image-1384007\" data-lazy- data-lazy- data-lazy-src=\"https:\/\/www.europesays.com\/fr\/wp-content\/uploads\/2025\/09\/Garnier\u00a9La-Cite-Lysa-2018-12.jpg\"\/><\/p>\n<p><strong>Ambiance rock ou fantastique, votre soir\u00e9e de gala marquera assur\u00e9ment les esprits\u2009!\u00a0<\/strong><\/p>\n","protected":false},"excerpt":{"rendered":"This page is also available in English V\u00e9ritable temps fort d\u2019un \u00e9v\u00e9nement, la soir\u00e9e de gala se distingue&hellip;\n","protected":false},"author":2,"featured_media":360723,"comment_status":"","ping_status":"","sticky":false,"template":"","format":"standard","meta":{"footnotes":""},"categories":[2818],"tags":[1111,11,1777,674,1011,27,766,12,2636,25],"class_list":{"0":"post-360722","1":"post","2":"type-post","3":"status-publish","4":"format-standard","5":"has-post-thumbnail","7":"category-nantes","8":"tag-actu","9":"tag-actualites","10":"tag-eu","11":"tag-europe","12":"tag-fr","13":"tag-france","14":"tag-nantes","15":"tag-news","16":"tag-pays-de-la-loire","17":"tag-republique-francaise"},"share_on_mastodon":{"url":"https:\/\/pubeurope.com\/@fr\/115134651744653442","error":""},"_links":{"self":[{"href":"https:\/\/www.europesays.com\/fr\/wp-json\/wp\/v2\/posts\/360722","targetHints":{"allow":["GET"]}}],"collection":[{"href":"https:\/\/www.europesays.com\/fr\/wp-json\/wp\/v2\/posts"}],"about":[{"href":"https:\/\/www.europesays.com\/fr\/wp-json\/wp\/v2\/types\/post"}],"author":[{"embeddable":true,"href":"https:\/\/www.europesays.com\/fr\/wp-json\/wp\/v2\/users\/2"}],"replies":[{"embeddable":true,"href":"https:\/\/www.europesays.com\/fr\/wp-json\/wp\/v2\/comments?post=360722"}],"version-history":[{"count":0,"href":"https:\/\/www.europesays.com\/fr\/wp-json\/wp\/v2\/posts\/360722\/revisions"}],"wp:featuredmedia":[{"embeddable":true,"href":"https:\/\/www.europesays.com\/fr\/wp-json\/wp\/v2\/media\/360723"}],"wp:attachment":[{"href":"https:\/\/www.europesays.com\/fr\/wp-json\/wp\/v2\/media?parent=360722"}],"wp:term":[{"taxonomy":"category","embeddable":true,"href":"https:\/\/www.europesays.com\/fr\/wp-json\/wp\/v2\/categories?post=360722"},{"taxonomy":"post_tag","embeddable":true,"href":"https:\/\/www.europesays.com\/fr\/wp-json\/wp\/v2\/tags?post=360722"}],"curies":[{"name":"wp","href":"https:\/\/api.w.org\/{rel}","templated":true}]}}