{"id":360740,"date":"2025-09-02T12:23:10","date_gmt":"2025-09-02T12:23:10","guid":{"rendered":"https:\/\/www.europesays.com\/fr\/360740\/"},"modified":"2025-09-02T12:23:10","modified_gmt":"2025-09-02T12:23:10","slug":"benoit-payan-bannit-cet-aliment-des-cantines","status":"publish","type":"post","link":"https:\/\/www.europesays.com\/fr\/360740\/","title":{"rendered":"Beno\u00eet Payan bannit cet aliment des cantines"},"content":{"rendered":"<p>            Par<br \/>\n        <strong><br \/>\n            <a href=\"https:\/\/actu.fr\/auteur\/fabien-binacchi\" title=\"Consulter tous les articles de Fabien Binacchi\" target=\"_blank\" rel=\"noopener\">Fabien Binacchi<\/a><br \/>\n        <\/strong><\/p>\n<p>        Publi\u00e9 le<\/p>\n<p>            2 sept. 2025 \u00e0 14h04        <\/p>\n<p>Apr\u00e8s Paris et Lyon notamment, <a href=\"https:\/\/actu.fr\/marseille\/\" target=\"_blank\" rel=\"noopener\">Marseille<\/a> annonce \u00e0 son tour <strong>bannir, au moins temporairement, le thon dans les menus des cantines scolaires<\/strong> de la ville. Le maire <a href=\"https:\/\/actu.fr\/tag\/benoit-payan\" target=\"_blank\" rel=\"noopener\">Beno\u00eet Payan<\/a> a confi\u00e9 sa d\u00e9cision \u00e0 actu Marseille ce mardi 2\u00a0septembre, en marge d\u2019un d\u00e9placement organis\u00e9 dans l\u2019\u00e9cole de la Pointe rouge, \u00e0 l\u2019occasion de la rentr\u00e9e.<\/p>\n<p>\u00ab\u2009N\u00e9faste pour la sant\u00e9\u2009\u00bb<\/p>\n<p class=\" wall-content\">\u00ab\u2009On vient de le supprimer de la cantine. On a de plus en plus d\u2019\u00e9tudes scientifiques qui nous disent que le thon est porteur de <strong>m\u00e9taux lourds<\/strong> et n\u00e9fastes pour la sant\u00e9. On ne veut prendre aucun risque pour les petits Marseillais\u2009\u00bb, a indiqu\u00e9 l\u2019\u00e9lu DVG.<\/p>\n<p class=\" wall-content\">La cit\u00e9 phoc\u00e9enne rejoint plusieurs municipalit\u00e9s qui ont pris la m\u00eame d\u00e9cision ces derniers jours. Elles embo\u00eetent toutes le pas \u00e0 <strong>huit mairies, dont celles de Paris et Lyon,<\/strong> qui annon\u00e7aient, d\u00e8s le 28\u00a0ao\u00fbt dans une d\u00e9claration commune, avoir banni ce poisson pour \u00ab\u2009faire cesser l\u2019exposition des enfants au mercure\u2009\u00bb, neurotoxique.<\/p>\n<p>Une \u00e9tude d\u2019octobre\u00a02024<\/p>\n<p class=\" wall-content\">C\u2019est une \u00e9tude men\u00e9e par deux ONG qui avait lanc\u00e9 l\u2019alerte en octobre\u00a02024. Bloom et Foodwatch avaient fait tester al\u00e9atoirement 148 bo\u00eetes de thon en conserve par un laboratoire ind\u00e9pendant et constat\u00e9 que <strong>100\u2009% d\u2019entre elles \u00e9taient contamin\u00e9es<\/strong> au mercure. Un m\u00e9tal class\u00e9 parmi les dix substances les plus pr\u00e9occupantes pour la sant\u00e9 publique par l\u2019Organisation mondiale de la sant\u00e9 (OMS).<\/p>\n<p>Le calcul utilis\u00e9<\/p>\n<p>Selon Bloom, pour plus d&rsquo;une bo\u00eete sur deux test\u00e9e, la teneur en mercure d\u00e9passe la limite maximale fix\u00e9e pour d&rsquo;autres esp\u00e8ces de poissons comme le cabillaud ou les anchois, soit 0,3mg\/kg. Pour le thon, la limite a \u00e9t\u00e9 fix\u00e9e \u00e0 1mg\/kg, mais ce seuil est calcul\u00e9 sur le \u00ab\u00a0produit frais\u00a0\u00bb. Or selon les calculs de l&rsquo;ONG, cela revient \u00e0 une teneur d&rsquo;environ 2,7mg\/kg dans la conserve, car le mercure est plus concentr\u00e9 une fois le produit d\u00e9shydrat\u00e9.<\/p>\n<p class=\" wall-content\">Des r\u00e9sultats <strong>alarmants<\/strong> et qui n\u2019avaient pas \u00e9t\u00e9 suivis d\u2019effet jusque-l\u00e0.<\/p>\n<p class=\" wall-content\">Les communes indiquent donc avoir pris cette mesure pour prot\u00e9ger les \u00ab\u2009premi\u00e8res victimes de cette norme \u00e9tablie sans prendre en compte la sant\u00e9 des consommateurs\u2009\u00bb, c\u2019est-\u00e0-dire les plus petits qui \u00ab\u2009peuvent tr\u00e8s vite d\u00e9passer <strong>la dose hebdomadaire tol\u00e9rable<\/strong>\u2009\u00bb. Celle-ci serait d\u00e9j\u00e0 d\u00e9pass\u00e9e pour un enfant de 3 ou 4 ans s\u2019il mange 100 grammes de thon contenant 2,7mg\/kg.<\/p>\n<p>Votre r\u00e9gion, votre actu !<\/p>\n<p>Recevez chaque jour les infos qui comptent pour vous.<\/p>\n<p>\t<a href=\"https:\/\/actu.fr\/newsletter\" class=\"ac-btn ac-btn--corner ac-btn--medium ac-btn--blue800\" target=\"_blank\" rel=\"noopener\">S&rsquo;incrire<\/a><br \/>\nLa r\u00e9ponse de la profession<\/p>\n<p class=\" wall-content\">Dans un communiqu\u00e9, la F\u00e9d\u00e9ration des industries d\u2019aliments conserv\u00e9s avait de son c\u00f4t\u00e9 estim\u00e9 que <strong>\u00ab\u2009les entreprises respectent la r\u00e9glementation en vigueur\u2009\u00bb<\/strong> et qu\u2019\u00ab\u2009aucun produit mis sur le march\u00e9 ne d\u00e9passe le seuil r\u00e9glementaire de 1\u00a0mg\/kg\u2009\u00bb.<\/p>\n<p class=\" wall-content\">Selon elle, \u00ab\u2009tous les r\u00e9sultats des contr\u00f4les des huit derni\u00e8res ann\u00e9es\u2009\u00bb montrent \u00ab\u2009des taux constat\u00e9s en moyenne <strong>trois fois inf\u00e9rieurs<\/strong> au seuil r\u00e9glementaire\u2009\u00bb.<\/p>\n<p class=\" wall-content\"><strong>Avec Thibault Nadal<\/strong><\/p>\n<p class=\" wall-content\">Personnalisez votre actualit\u00e9 en ajoutant vos villes et m\u00e9dias en favori avec <a href=\"https:\/\/moncompte.actu.fr\" title=\"D\u00e9couvez Mon Actu\" rel=\"nofollow noopener\" data-trk=\"{&quot;cta&quot;:{&quot;action&quot;:&quot;https:\\\/\\\/moncompte.actu.fr&quot;,&quot;category&quot;:&quot;mon compte&quot;,&quot;from&quot;:&quot;article footer&quot;,&quot;name&quot;:&quot;Mon actu&quot;,&quot;type&quot;:&quot;cta&quot;}}\" target=\"_blank\">Mon Actu<\/a>.<\/p>\n","protected":false},"excerpt":{"rendered":"Par Fabien Binacchi Publi\u00e9 le 2 sept. 2025 \u00e0 14h04 Apr\u00e8s Paris et Lyon notamment, Marseille annonce \u00e0&hellip;\n","protected":false},"author":2,"featured_media":360741,"comment_status":"","ping_status":"","sticky":false,"template":"","format":"standard","meta":{"footnotes":""},"categories":[2814],"tags":[1111,11,6469,4019,1719,1777,674,1011,27,884,12,882,25,104],"class_list":{"0":"post-360740","1":"post","2":"type-post","3":"status-publish","4":"format-standard","5":"has-post-thumbnail","7":"category-marseille","8":"tag-actu","9":"tag-actualites","10":"tag-benoit-payan","11":"tag-ecoles","12":"tag-enfants","13":"tag-eu","14":"tag-europe","15":"tag-fr","16":"tag-france","17":"tag-marseille","18":"tag-news","19":"tag-provence-alpes-cote-dazur","20":"tag-republique-francaise","21":"tag-societe"},"share_on_mastodon":{"url":"https:\/\/pubeurope.com\/@fr\/115134687141710413","error":""},"_links":{"self":[{"href":"https:\/\/www.europesays.com\/fr\/wp-json\/wp\/v2\/posts\/360740","targetHints":{"allow":["GET"]}}],"collection":[{"href":"https:\/\/www.europesays.com\/fr\/wp-json\/wp\/v2\/posts"}],"about":[{"href":"https:\/\/www.europesays.com\/fr\/wp-json\/wp\/v2\/types\/post"}],"author":[{"embeddable":true,"href":"https:\/\/www.europesays.com\/fr\/wp-json\/wp\/v2\/users\/2"}],"replies":[{"embeddable":true,"href":"https:\/\/www.europesays.com\/fr\/wp-json\/wp\/v2\/comments?post=360740"}],"version-history":[{"count":0,"href":"https:\/\/www.europesays.com\/fr\/wp-json\/wp\/v2\/posts\/360740\/revisions"}],"wp:featuredmedia":[{"embeddable":true,"href":"https:\/\/www.europesays.com\/fr\/wp-json\/wp\/v2\/media\/360741"}],"wp:attachment":[{"href":"https:\/\/www.europesays.com\/fr\/wp-json\/wp\/v2\/media?parent=360740"}],"wp:term":[{"taxonomy":"category","embeddable":true,"href":"https:\/\/www.europesays.com\/fr\/wp-json\/wp\/v2\/categories?post=360740"},{"taxonomy":"post_tag","embeddable":true,"href":"https:\/\/www.europesays.com\/fr\/wp-json\/wp\/v2\/tags?post=360740"}],"curies":[{"name":"wp","href":"https:\/\/api.w.org\/{rel}","templated":true}]}}