{"id":360742,"date":"2025-09-02T12:24:12","date_gmt":"2025-09-02T12:24:12","guid":{"rendered":"https:\/\/www.europesays.com\/fr\/360742\/"},"modified":"2025-09-02T12:24:12","modified_gmt":"2025-09-02T12:24:12","slug":"rhone-a-lyon-avec-la-loi-plm-les-prochaines-elections-municipales-pourraient-reserver-quelques-surprises","status":"publish","type":"post","link":"https:\/\/www.europesays.com\/fr\/360742\/","title":{"rendered":"Rh\u00f4ne. \u00c0 Lyon, avec la loi PLM, les prochaines \u00e9lections municipales pourraient r\u00e9server quelques surprises"},"content":{"rendered":"<p>                            Clart\u00e9<\/p>\n<p>Avant la r\u00e9forme de la loi Paris Lyon Marseille (PLM) du 11\u00a0ao\u00fbt 2025, applicable aux prochaines \u00e9lections municipales des 15 et 22\u00a0mars 2026, les 73 conseillers municipaux \u00e9taient \u00e9lus par arrondissements. Ils figuraient au d\u00e9but des listes concoct\u00e9es par les partis politiques, suivis des conseillers d\u2019arrondissement sans que l\u2019\u00e9lecteur ne puisse v\u00e9ritablement \u00e9tablir la fronti\u00e8re entre eux, le sort des uns et des autres d\u00e9pendant du score obtenu par chaque liste. Tout juste savait-on que leur nombre diff\u00e9rait selon l\u2019arrondissement, index\u00e9 sur la population.<\/p>\n<p>La loi organise d\u00e9sormais deux scrutins \u00e0 la place d\u2019un seul.\u00a0Dans chaque bureau de vote, on trouvera donc une urne pour \u00e9lire les conseillers municipaux et une autre pour \u00e9lire les conseillers de votre arrondissement dont le nombre varie en fonction de sa&#8230;<\/p>\n","protected":false},"excerpt":{"rendered":"Clart\u00e9 Avant la r\u00e9forme de la loi Paris Lyon Marseille (PLM) du 11\u00a0ao\u00fbt 2025, applicable aux prochaines \u00e9lections&hellip;\n","protected":false},"author":2,"featured_media":360743,"comment_status":"","ping_status":"","sticky":false,"template":"","format":"standard","meta":{"footnotes":""},"categories":[1889],"tags":[1111,11,2430,1984,2757,4188,1777,674,1011,27,2428,2756,12,316,25,2429],"class_list":{"0":"post-360742","1":"post","2":"type-post","3":"status-publish","4":"format-standard","5":"has-post-thumbnail","7":"category-lyon","8":"tag-actu","9":"tag-actualites","10":"tag-auvergne-rhone-alpes","11":"tag-conseil-municipal","12":"tag-edition-lyon-villeurbanne","13":"tag-elections-municipales","14":"tag-eu","15":"tag-europe","16":"tag-fr","17":"tag-france","18":"tag-lyon","19":"tag-lyon-bassin","20":"tag-news","21":"tag-politique","22":"tag-republique-francaise","23":"tag-rhone"},"share_on_mastodon":{"url":"https:\/\/pubeurope.com\/@fr\/115134691048058738","error":""},"_links":{"self":[{"href":"https:\/\/www.europesays.com\/fr\/wp-json\/wp\/v2\/posts\/360742","targetHints":{"allow":["GET"]}}],"collection":[{"href":"https:\/\/www.europesays.com\/fr\/wp-json\/wp\/v2\/posts"}],"about":[{"href":"https:\/\/www.europesays.com\/fr\/wp-json\/wp\/v2\/types\/post"}],"author":[{"embeddable":true,"href":"https:\/\/www.europesays.com\/fr\/wp-json\/wp\/v2\/users\/2"}],"replies":[{"embeddable":true,"href":"https:\/\/www.europesays.com\/fr\/wp-json\/wp\/v2\/comments?post=360742"}],"version-history":[{"count":0,"href":"https:\/\/www.europesays.com\/fr\/wp-json\/wp\/v2\/posts\/360742\/revisions"}],"wp:featuredmedia":[{"embeddable":true,"href":"https:\/\/www.europesays.com\/fr\/wp-json\/wp\/v2\/media\/360743"}],"wp:attachment":[{"href":"https:\/\/www.europesays.com\/fr\/wp-json\/wp\/v2\/media?parent=360742"}],"wp:term":[{"taxonomy":"category","embeddable":true,"href":"https:\/\/www.europesays.com\/fr\/wp-json\/wp\/v2\/categories?post=360742"},{"taxonomy":"post_tag","embeddable":true,"href":"https:\/\/www.europesays.com\/fr\/wp-json\/wp\/v2\/tags?post=360742"}],"curies":[{"name":"wp","href":"https:\/\/api.w.org\/{rel}","templated":true}]}}