{"id":360759,"date":"2025-09-02T12:34:11","date_gmt":"2025-09-02T12:34:11","guid":{"rendered":"https:\/\/www.europesays.com\/fr\/360759\/"},"modified":"2025-09-02T12:34:11","modified_gmt":"2025-09-02T12:34:11","slug":"transferts-de-donnees-ue-etats-unis-une-remise-en-cause-sur-le-cadre-legal-aux-airs-de-deja-vu","status":"publish","type":"post","link":"https:\/\/www.europesays.com\/fr\/360759\/","title":{"rendered":"Transferts de donn\u00e9es UE-\u00c9tats-Unis : une remise en cause sur le cadre l\u00e9gal aux airs de d\u00e9j\u00e0-vu"},"content":{"rendered":"<p>Une nouvelle incertitude plane sur les transferts de donn\u00e9es entre l\u2019Union europ\u00e9enne et les \u00c9tats-Unis. Le tribunal de l\u2019UE se prononce mercredi 3 septembre sur le recours du d\u00e9put\u00e9 fran\u00e7ais Philippe Latombe contre le dernier accord europ\u00e9en sur la protection de la vie priv\u00e9e.<\/p>\n<p>Le cadre UE-\u00c9tats-Unis de protection des donn\u00e9es (DPF), en vigueur depuis juillet 2023, est actuellement en cause. Ce cadre l\u00e9gal permet \u00e0 des milliers d\u2019entreprises am\u00e9ricaines de traiter plus facilement les donn\u00e9es personnelles des Europ\u00e9ens, en partant du principe que les donn\u00e9es transf\u00e9r\u00e9es aux \u00c9tats-Unis sont prot\u00e9g\u00e9es d\u2019une mani\u00e8re \u00e9quivalente aux normes de l\u2019UE en mati\u00e8re de protection de la vie priv\u00e9e.<\/p>\n<p>Malgr\u00e9 l\u2019application de la l\u00e9gislation, <a href=\"https:\/\/noyb.eu\/en\/new-us-executive-order-unlikely-satisfy-eu-law\" target=\"_blank\" rel=\"noopener nofollow\">les d\u00e9fenseurs de la vie priv\u00e9e<\/a> l\u2019ont critiqu\u00e9e d\u00e8s le d\u00e9part, avertissant qu\u2019elle exposait encore les Europ\u00e9ens aux lois de surveillance am\u00e9ricaines.<\/p>\n<p>Les pr\u00e9d\u00e9cesseurs du DPF, le Safe Harbour et le Privacy Shield, ont \u00e9t\u00e9 <a href=\"https:\/\/www.euractiv.fr\/section\/economy-jobs\/news\/eu-us-data-transfers-at-critical-risk-as-ecj-invalidates-privacy-shield\/\" target=\"_blank\" rel=\"noopener nofollow\">invalid\u00e9s<\/a> en 2015 et 2020, respectivement dans les affaires Schrems I et Schrems II, nomm\u00e9es d\u2019apr\u00e8s Max Schrems. Cet avocat et militant de la protection de la vie priv\u00e9e avait initialement port\u00e9 plainte, mais il s\u2019est abstenu cette fois-ci. C\u2019est le d\u00e9put\u00e9 fran\u00e7ais Philippe Latombe qui a pris le relais et conteste le cadre actuel, l\u2019estimant tout aussi mauvais.<\/p>\n<p>Philippe Latombe demande purement et simplement l\u2019annulation du DPF, s\u2019inqui\u00e9tant du volume de donn\u00e9es personnelles concern\u00e9es, de la faiblesse des m\u00e9canismes de recours, de l\u2019absence de r\u00e8gles sur la prise de d\u00e9cision automatis\u00e9e et de l\u2019insuffisance des garanties en mati\u00e8re de s\u00e9curit\u00e9 des donn\u00e9es. Selon lui, la l\u00e9gislation am\u00e9ricaine ne pr\u00e9voit que de vagues mesures et n\u2019impose pas d\u2019obligations claires aux organisations qui transf\u00e8rent des donn\u00e9es.<\/p>\n<p>Si les juges estiment que le recours du d\u00e9put\u00e9 fran\u00e7ais n\u2019est pas recevable, l\u2019affaire pourrait \u00eatre rejet\u00e9e mercredi matin. Mais si la Cour re\u00e7oit favorablement sa requ\u00eate, elle <a href=\"https:\/\/www.euractiv.com\/section\/tech\/news\/french-mp-latombe-could-become-schrems-iii-despite-procedural-hurdles\/\" target=\"_blank\" rel=\"noopener nofollow\">pourrait<\/a> \u00e9valuer la validit\u00e9 du DPF et \u00e9ventuellement l\u2019annuler.<\/p>\n<p>Dans les affaires Schrems I et II, l\u2019un des arguments qui a convaincu les juges \u00e9tait l\u2019absence de contr\u00f4le ind\u00e9pendant pour garantir la confidentialit\u00e9 des transferts de donn\u00e9es. Cette question a refait surface depuis le retour de Donald Trump \u00e0 la Maison-Blanche, o\u00f9 il a <a href=\"https:\/\/www.euractiv.com\/section\/tech\/news\/deafening-commission-silence-with-no-credible-eu-us-data-oversight-left\/\" target=\"_blank\" rel=\"noopener nofollow\">\u00e9cart\u00e9<\/a> des d\u00e9mocrates des organes charg\u00e9s de la protection de la vie priv\u00e9e et du pouvoir judiciaire, suscitant des doutes quant \u00e0 leur autonomie.<\/p>\n<p>Des relations UE-\u00c9tats-Unis fragiles<\/p>\n<p>Si le tribunal de l\u2019UE annule le DPF, les transferts de donn\u00e9es entre l\u2019UE et les \u00c9tats-Unis seront \u00e0 nouveau entach\u00e9s de risques juridiques, de co\u00fbts de mise en conformit\u00e9 plus \u00e9lev\u00e9s et d\u2019une plus grande incertitude pour les entreprises.<\/p>\n<p>Toutefois, cette fois-ci, cette issue famili\u00e8re n\u2019est pas la seule source d\u2019inqui\u00e9tude.<\/p>\n<p>En 2015 et en 2020, Bruxelles et Washington ont rapidement cherch\u00e9 des solutions de remplacement apr\u00e8s l\u2019annulation des versions pr\u00e9c\u00e9dentes de l\u2019accord. Aujourd\u2019hui, cependant, les relations sont au plus bas. Depuis que Donald Trump a repris ses fonctions en janvier, son administration a multipli\u00e9 les <a href=\"https:\/\/www.euractiv.com\/section\/politics\/news\/gaza-is-primary-focus-of-the-eu-commission-say-four-top-officials\/\" target=\"_blank\" rel=\"noopener nofollow\">attaques<\/a> contre l\u2019UE, critiquant ses lois sur la technologie et affirmant que celles-ci sont hostiles aux entreprises am\u00e9ricaines.<\/p>\n<p>En cette p\u00e9riode de tension entre l\u2019UE et les \u00c9tats-Unis, les vents g\u00e9opolitiques soufflent dans la direction de \u00ab\u2009la souverainet\u00e9 des donn\u00e9es, de la r\u00e9silience domestique et de la comp\u00e9titivit\u00e9 mondiale, et non du mondialisme et de la coop\u00e9ration internationale\u2009\u00bb, a remarqu\u00e9 pour Euractiv Joe Jones, directeur de la recherche et des perspectives \u00e0 l\u2019Association internationale des professionnels de la vie priv\u00e9e.<\/p>\n<p>L\u2019ind\u00e9pendance des organes de contr\u00f4le am\u00e9ricains \u00e9tant remise en question, la Commission europ\u00e9enne est rest\u00e9e <a href=\"https:\/\/www.euractiv.fr\/section\/economy-jobs\/news\/eu-us-data-transfers-at-critical-risk-as-ecj-invalidates-privacy-shield\/\" target=\"_blank\" rel=\"noopener nofollow\">silencieuse<\/a> sur la validit\u00e9 de l\u2019accord au lieu de soutenir publiquement le cadre en place. Interrog\u00e9e sur l\u2019existence de plans d\u2019urgence au cas o\u00f9 le cadre actuel tomberait, la Commission a refus\u00e9 de sp\u00e9culer.<\/p>\n<p>L\u2019arr\u00eat de mercredi sera rendu par le Tribunal de premi\u00e8re instance. Quel que soit le verdict, il peut faire l\u2019objet d\u2019un recours devant la Cour de justice de l\u2019UE, une proc\u00e9dure qui pourrait donc encore durer des ann\u00e9es.<\/p>\n<p>(sn)<\/p>\n","protected":false},"excerpt":{"rendered":"Une nouvelle incertitude plane sur les transferts de donn\u00e9es entre l\u2019Union europ\u00e9enne et les \u00c9tats-Unis. Le tribunal de&hellip;\n","protected":false},"author":2,"featured_media":360760,"comment_status":"","ping_status":"","sticky":false,"template":"","format":"standard","meta":{"footnotes":""},"categories":[1589],"tags":[11,73,1866,12,1864,1865,1863,308],"class_list":{"0":"post-360759","1":"post","2":"type-post","3":"status-publish","4":"format-standard","5":"has-post-thumbnail","7":"category-etats-unis","8":"tag-actualites","9":"tag-etats-unis","10":"tag-etats-unis-damerique","11":"tag-news","12":"tag-united-states","13":"tag-united-states-of-america","14":"tag-us","15":"tag-usa"},"share_on_mastodon":{"url":"https:\/\/pubeurope.com\/@fr\/115134730217277991","error":""},"_links":{"self":[{"href":"https:\/\/www.europesays.com\/fr\/wp-json\/wp\/v2\/posts\/360759","targetHints":{"allow":["GET"]}}],"collection":[{"href":"https:\/\/www.europesays.com\/fr\/wp-json\/wp\/v2\/posts"}],"about":[{"href":"https:\/\/www.europesays.com\/fr\/wp-json\/wp\/v2\/types\/post"}],"author":[{"embeddable":true,"href":"https:\/\/www.europesays.com\/fr\/wp-json\/wp\/v2\/users\/2"}],"replies":[{"embeddable":true,"href":"https:\/\/www.europesays.com\/fr\/wp-json\/wp\/v2\/comments?post=360759"}],"version-history":[{"count":0,"href":"https:\/\/www.europesays.com\/fr\/wp-json\/wp\/v2\/posts\/360759\/revisions"}],"wp:featuredmedia":[{"embeddable":true,"href":"https:\/\/www.europesays.com\/fr\/wp-json\/wp\/v2\/media\/360760"}],"wp:attachment":[{"href":"https:\/\/www.europesays.com\/fr\/wp-json\/wp\/v2\/media?parent=360759"}],"wp:term":[{"taxonomy":"category","embeddable":true,"href":"https:\/\/www.europesays.com\/fr\/wp-json\/wp\/v2\/categories?post=360759"},{"taxonomy":"post_tag","embeddable":true,"href":"https:\/\/www.europesays.com\/fr\/wp-json\/wp\/v2\/tags?post=360759"}],"curies":[{"name":"wp","href":"https:\/\/api.w.org\/{rel}","templated":true}]}}