{"id":360763,"date":"2025-09-02T12:36:10","date_gmt":"2025-09-02T12:36:10","guid":{"rendered":"https:\/\/www.europesays.com\/fr\/360763\/"},"modified":"2025-09-02T12:36:10","modified_gmt":"2025-09-02T12:36:10","slug":"les-demandes-de-raccordement-pour-batteries-depassent-500-gw-en-allemagne","status":"publish","type":"post","link":"https:\/\/www.europesays.com\/fr\/360763\/","title":{"rendered":"Les demandes de raccordement pour batteries d\u00e9passent 500 GW en Allemagne"},"content":{"rendered":"<p>\n\t\t\t\t\tLes op\u00e9rateurs de r\u00e9seau allemands font face \u00e0 une explosion de demandes de raccordement pour des syst\u00e8mes de stockage par batterie, aliment\u00e9e par une proc\u00e9dure d\u2019approbation jug\u00e9e d\u00e9faillante.\t\t\t\t<\/p>\n<p>Les demandes de raccordement au r\u00e9seau pour des syst\u00e8mes de stockage d\u2019\u00e9nergie par batterie en Allemagne ont d\u00e9pass\u00e9 500 GW, selon les derni\u00e8res donn\u00e9es de la plateforme Regelleistung-Online. Ce chiffre refl\u00e8te une accumulation croissante d\u2019intentions de projets, port\u00e9e non pas par une vague d\u2019investissements matures, mais par une logique de d\u00e9p\u00f4t anticip\u00e9 encourag\u00e9e par le syst\u00e8me d\u2019approbation actuel.<\/p>\n<p>Un d\u00e9s\u00e9quilibre marqu\u00e9 entre les op\u00e9rateurs<\/p>\n<p>Parmi les quatre gestionnaires de r\u00e9seau de transport (GRT) du pays, les zones couvertes par 50 Hertz et Amprion concentrent l\u2019essentiel des demandes, avec respectivement 103 GW et 86 GW. Tennet suit avec 52 GW, tandis que Transnet BW reste largement en retrait avec 18 GW. Ces 259 GW recens\u00e9s par les GRT s\u2019ajoutent aux 211,5 GW enregistr\u00e9s par trois op\u00e9rateurs de r\u00e9seau de distribution (GRD) : Edis, Westnetz et Mitnetz. Le total exc\u00e8de d\u00e9sormais 470,5 GW pour ces seules entit\u00e9s, tandis que l\u2019Allemagne compte environ 800 GRD au total.<\/p>\n<p>Un syst\u00e8me d\u2019approbation critiqu\u00e9 par les acteurs<\/p>\n<p>La plateforme Regelleistung-Online attribue cette accumulation \u00e0 un syst\u00e8me bas\u00e9 sur le principe du \u00ab premier arriv\u00e9, premier servi \u00bb, sans \u00e9valuation pr\u00e9alable rigoureuse ni crit\u00e8res de s\u00e9lection align\u00e9s sur la maturit\u00e9 des projets. Les d\u00e9veloppeurs de projets comme les gestionnaires de r\u00e9seau estiment que cette m\u00e9thode accro\u00eet l\u2019incertitude juridique et surcharge les capacit\u00e9s d\u2019analyse technique.<\/p>\n<p>\u00ab Les plus de 500 GW de demandes ne refl\u00e8tent pas un v\u00e9ritable essor du march\u00e9, mais les failles d\u2019un syst\u00e8me d\u2019approbation mal calibr\u00e9 \u00bb, a d\u00e9clar\u00e9 la plateforme. Elle pr\u00e9conise la mise en place d\u2019un processus centralis\u00e9 et digitalis\u00e9, avec des frais de r\u00e9servation, des d\u00e9lais encadr\u00e9s, et des incitations tarifaires pour une exploitation compatible avec les contraintes du r\u00e9seau.<\/p>\n<p>Des r\u00e9formes structurelles encore absentes<\/p>\n<p>\u00c0 ce jour, aucune r\u00e9forme r\u00e9glementaire d\u2019envergure n\u2019est pr\u00e9vue. Certains gestionnaires de r\u00e9seau, comme 50 Hertz, tentent d\u2019\u00e9valuer eux-m\u00eames la faisabilit\u00e9 des projets re\u00e7us afin de filtrer les propositions non viables. Des listes d\u2019attente et des crit\u00e8res de tri tels que la maturit\u00e9 technique ou l\u2019utilit\u00e9 pour le syst\u00e8me sont envisag\u00e9s pour rationaliser le traitement des demandes.<\/p>\n<p>Regelleistung-Online propose \u00e9galement de g\u00e9n\u00e9raliser la facturation r\u00e9troactive des frais de r\u00e9servation et de favoriser les projets par le biais d\u2019ench\u00e8res de capacit\u00e9 fond\u00e9es sur des crit\u00e8res de pertinence. Une telle \u00e9volution permettrait de d\u00e9sengorger le syst\u00e8me tout en recentrant l\u2019effort industriel sur les initiatives pr\u00eates \u00e0 entrer en phase op\u00e9rationnelle.<\/p>\n","protected":false},"excerpt":{"rendered":"Les op\u00e9rateurs de r\u00e9seau allemands font face \u00e0 une explosion de demandes de raccordement pour des syst\u00e8mes de&hellip;\n","protected":false},"author":2,"featured_media":360764,"comment_status":"","ping_status":"","sticky":false,"template":"","format":"standard","meta":{"footnotes":""},"categories":[1587],"tags":[11,672,1804,1805,1803,1777,674,1801,12,1802],"class_list":{"0":"post-360763","1":"post","2":"type-post","3":"status-publish","4":"format-standard","5":"has-post-thumbnail","7":"category-allemagne","8":"tag-actualites","9":"tag-allemagne","10":"tag-bundesrepublik-deutschland","11":"tag-de","12":"tag-deutschland","13":"tag-eu","14":"tag-europe","15":"tag-germany","16":"tag-news","17":"tag-republique-federale-dallemagne"},"share_on_mastodon":{"url":"https:\/\/pubeurope.com\/@fr\/115134738408949149","error":""},"_links":{"self":[{"href":"https:\/\/www.europesays.com\/fr\/wp-json\/wp\/v2\/posts\/360763","targetHints":{"allow":["GET"]}}],"collection":[{"href":"https:\/\/www.europesays.com\/fr\/wp-json\/wp\/v2\/posts"}],"about":[{"href":"https:\/\/www.europesays.com\/fr\/wp-json\/wp\/v2\/types\/post"}],"author":[{"embeddable":true,"href":"https:\/\/www.europesays.com\/fr\/wp-json\/wp\/v2\/users\/2"}],"replies":[{"embeddable":true,"href":"https:\/\/www.europesays.com\/fr\/wp-json\/wp\/v2\/comments?post=360763"}],"version-history":[{"count":0,"href":"https:\/\/www.europesays.com\/fr\/wp-json\/wp\/v2\/posts\/360763\/revisions"}],"wp:featuredmedia":[{"embeddable":true,"href":"https:\/\/www.europesays.com\/fr\/wp-json\/wp\/v2\/media\/360764"}],"wp:attachment":[{"href":"https:\/\/www.europesays.com\/fr\/wp-json\/wp\/v2\/media?parent=360763"}],"wp:term":[{"taxonomy":"category","embeddable":true,"href":"https:\/\/www.europesays.com\/fr\/wp-json\/wp\/v2\/categories?post=360763"},{"taxonomy":"post_tag","embeddable":true,"href":"https:\/\/www.europesays.com\/fr\/wp-json\/wp\/v2\/tags?post=360763"}],"curies":[{"name":"wp","href":"https:\/\/api.w.org\/{rel}","templated":true}]}}