{"id":360776,"date":"2025-09-02T12:44:13","date_gmt":"2025-09-02T12:44:13","guid":{"rendered":"https:\/\/www.europesays.com\/fr\/360776\/"},"modified":"2025-09-02T12:44:13","modified_gmt":"2025-09-02T12:44:13","slug":"que-devient-yannick-jauzion","status":"publish","type":"post","link":"https:\/\/www.europesays.com\/fr\/360776\/","title":{"rendered":"Que devient Yannick Jauzion ?"},"content":{"rendered":"<p>Du terrain \u00e0 la reconversion<\/p>\n<p data-start=\"123\" data-end=\"199\">Yannick Jauzion a raccroche les crampons en Juin 2013 \u00e0 l\u2019age de 34 apr\u00e8s plus de 300 matchs avec Toulouse et 73 capes. Il a \u00e9t\u00e9 deux fois Champions d\u2019Europe et trois fois champions de France avec le Stade toulousain et a remport\u00e9 3 tournoi du 6 nations avec les bleus. Il s\u2019est impos\u00e9 comme l\u2019un des meilleurs centres du monde dans les ann\u00e9es 2000. Il poss\u00e8de un bagage d\u2019ing\u00e9nieur agronome durant sa carri\u00e8re qui lui sera bien utile pour lancer sa reconversion.<\/p>\n<\/p>\n<p>Une passion : le ginseng bioNouveau ! Recevez la newsletter Rugby Transfert 1 fois par mois !<\/p>\n<ul data-start=\"320\" data-end=\"643\">\n<li data-start=\"320\" data-end=\"398\">\n<p data-start=\"322\" data-end=\"398\">Il est aujourd\u2019hui <strong data-start=\"19\" data-end=\"50\">pr\u00e9sident de <a href=\"https:\/\/www.linkedin.com\/company\/france-ginseng\/\" target=\"_blank\" rel=\"noopener nofollow\">France\u2011Ginseng<\/a><\/strong> (\u00e9galement connu sous le nom des Jardins d\u2019Occitanie) via le site <a href=\"https:\/\/lanaturothequefrancaise.fr\/\" target=\"_blank\" rel=\"noopener nofollow\">lanaturothequefrancaise.fr<\/a>, un pionnier de la culture de ginseng bio en France, la seule entreprise du genre implant\u00e9e en Occitanie.<\/p>\n<\/li>\n<li data-start=\"399\" data-end=\"477\">\n<p data-start=\"401\" data-end=\"477\">L\u2019entreprise cultive cette plante m\u00e9dicinale dans des fermes solaires, sur 13\u202fha, notamment \u00e0 Seysses, Rion-des-Landes et Sorde-l\u2019Abbaye.<\/p>\n<\/li>\n<li data-start=\"478\" data-end=\"560\">\n<p data-start=\"480\" data-end=\"560\">Il explique que le ginseng est un \u00ab\u00a0stimulant naturel utile aux sportifs pour la lucidit\u00e9, l\u2019immunit\u00e9 et la forme\u00a0\u00bb un produit qu\u2019il consommait d\u00e9j\u00e0 durant sa carri\u00e8re .<\/p>\n<\/li>\n<li data-start=\"561\" data-end=\"643\">\n<p data-start=\"563\" data-end=\"643\">Ses produits (compl\u00e9ments, infusions) sont distribu\u00e9s dans une soixantaine de pharmacies et magasins sp\u00e9cialis\u00e9s .<\/p>\n<\/li>\n<\/ul>\n<p>\u00a0Courtage en assurances<\/p>\n<ul data-start=\"679\" data-end=\"761\">\n<li data-start=\"679\" data-end=\"761\">\n<p data-start=\"681\" data-end=\"761\">En parall\u00e8le, depuis 2014, il co-dirige <strong data-start=\"40\" data-end=\"64\">Excellium Assurances<\/strong>, un cabinet de courtage sp\u00e9cialis\u00e9 dans la protection des entreprises, notamment agricoles et viticoles, projet lanc\u00e9 avec J\u00e9r\u00f4me Fernandez, ancien capitaine de l\u2019\u00e9quipe de France de Handball.<\/p>\n<\/li>\n<\/ul>\n<p>Diversification agricole<\/p>\n<ul data-start=\"799\" data-end=\"964\">\n<li data-start=\"799\" data-end=\"881\">\n<p data-start=\"801\" data-end=\"881\">H\u00e9ritier d\u2019un \u00e9levage de brebis familial, il a repris la ferme de ses parents dans le Tarn .<\/p>\n<\/li>\n<li data-start=\"882\" data-end=\"964\">\n<p data-start=\"884\" data-end=\"964\">Il a \u00e9galement lanc\u00e9 une activit\u00e9 de <strong data-start=\"37\" data-end=\"58\">production de vin<\/strong>, en compl\u00e9ment de son engagement dans l\u2019agriculture locale.<\/p>\n<\/li>\n<\/ul>\n<p>\u00a0Engagement r\u00e9gional &amp; rural<\/p>\n<ul data-start=\"1005\" data-end=\"1253\">\n<li data-start=\"1005\" data-end=\"1087\">\n<p data-start=\"1007\" data-end=\"1087\">En 2021, il est \u00e9lu <strong data-start=\"20\" data-end=\"55\">conseiller r\u00e9gional d\u2019Occitanie<\/strong> sur la liste de Carole Delga, en position \u00e9ligible, avec l\u2019envie de s\u2019impliquer localement \u00ab dans l\u2019action territoriale, pas l\u2019id\u00e9ologie \u00bb .<\/p>\n<\/li>\n<li data-start=\"1088\" data-end=\"1170\">\n<p data-start=\"1090\" data-end=\"1170\">Il est impliqu\u00e9 dans la formation de jeunes \u00e9ducateurs sportifs au CFA de Cunac, affirmant qu\u2019il \u201cdonne un coup de main\u201d \u00e0 la jeunesse locale.<\/p>\n<\/li>\n<li data-start=\"1171\" data-end=\"1253\">\n<p data-start=\"1173\" data-end=\"1253\">Fid\u00e8le \u00e0 ses racines, il est aussi revenu en 2022 aupr\u00e8s de son club formateur, le SC\u202fGraulhet, en tant que consultant technique sur la formation.<\/p>\n<\/li>\n<\/ul>\n<p>\u00a0\u00c9pisode judiciaire 2024<\/p>\n<ul data-start=\"1292\" data-end=\"1374\">\n<li data-start=\"1292\" data-end=\"1374\">\n<p data-start=\"1294\" data-end=\"1374\">En 2024, La D\u00e9p\u00eache r\u00e9v\u00e8le qu\u2019il a \u00e9t\u00e9 <strong data-start=\"39\" data-end=\"68\">victime d\u2019une escroquerie<\/strong> entre 2015 et 2022, pour un montant estim\u00e9 \u00e0 300 000\u202f\u20ac, via un faux plan financier .<\/p>\n<\/li>\n<\/ul>\n<p>Cartographie des soci\u00e9t\u00e9s de Yannick Jauzion<\/p>\n<p><img loading=\"lazy\" decoding=\"async\" class=\"alignnone size-large wp-image-207935\" data-class=\"LazyLoad\" src=\"https:\/\/www.europesays.com\/fr\/wp-content\/uploads\/2025\/09\/Yannick-Jauzion-Cartographie-et-finances-des-societes-1024x617.png\" alt=\"Yannick Jauzion Cartographie et finances des societes\" width=\"640\" height=\"386\" title=\"Que devient Yannick Jauzion ?\"  \/><\/p>\n<tr data-start=\"1397\" data-end=\"1443\">\nDomaine<br \/>\nActivit\u00e9s actuelles<br \/>\n<\/tr>\n<tr data-start=\"1492\" data-end=\"1567\">\n<td data-start=\"1492\" data-end=\"1515\" data-col-size=\"sm\">Agricole<\/td>\n<td data-start=\"1515\" data-end=\"1567\" data-col-size=\"md\">\u00c9levage de brebis, culture vinicole, ginseng bio<\/td>\n<\/tr>\n<tr data-start=\"1568\" data-end=\"1644\">\n<td data-start=\"1568\" data-end=\"1591\" data-col-size=\"sm\">Entrepreneuriat<\/td>\n<td data-start=\"1591\" data-end=\"1644\" data-col-size=\"md\">France-Ginseng (agri-sant\u00e9), Excellium Assurances<\/td>\n<\/tr>\n<tr data-start=\"1645\" data-end=\"1718\">\n<td data-start=\"1645\" data-end=\"1668\" data-col-size=\"sm\">Engagement public<\/td>\n<td data-start=\"1668\" data-end=\"1718\" data-col-size=\"md\">Conseil r\u00e9gional d\u2019Occitanie, formation locale<\/td>\n<\/tr>\n<tr data-start=\"1719\" data-end=\"1786\">\n<td data-start=\"1719\" data-end=\"1742\" data-col-size=\"sm\">Rugby<\/td>\n<td data-start=\"1742\" data-end=\"1786\" data-col-size=\"md\">Consultant\/coach b\u00e9n\u00e9vole au SC Graulhet<\/td>\n<\/tr>\n<p data-start=\"1788\" data-end=\"2066\">Yannick Jauzion joue d\u00e9sormais un r\u00f4le hybride\u202f: entrepreneur engag\u00e9 dans l\u2019\u00e9cologie agricole et la sant\u00e9 naturelle, \u00e9lu r\u00e9gional. Il fait aussi profiter les nouvelles g\u00e9n\u00e9rations de don expertise rugbystique. Un parfait prolongement de ses valeurs de robustesse, de discr\u00e9tion et d\u2019engagement, qu\u2019il d\u00e9montrait sur les terrains tout comme <a href=\"https:\/\/www.rugby-transferts.com\/vincent-clerc-que-devienne-il-207435\/\" rel=\"nofollow noopener\" target=\"_blank\">Vincent Clerc<\/a> et <a href=\"https:\/\/www.rugby-transferts.com\/que-devient-frederic-michalak-207701\/\" rel=\"nofollow noopener\" target=\"_blank\">Fred Michalak<\/a><\/p>\n<p><img loading=\"lazy\" decoding=\"async\" data-class=\"LazyLoad\" src=\"https:\/\/www.europesays.com\/fr\/wp-content\/uploads\/2025\/04\/image-1.jpg\" width=\"100\" height=\"100\" alt=\"image 1\" itemprop=\"image\" title=\"Que devient Yannick Jauzion ?\"\/><\/p>\n<p>Bruno Lancelle, n\u00e9 en 1986 \u00e0 La Seyne-sur-Mer (Var), aujourd\u2019hui Kin\u00e9sith\u00e9rapeute, est un ancien joueur\u00a0 de rugby \u00e0 XV qui \u00e9voluait au poste de demi d\u2019ouverture, pass\u00e9 par Toulon, Lyon, Provence Rugby, La Seyne-sur-Mer, US bressane, Lille et Hy\u00e8res.<\/p>\n","protected":false},"excerpt":{"rendered":"Du terrain \u00e0 la reconversion Yannick Jauzion a raccroche les crampons en Juin 2013 \u00e0 l\u2019age de 34&hellip;\n","protected":false},"author":2,"featured_media":360777,"comment_status":"","ping_status":"","sticky":false,"template":"","format":"standard","meta":{"footnotes":""},"categories":[1416],"tags":[1011,27,479,1468,60],"class_list":{"0":"post-360776","1":"post","2":"type-post","3":"status-publish","4":"format-standard","5":"has-post-thumbnail","7":"category-rugby","8":"tag-fr","9":"tag-france","10":"tag-rugby","11":"tag-rugby-football","12":"tag-sports"},"share_on_mastodon":{"url":"https:\/\/pubeurope.com\/@fr\/115134769727359711","error":""},"_links":{"self":[{"href":"https:\/\/www.europesays.com\/fr\/wp-json\/wp\/v2\/posts\/360776","targetHints":{"allow":["GET"]}}],"collection":[{"href":"https:\/\/www.europesays.com\/fr\/wp-json\/wp\/v2\/posts"}],"about":[{"href":"https:\/\/www.europesays.com\/fr\/wp-json\/wp\/v2\/types\/post"}],"author":[{"embeddable":true,"href":"https:\/\/www.europesays.com\/fr\/wp-json\/wp\/v2\/users\/2"}],"replies":[{"embeddable":true,"href":"https:\/\/www.europesays.com\/fr\/wp-json\/wp\/v2\/comments?post=360776"}],"version-history":[{"count":0,"href":"https:\/\/www.europesays.com\/fr\/wp-json\/wp\/v2\/posts\/360776\/revisions"}],"wp:featuredmedia":[{"embeddable":true,"href":"https:\/\/www.europesays.com\/fr\/wp-json\/wp\/v2\/media\/360777"}],"wp:attachment":[{"href":"https:\/\/www.europesays.com\/fr\/wp-json\/wp\/v2\/media?parent=360776"}],"wp:term":[{"taxonomy":"category","embeddable":true,"href":"https:\/\/www.europesays.com\/fr\/wp-json\/wp\/v2\/categories?post=360776"},{"taxonomy":"post_tag","embeddable":true,"href":"https:\/\/www.europesays.com\/fr\/wp-json\/wp\/v2\/tags?post=360776"}],"curies":[{"name":"wp","href":"https:\/\/api.w.org\/{rel}","templated":true}]}}