{"id":360788,"date":"2025-09-02T12:51:11","date_gmt":"2025-09-02T12:51:11","guid":{"rendered":"https:\/\/www.europesays.com\/fr\/360788\/"},"modified":"2025-09-02T12:51:11","modified_gmt":"2025-09-02T12:51:11","slug":"qui-est-thais-gauchkarian-la-nouvelle-recrue-de-cyril-hanouna-vivement-critiquee-sur-les-reseaux","status":"publish","type":"post","link":"https:\/\/www.europesays.com\/fr\/360788\/","title":{"rendered":"Qui est Tha\u00efs Gauchkarian, la nouvelle recrue de Cyril Hanouna, vivement critiqu\u00e9e sur les r\u00e9seaux ?"},"content":{"rendered":"<p>                             Par Benoit Narbonne<\/p>\n<p>                Le 2 septembre 2025 \u00e0 12h28<\/p>\n<p>    La nouvelle recrue r\u00e9alise une chronique sur les couples peoples<br \/>\n                Capture d&rsquo;\u00e9cran &#8211; W9<\/p>\n<p>Dans le premier num\u00e9ro de \u00abTout beau tout n9uf\u00bb propos\u00e9 lundi soir sur W9, le passage de cette influenceuse en fin d\u2019\u00e9mission a \u00e9t\u00e9 particuli\u00e8rement remarqu\u00e9.<\/p>\n<p class=\"fig-paragraph\">Il n\u2019aura fallu que tr\u00e8s peu de temps, en derni\u00e8re partie d\u2019\u00e9mission, pour que la chroniqueuse people de la nouvelle \u00e9mission de\u00a0<a href=\"https:\/\/www.lefigaro.fr\/tag\/cyril-hanouna\" target=\"_blank\" rel=\"sponsored noopener nofollow\" data-gtm-custom-categorie=\"navigation\" data-gtm-custom-action=\"crossclick\" data-gtm-custom-label=\"Contextuel\" data-gtm-event=\"customEventSPE\">Cyril Hanouna<\/a>\u00a0se fasse remarquer. En charge de passer en revue les mariages de l\u2019\u00e9t\u00e9, <strong>Tha\u00efs Gauchkarian<\/strong> a marqu\u00e9 son passage dans \u00abTout beau tout n9uf\u00bb par quelques phrases au sous-entendu v\u00e9nal\u00a0: \u00ab Tant qu\u2019il est gentil et qu\u2019il a de l\u2019argent, moi \u00e7a me va\u00bb ou \u00ab \u00c7a me fait un footballeur en moins\u00a0\u00bb lorsqu\u2019elle revient sur le mariage de Benjamin Pavard et Kleofina Pnishi. Mais en dehors de cela, pas grand-chose \u00e0 retenir.<\/p>\n<p class=\"fig-paragraph\">D\u2019ailleurs, cette pr\u00e9sence n\u2019a pas forc\u00e9ment ravi les fans de l\u2019\u00e9mission, assez v\u00e9h\u00e9ments \u00e0 l\u2019encontre de la jeune femme sur les r\u00e9seaux sociaux. Plusieurs d\u2019entre eux estiment qu\u2019elle n\u2019a \u00e9t\u00e9 recrut\u00e9e que pour son physique. \u00ab Bon, on sait que l\u2019autre Hanouna l\u2019a prise pour son physique, une bonne mani\u00e8re d\u2019amener de l\u2019audience&#8230;\u00a0\u00bb, peut-on ainsi lire sur Twitter.<\/p>\n<p class=\"fig-body-link\">\n            \u00c0 lire aussi<br \/>\n        <a class=\"fig-body-link__link\" href=\"http:\/\/tvmag.lefigaro.fr\/programme-tv\/actu-tele\/luis-fernandez-marlene-schiappa-qui-sont-les-chroniqueurs-mis-a-l-essai-par-cyril-hanouna-pour-tout-beau-tout-n9euf-20250829\" data-fig-type=\"Article\" data-gtm-custom-categorie=\"navigation\" data-gtm-custom-action=\"crossclick\" data-gtm-custom-label=\"Contextuel\" data-gtm-event=\"customEventSPE\" data-fig-domain=\"TVMAG\" rel=\"nofollow noopener\" target=\"_blank\">Luis Fernandez, Marl\u00e8ne Schiappa\u2026 Qui sont les chroniqueurs mis \u00e0 l\u2019essai par Cyril Hanouna pour \u00abTout beau tout n9euf\u00bb<br \/>\n    <\/a>\n<\/p>\n<p>                                    <a class=\"fig-a11y-skip a11y-hidden\" href=\"#fig-a11y-skip-main-inarticle\"><br \/>\n        Passer la publicit\u00e9<br \/>\n    <\/a><\/p>\n<p class=\"fig-paragraph\">D\u2019autres ne l\u2019imaginent pas continuer tr\u00e8s longtemps sur \u00ab<a href=\"https:\/\/tvmag.lefigaro.fr\/programme-tv\/programme\/tout-beau-tout-n9uf-d1817125567\" target=\"_blank\" rel=\"sponsored noopener nofollow\" data-gtm-custom-categorie=\"navigation\" data-gtm-custom-action=\"crossclick\" data-gtm-custom-label=\"Contextuel\" data-gtm-event=\"customEventSPE\">Tout beau tout n9uf<\/a>\u00bb\u00a0: \u00ab Je ne connais pas cette Tha\u00efs, je ne connais pas son parcours ni sa vie. Une chose est s\u00fbre\u00a0: sa chronique \u00e9tait inutile. M\u00eame\u00a0<a href=\"http:\/\/tvmag.lefigaro.fr\/programme-tv\/actu-tele\/polska-revelation-de-la-saison-de-tpmp-j-avais-peur-en-arrivant-je-n-avais-pas-confiance-en-moi-20240609\" data-fig-type=\"Article\" data-gtm-custom-categorie=\"navigation\" data-gtm-custom-action=\"crossclick\" data-gtm-custom-label=\"Contextuel\" data-gtm-event=\"customEventSPE\" data-fig-domain=\"TVMAG\" rel=\"nofollow noopener\" target=\"_blank\">Polska<\/a> \u00a0se tenait mieux lors de sa premi\u00e8re \u00e9mission de \u00ab\u00a0TPMP\u00a0\u00bb, c\u2019est dire. Avec Hanouna, \u00e7a passe ou \u00e7a casse. Pour elle, \u00e7a casse\u00a0\u00bb.<\/p>\n<p>Une arriv\u00e9e inattendue<\/p>\n<p class=\"fig-paragraph\">Il faut dire que la jeune femme de 22 ans est une recrue plut\u00f4t inattendue. Influenceuse et cr\u00e9atrice de contenus \u00e9rotiques sur la plateforme en ligne OnlyFans, elle affirme vivre d\u00e9sormais \u00e0 Miami. Suivie par pr\u00e8s de 100.000 abonn\u00e9s sur Instagram, la jeune femme, qui se pr\u00e9sente comme c\u00e9libataire, y partage surtout des photos d\u2019elle en maillot de bain ou en petite tenue, ainsi que quelques clich\u00e9s de ses voyages.<\/p>\n<p class=\"fig-paragraph\">Ce n\u2019est pas pour \u00e7a qu\u2019elle s\u2019est fait conna\u00eetre du grand public. Le 21 mai dernier elle fait le buzz gr\u00e2ce \u00e0 une s\u00e9quence diffus\u00e9e sur les r\u00e9seaux sociaux. Dans celle-ci, elle se fait refouler par un conducteur de bus du Val-de-Marne pour sa tenue de sport jug\u00e9e trop courte.<\/p>\n<p class=\"fig-paragraph\">Elle est ensuite invit\u00e9e sur plusieurs plateaux pour en parler, dont celui de \u00ab<a href=\"http:\/\/tvmag.lefigaro.fr\/programme-tv\/actu-tele\/europe-1-met-un-terme-a-l-emission-on-marche-sur-la-tete-avec-cyril-hanouna-20250603\" data-fig-type=\"Article\" data-gtm-custom-categorie=\"navigation\" data-gtm-custom-action=\"crossclick\" data-gtm-custom-label=\"Contextuel\" data-gtm-event=\"customEventSPE\" data-fig-domain=\"TVMAG\" rel=\"nofollow noopener\" target=\"_blank\">\u00a0On marche sur la t\u00eate\u00a0<\/a>\u00bb, ancienne \u00e9mission de Cyril Hanouna sur Europe 1. C\u2019est l\u00e0 que la rencontre se fait. Elle revient m\u00eame au t\u00e9l\u00e9phone dans une seconde \u00e9mission pour \u00e9changer avec le conducteur de bus. Lors de celle-ci, l\u2019animateur annonce son passage au casting.<\/p>\n<p class=\"fig-paragraph\">\u00ab Vous avez eu une bonne nouvelle en venant quand m\u00eame t\u00e9moigner ici, puisque mes \u00e9quipes l\u2019ont rep\u00e9r\u00e9e et elle passera le casting pour la prochaine \u00e9mission en t\u00e9l\u00e9vision. Et oui, elle sera avec nous lors du pilote\u00a0\u00bb, annonce-t-il, avant d\u2019en raconter les coulisses\u00a0: \u00ab Vous savez que les \u00e9quipes du groupe M6 \u00e9coutaient l\u2019\u00e9mission et ils m\u2019ont appel\u00e9. Ils m\u2019ont dit \u00ab\u00a0la jeune fille, elle serait peut-\u00eatre pas mal\u00a0\u00bb. C\u2019\u00e9tait quand m\u00eame incroyable. Vous vous rendez compte ou pas\u00a0? C\u2019est-\u00e0-dire que ce sont les \u00e9quipes de M6 qui m\u2019ont appel\u00e9.\u00bb<\/p>\n","protected":false},"excerpt":{"rendered":"Par Benoit Narbonne Le 2 septembre 2025 \u00e0 12h28 La nouvelle recrue r\u00e9alise une chronique sur les couples&hellip;\n","protected":false},"author":2,"featured_media":360789,"comment_status":"","ping_status":"","sticky":false,"template":"","format":"standard","meta":{"footnotes":""},"categories":[1359],"tags":[1083,58,59,1011,27,973,2395],"class_list":{"0":"post-360788","1":"post","2":"type-post","3":"status-publish","4":"format-standard","5":"has-post-thumbnail","7":"category-people","8":"tag-cyril-hanouna","9":"tag-divertissement","10":"tag-entertainment","11":"tag-fr","12":"tag-france","13":"tag-people","14":"tag-w9"},"share_on_mastodon":{"url":"https:\/\/pubeurope.com\/@fr\/115134797242381677","error":""},"_links":{"self":[{"href":"https:\/\/www.europesays.com\/fr\/wp-json\/wp\/v2\/posts\/360788","targetHints":{"allow":["GET"]}}],"collection":[{"href":"https:\/\/www.europesays.com\/fr\/wp-json\/wp\/v2\/posts"}],"about":[{"href":"https:\/\/www.europesays.com\/fr\/wp-json\/wp\/v2\/types\/post"}],"author":[{"embeddable":true,"href":"https:\/\/www.europesays.com\/fr\/wp-json\/wp\/v2\/users\/2"}],"replies":[{"embeddable":true,"href":"https:\/\/www.europesays.com\/fr\/wp-json\/wp\/v2\/comments?post=360788"}],"version-history":[{"count":0,"href":"https:\/\/www.europesays.com\/fr\/wp-json\/wp\/v2\/posts\/360788\/revisions"}],"wp:featuredmedia":[{"embeddable":true,"href":"https:\/\/www.europesays.com\/fr\/wp-json\/wp\/v2\/media\/360789"}],"wp:attachment":[{"href":"https:\/\/www.europesays.com\/fr\/wp-json\/wp\/v2\/media?parent=360788"}],"wp:term":[{"taxonomy":"category","embeddable":true,"href":"https:\/\/www.europesays.com\/fr\/wp-json\/wp\/v2\/categories?post=360788"},{"taxonomy":"post_tag","embeddable":true,"href":"https:\/\/www.europesays.com\/fr\/wp-json\/wp\/v2\/tags?post=360788"}],"curies":[{"name":"wp","href":"https:\/\/api.w.org\/{rel}","templated":true}]}}