{"id":360825,"date":"2025-09-02T13:11:11","date_gmt":"2025-09-02T13:11:11","guid":{"rendered":"https:\/\/www.europesays.com\/fr\/360825\/"},"modified":"2025-09-02T13:11:11","modified_gmt":"2025-09-02T13:11:11","slug":"un-logement-transitoire-pour-les-91-habitants-du-bidonville-apres-lexpulsion-prefet-et-maire-justifient-leur-action-a-montpellier","status":"publish","type":"post","link":"https:\/\/www.europesays.com\/fr\/360825\/","title":{"rendered":"\u00ab\u00a0Un logement transitoire pour les 91 habitants du bidonville\u00a0\u00bb\u00a0: apr\u00e8s l\u2019expulsion, pr\u00e9fet et maire justifient leur action \u00e0 Montpellier"},"content":{"rendered":"<p>\n                                                                Apr\u00e8s l\u2019expulsion du bidonville de Jasse de Maurin, jeudi 28\u00a0ao\u00fbt, le pr\u00e9fet et le maire ont expliqu\u00e9 leur action lors d\u2019une conf\u00e9rence de presse organis\u00e9e sur le site.\n                            <\/p>\n<p>Situ\u00e9 sur un terrain de la M\u00e9tropole, au sud de l\u2019avenue de Maurin, un\u00a0bidonville occup\u00e9 depuis 2022\u00a0avait \u00e9t\u00e9 expuls\u00e9 jeudi dernier par des CRS. Cinq jours plus tard, le pr\u00e9fet de l\u2019H\u00e9rault, Fran\u00e7ois-Xavier Lauch, et le maire et pr\u00e9sident de la M\u00e9tropole, Micha\u00ebl Delafosse, \u00e9taient sur le site, en pleine op\u00e9ration nettoyage, pour expliquer leur action.<\/p>\n<p>\u00ab\u00a0Il y a quelques mois, la municipalit\u00e9, l\u2019\u00c9tat et la Fondation pour le logement ont sign\u00e9 une convention\u00a0afin\u00a0de travailler sur la suppression de ces bidonvilles, \u00e0\u00a0un horizon de dix\u00a0ans, a rappel\u00e9 le pr\u00e9fet. Et ces engagements, on les tient\u00a0\u00bb.<\/p>\n<p>\u00ab\u00a0Ici, il y avait 91 personnes, dont 36 enfants, qui vivaient dans des conditions d\u2019insalubrit\u00e9 terribles. Nous avons pu proposer une solution de logement transitoire \u00e0 toutes ces personnes (recens\u00e9es il y a six mois). Nous reprenons\u00a0la m\u00e9thode qui a \u00e9t\u00e9 utilis\u00e9e pour les 165 personnes du bidonville de Celleneuve\u00a0et du village de transition de La Rauze\u00a0\u00bb.<\/p>\n<p>\u00ab\u00a0Un travail social r\u00e9alis\u00e9 sur dix ans\u00a0\u00bb<\/p>\n<p>Dans le d\u00e9tail, 10 m\u00e9nages (27 personnes) seront log\u00e9s dans l\u2019ancienne auberge de jeunesse, rue des \u00c9coles la\u00efques.\u00a042 personnes seront relog\u00e9es par l\u2019\u00c9tat et\u00a03 par le D\u00e9partement.\u00a014 ont trouv\u00e9 d\u2019autres solutions.<\/p>\n<p>D\u2019autres personnes, arriv\u00e9es sur le bidonville ces six derniers mois, et qui s\u2019y trouvaient lors de l\u2019\u00e9vacuation, n\u2019ont pas pu en b\u00e9n\u00e9ficier.\u00a0\u00ab\u00a0Les personnes qui \u00e9taient ici ont \u00e9t\u00e9 inform\u00e9es qu\u2019une expulsion serait r\u00e9alis\u00e9e \u00e0 la fin du mois d\u2019ao\u00fbt, souligne le pr\u00e9fet. Certaines sont arriv\u00e9es en sachant sciemment cela. Le message, c\u2019est qu\u2019on ne vient pas \u00e0 Montpellier pour s\u2019installer dans un bidonville.\u00a0\u00bb<\/p>\n<p>\u00ab\u00a0L\u2019\u00c9tat finance le\u00a0travail social qui est fait sur ces dix\u00a0ans. Pour cette nouvelle d\u00e9marche, on a choisi de traiter ce site en premier parce qu\u2019il est en zone inondable. Car en plus du risque social, il y avait un risque en cas d\u2019inondation, et donc c\u2019\u00e9tait le premier qu\u2019on voulait traiter dans le cadre de cette nouvelle d\u00e9marche.\u00a0\u00bb<\/p>\n<p>\u00ab\u00a0Les enfants qui vivaient ici ont fait leur rentr\u00e9e\u00a0\u00bb<\/p>\n<p>\u00ab\u00a0Les enfants qui \u00e9taient ici en danger\u00a0ont pu faire\u00a0leur rentr\u00e9e scolaire gr\u00e2ce \u00e0 notre action, rappelle Micha\u00ebl Delafosse. On a assur\u00e9 le droit \u00e0 l\u2019\u00e9ducation que la R\u00e9publique doit \u00e0 chacun d\u2019eux.\u00a0Il y a aussi une question de s\u00e9curit\u00e9. Les gens qui vivent dans ce type d\u2019endroit\u00a0sont en situation de vuln\u00e9rabilit\u00e9 et donc \u00e0 la merci de r\u00e9seaux. Et en plus du risque inondation, je rappelle qu\u2019il y avait eu un incendie \u00e0 proximit\u00e9 du site\u00a0\u00bb.<\/p>\n<p>\u00ab\u00a0Dans le cadre du village de transition de la Rauze, on a eu de tr\u00e8s grandes difficult\u00e9s\u00a0\u00e0 conclure l\u2019op\u00e9ration par d\u00e9ficit de logements sociaux, rappelle le pr\u00e9fet. \u00c0 tel point que j\u2019ai r\u00e9uni au cours de l\u2019\u00e9t\u00e9 tous les bailleurs sociaux \u00e0 l\u2019\u00e9chelle m\u00e9tropolitaine en les obligeant\u00a0\u00e0\u00a0r\u00e9server un peu plus de dix logements pour les personnes qui sortent des bidonvilles\u00a0\u00bb.<\/p>\n<p>\u00ab\u00a0En contrepartie, ces personnes s\u2019engagent \u00e0 respecter le logement, \u00e0 trouver un travail et \u00e0\u00a0entrer dans les conditions d\u2019un logement social. Cela a fonctionn\u00e9 \u00e0 la Rauze. Mais\u00a0si on ne saisit pas\u00a0la main\u00a0tendue, il y a la duret\u00e9 des dispositifs de l\u2019\u00c9tat, des expulsions, de la judiciarisation des cas, si\u00a0n\u00e9cessaire.\u00a0\u00bb<\/p>\n<p>\u00ab\u00a0Il reste 441 personnes dans 12 bidonvilles\u00a0\u00bb<\/p>\n<p>\u00ab\u00a0Les habitants des bidonvilles ne sont pas toujours bien accept\u00e9s, a rappel\u00e9 le maire. Au\u00a0village de transition de la Rauze, il y avait\u00a0des banderoles de\u00a0haine attis\u00e9es par la Ligue du Midi. Notre d\u00e9marche, c\u2019est d\u2019accompagner au mieux et de ne pas \u00eatre toujours au m\u00eame endroit pour \u00e9viter stigmatisation\u00a0\u00bb.<\/p>\n<p>Et de rappeler \u00ab\u00a0qu\u2019en 2019, 340 mineurs non-accompagn\u00e9s dormaient dans des h\u00f4tels, dans l\u2019indiff\u00e9rence g\u00e9n\u00e9rale. Avec le pr\u00e9sident (du D\u00e9partement) Mesquida, que je remercie, nous avons fait un lieu \u00e9ducatif. \u00c0\u00a0ce moment-l\u00e0 aussi, on a \u00e9t\u00e9 tr\u00e8s contest\u00e9. Mais au final, tout se passe tr\u00e8s bien. Si tout le monde avait une approche partenariale comme \u00e0\u00a0Montpellier, beaucoup de choses iraient mieux\u00a0\u00bb.<\/p>\n<p>\u00ab\u00a0Il reste 441\u00a0personnes dans 12 bidonvilles \u00e0 Montpellier, ajoute le pr\u00e9fet. C\u2019est beaucoup trop. Mais il y a deux ans, c\u2019\u00e9tait 600 personnes. Nous proc\u00e9dons par \u00e9tapes.\u00a0Le prochain bidonville \u00e9vacu\u00e9 sera choisi en fonction du risque qu\u2019il repr\u00e9sente. Et je veux conclure en rappelant\u00a0qu\u2019on n\u2019acceptera plus de nouveaux bidonvilles.\u00a0\u00bb<\/p>\n","protected":false},"excerpt":{"rendered":"Apr\u00e8s l\u2019expulsion du bidonville de Jasse de Maurin, jeudi 28\u00a0ao\u00fbt, le pr\u00e9fet et le maire ont expliqu\u00e9 leur&hellip;\n","protected":false},"author":2,"featured_media":360826,"comment_status":"","ping_status":"","sticky":false,"template":"","format":"standard","meta":{"footnotes":""},"categories":[9599],"tags":[1111,11,1777,674,1011,27,2208,12,2680,25],"class_list":{"0":"post-360825","1":"post","2":"type-post","3":"status-publish","4":"format-standard","5":"has-post-thumbnail","7":"category-montpellier","8":"tag-actu","9":"tag-actualites","10":"tag-eu","11":"tag-europe","12":"tag-fr","13":"tag-france","14":"tag-montpellier","15":"tag-news","16":"tag-occitanie","17":"tag-republique-francaise"},"share_on_mastodon":{"url":"https:\/\/pubeurope.com\/@fr\/115134875848052853","error":""},"_links":{"self":[{"href":"https:\/\/www.europesays.com\/fr\/wp-json\/wp\/v2\/posts\/360825","targetHints":{"allow":["GET"]}}],"collection":[{"href":"https:\/\/www.europesays.com\/fr\/wp-json\/wp\/v2\/posts"}],"about":[{"href":"https:\/\/www.europesays.com\/fr\/wp-json\/wp\/v2\/types\/post"}],"author":[{"embeddable":true,"href":"https:\/\/www.europesays.com\/fr\/wp-json\/wp\/v2\/users\/2"}],"replies":[{"embeddable":true,"href":"https:\/\/www.europesays.com\/fr\/wp-json\/wp\/v2\/comments?post=360825"}],"version-history":[{"count":0,"href":"https:\/\/www.europesays.com\/fr\/wp-json\/wp\/v2\/posts\/360825\/revisions"}],"wp:featuredmedia":[{"embeddable":true,"href":"https:\/\/www.europesays.com\/fr\/wp-json\/wp\/v2\/media\/360826"}],"wp:attachment":[{"href":"https:\/\/www.europesays.com\/fr\/wp-json\/wp\/v2\/media?parent=360825"}],"wp:term":[{"taxonomy":"category","embeddable":true,"href":"https:\/\/www.europesays.com\/fr\/wp-json\/wp\/v2\/categories?post=360825"},{"taxonomy":"post_tag","embeddable":true,"href":"https:\/\/www.europesays.com\/fr\/wp-json\/wp\/v2\/tags?post=360825"}],"curies":[{"name":"wp","href":"https:\/\/api.w.org\/{rel}","templated":true}]}}