{"id":360831,"date":"2025-09-02T13:14:16","date_gmt":"2025-09-02T13:14:16","guid":{"rendered":"https:\/\/www.europesays.com\/fr\/360831\/"},"modified":"2025-09-02T13:14:16","modified_gmt":"2025-09-02T13:14:16","slug":"le-bac-de-la-bouille-a-nouveau-a-larret","status":"publish","type":"post","link":"https:\/\/www.europesays.com\/fr\/360831\/","title":{"rendered":"le bac de La Bouille \u00e0 nouveau \u00e0 l&rsquo;arr\u00eat"},"content":{"rendered":"<p>            Par<br \/>\n        <strong><br \/>\n            <a href=\"https:\/\/actu.fr\/auteur\/aurelien-delavaud\" title=\"Consulter tous les articles de Aur\u00e9lien Delavaud\" target=\"_blank\" rel=\"noopener\">Aur\u00e9lien Delavaud<\/a><br \/>\n        <\/strong><\/p>\n<p>        Publi\u00e9 le<\/p>\n<p>            2 sept. 2025 \u00e0 10h46        <\/p>\n<p>Les soucis s\u2019encha\u00eenent, au niveau du <b>bac<\/b> de <a href=\"https:\/\/actu.fr\/normandie\/la-bouille_76131\" target=\"_blank\" rel=\"noopener\">La Bouille (Seine-Maritime)<\/a>. Depuis le lundi 1er septembre 2025, en d\u00e9but de soir\u00e9e, le bateau qui permet de franchir <b>la Seine<\/b> entre la commune et Sahurs est \u00e0 nouveau \u00e0 l\u2019arr\u00eat.<\/p>\n<p class=\" wall-content\">Selon le site <a href=\"https:\/\/www.inforoute76.fr\/\" target=\"_blank\" rel=\"noopener\">Inforoute76<\/a> du D\u00e9partement, qui est responsable des bacs de Seine, un \u00ab\u00a0incident technique\u00a0\u00bb est \u00e0 l\u2019origine de cette interruption du service.<\/p>\n<p>Deuxi\u00e8me panne en moins d\u2019une semaine<\/p>\n<p class=\" wall-content\">Pour le moment, aucune heure ou date de reprise n\u2019est annonc\u00e9e. En attendant, les usagers habituels du bac de La Bouille peuvent se reporter sur ceux de Petit-Couronne ou de Mesnil-sous-Jumi\u00e8ges pour franchir le fleuve.<\/p>\n<p class=\" wall-content\">Il s\u2019agit de la <a href=\"https:\/\/actu.fr\/normandie\/la-bouille_76131\/pres-de-rouen-une-panne-met-un-bac-fluvial-a-larret_63086674.html\" target=\"_blank\" rel=\"noopener\">deuxi\u00e8me interruption en l\u2019espace de quelques jours<\/a>. Le jeudi 28 ao\u00fbt 2025, d\u00e9j\u00e0, le bac avait \u00e9t\u00e9 mis \u00e0 l\u2019arr\u00eat. Cette fois, il s\u2019agissait d\u2019une panne de moteur.<\/p>\n<p class=\" wall-content\">Personnalisez votre actualit\u00e9 en ajoutant vos villes et m\u00e9dias en favori avec <a href=\"https:\/\/moncompte.actu.fr\" title=\"D\u00e9couvez Mon Actu\" rel=\"nofollow noopener\" data-trk=\"{&quot;cta&quot;:{&quot;action&quot;:&quot;https:\\\/\\\/moncompte.actu.fr&quot;,&quot;category&quot;:&quot;mon compte&quot;,&quot;from&quot;:&quot;article footer&quot;,&quot;name&quot;:&quot;Mon actu&quot;,&quot;type&quot;:&quot;cta&quot;}}\" target=\"_blank\">Mon Actu<\/a>.<\/p>\n","protected":false},"excerpt":{"rendered":"Par Aur\u00e9lien Delavaud Publi\u00e9 le 2 sept. 2025 \u00e0 10h46 Les soucis s\u2019encha\u00eenent, au niveau du bac de&hellip;\n","protected":false},"author":2,"featured_media":360832,"comment_status":"","ping_status":"","sticky":false,"template":"","format":"standard","meta":{"footnotes":""},"categories":[9587],"tags":[1111,11,3542,1777,674,1011,27,12,5161,25,9590,104],"class_list":{"0":"post-360831","1":"post","2":"type-post","3":"status-publish","4":"format-standard","5":"has-post-thumbnail","7":"category-rouen","8":"tag-actu","9":"tag-actualites","10":"tag-circulation","11":"tag-eu","12":"tag-europe","13":"tag-fr","14":"tag-france","15":"tag-news","16":"tag-normandie","17":"tag-republique-francaise","18":"tag-rouen","19":"tag-societe"},"share_on_mastodon":{"url":"https:\/\/pubeurope.com\/@fr\/115134887676641205","error":""},"_links":{"self":[{"href":"https:\/\/www.europesays.com\/fr\/wp-json\/wp\/v2\/posts\/360831","targetHints":{"allow":["GET"]}}],"collection":[{"href":"https:\/\/www.europesays.com\/fr\/wp-json\/wp\/v2\/posts"}],"about":[{"href":"https:\/\/www.europesays.com\/fr\/wp-json\/wp\/v2\/types\/post"}],"author":[{"embeddable":true,"href":"https:\/\/www.europesays.com\/fr\/wp-json\/wp\/v2\/users\/2"}],"replies":[{"embeddable":true,"href":"https:\/\/www.europesays.com\/fr\/wp-json\/wp\/v2\/comments?post=360831"}],"version-history":[{"count":0,"href":"https:\/\/www.europesays.com\/fr\/wp-json\/wp\/v2\/posts\/360831\/revisions"}],"wp:featuredmedia":[{"embeddable":true,"href":"https:\/\/www.europesays.com\/fr\/wp-json\/wp\/v2\/media\/360832"}],"wp:attachment":[{"href":"https:\/\/www.europesays.com\/fr\/wp-json\/wp\/v2\/media?parent=360831"}],"wp:term":[{"taxonomy":"category","embeddable":true,"href":"https:\/\/www.europesays.com\/fr\/wp-json\/wp\/v2\/categories?post=360831"},{"taxonomy":"post_tag","embeddable":true,"href":"https:\/\/www.europesays.com\/fr\/wp-json\/wp\/v2\/tags?post=360831"}],"curies":[{"name":"wp","href":"https:\/\/api.w.org\/{rel}","templated":true}]}}