{"id":360841,"date":"2025-09-02T13:22:13","date_gmt":"2025-09-02T13:22:13","guid":{"rendered":"https:\/\/www.europesays.com\/fr\/360841\/"},"modified":"2025-09-02T13:22:13","modified_gmt":"2025-09-02T13:22:13","slug":"lextraordinaire-destinee-de-sarah-bernhardt-du-28-01-2026-au-31-01-2026-nice","status":"publish","type":"post","link":"https:\/\/www.europesays.com\/fr\/360841\/","title":{"rendered":"L&rsquo;extraordinaire destin\u00e9e de Sarah Bernhardt &#8211; Du 28\/01\/2026 au 31\/01\/2026 &#8211; Nice"},"content":{"rendered":"<p>G\u00e9raldine Martineau \u00e9crit et porte au plateau une fresque th\u00e9\u00e2trale r\u00e9jouissante qui nous conte la vie de la l\u00e9gendaire com\u00e9dienne Sarah Bernhardt, la divine, disparue il y a tout juste cent ans.<\/p>\n<p>&#13;<\/p>\n<p>R\u00eavant d\u2019abord d\u2019une vie centr\u00e9e sur la religion, Sarah entre au Conservatoire \u00e0 seize ans. Point de bascule qui bouleversera le cours de sa vie : elle ne quittera plus les planches jusqu\u2019\u00e0 son dernier souffle. \u00c0 travers ses engagements, ses choix et les \u00e9preuves qu\u2019elle a d\u00fb traverser, l\u2019extravagante Sarah Bernhardt deviendra une ic\u00f4ne internationale, \u00e0 jamais admir\u00e9e pour son courage, sa d\u00e9termination et sa volont\u00e9 d\u2019\u00eatre libre.<\/p>\n<p>&#13;<\/p>\n<p>Texte &amp; mise en sc\u00e8ne\u00a0G\u00e9raldine Martineau<\/p>\n<p>&#13;<\/p>\n<p>Avec\u00a0Priscilla Bescond, Sylvain Dieuaide, Antoine Cholet, Isabelle Gardien, Blanche Leleu, Marie-Christine Letort, Adrien Melin, Estelle Meyer\u00a0et\u00a0Bastien Dollinger\u00a0[piano &amp; clarinette], Florence Hennequin\u00a0[violoncelle]<\/p>\n<p>&#13;<\/p>\n<p>Dur\u00e9e 1h40<\/p>\n<p>&#13;<\/p>\n<p><strong>Rencontre en bord de sc\u00e8ne<\/strong> avec l&rsquo;\u00e9quipe artistique \u00e0 l&rsquo;issue de la repr\u00e9sentation du\u00a0jeudi 29 janvier 2026<\/p>\n<p><strong>Avertissement<\/strong>\u00a0: certaines sc\u00e8nes comportent des descriptions de violences physiques et sexuelles.<\/p>\n","protected":false},"excerpt":{"rendered":"G\u00e9raldine Martineau \u00e9crit et porte au plateau une fresque th\u00e9\u00e2trale r\u00e9jouissante qui nous conte la vie de la&hellip;\n","protected":false},"author":2,"featured_media":360842,"comment_status":"","ping_status":"","sticky":false,"template":"","format":"standard","meta":{"footnotes":""},"categories":[2819],"tags":[1111,11,1777,674,1011,27,12,2401,882,25],"class_list":{"0":"post-360841","1":"post","2":"type-post","3":"status-publish","4":"format-standard","5":"has-post-thumbnail","7":"category-nice","8":"tag-actu","9":"tag-actualites","10":"tag-eu","11":"tag-europe","12":"tag-fr","13":"tag-france","14":"tag-news","15":"tag-nice","16":"tag-provence-alpes-cote-dazur","17":"tag-republique-francaise"},"share_on_mastodon":{"url":"https:\/\/pubeurope.com\/@fr\/115134918987653608","error":""},"_links":{"self":[{"href":"https:\/\/www.europesays.com\/fr\/wp-json\/wp\/v2\/posts\/360841","targetHints":{"allow":["GET"]}}],"collection":[{"href":"https:\/\/www.europesays.com\/fr\/wp-json\/wp\/v2\/posts"}],"about":[{"href":"https:\/\/www.europesays.com\/fr\/wp-json\/wp\/v2\/types\/post"}],"author":[{"embeddable":true,"href":"https:\/\/www.europesays.com\/fr\/wp-json\/wp\/v2\/users\/2"}],"replies":[{"embeddable":true,"href":"https:\/\/www.europesays.com\/fr\/wp-json\/wp\/v2\/comments?post=360841"}],"version-history":[{"count":0,"href":"https:\/\/www.europesays.com\/fr\/wp-json\/wp\/v2\/posts\/360841\/revisions"}],"wp:featuredmedia":[{"embeddable":true,"href":"https:\/\/www.europesays.com\/fr\/wp-json\/wp\/v2\/media\/360842"}],"wp:attachment":[{"href":"https:\/\/www.europesays.com\/fr\/wp-json\/wp\/v2\/media?parent=360841"}],"wp:term":[{"taxonomy":"category","embeddable":true,"href":"https:\/\/www.europesays.com\/fr\/wp-json\/wp\/v2\/categories?post=360841"},{"taxonomy":"post_tag","embeddable":true,"href":"https:\/\/www.europesays.com\/fr\/wp-json\/wp\/v2\/tags?post=360841"}],"curies":[{"name":"wp","href":"https:\/\/api.w.org\/{rel}","templated":true}]}}