{"id":360843,"date":"2025-09-02T13:23:10","date_gmt":"2025-09-02T13:23:10","guid":{"rendered":"https:\/\/www.europesays.com\/fr\/360843\/"},"modified":"2025-09-02T13:23:10","modified_gmt":"2025-09-02T13:23:10","slug":"nice-test-mensuel-des-sirenes-du-systeme-dalerte-et-dinformation-des-populations-mercredi-3-septembre","status":"publish","type":"post","link":"https:\/\/www.europesays.com\/fr\/360843\/","title":{"rendered":"NICE : Test mensuel des sir\u00e8nes du syst\u00e8me d&rsquo;alerte et d&rsquo;information des populations, mercredi 3 septembre"},"content":{"rendered":"<p><strong>Le test mensuel des sir\u00e8nes du syst\u00e8me d\u2019alerte et d\u2019information des populations (SAIP) aura lieu ce mercredi 3 septembre 2025 \u00e0 12h15.<\/strong><\/p>\n<p>Le test mensuel consiste en un unique cycle d\u20191 minute et 41 secondes (avec 5 modulations), sans signal de fin d\u2019alerte afin de s\u2019assurer que toutes les sir\u00e8nes sont op\u00e9rationnelles. S\u2019agissant d\u2019un test, aucune mesure r\u00e9flexe ne sera \u00e0 mettre en oeuvre par la population. Depuis le 8 janvier 2025 la sir\u00e8ne du d\u00e9p\u00f4t d\u2019hydrocarbures de l\u2019a\u00e9roport Nice C\u00f4te d\u2019Azur est \u00e9galement d\u00e9clench\u00e9e lors du test mensuel. Le prochain test aura lieu le mercredi 3 septembre 2025 \u00e0 12h15.<\/p>\n<p><strong>47 sir\u00e8nes sont pr\u00e9sentes dans le d\u00e9partement :<\/strong><br \/>=&gt; Antibes :<br \/>\u2013 H\u00f4tel de Ville \u2013 Place Mass\u00e9na,<br \/>\u2013 Caserne des pompiers \u2013 Avenue Jules Grec,<br \/>\u2013 Palais des Congr\u00e8s,<br \/>\u2013 Pylone de Marineland \u2013 Chemin des Groules.<br \/>=&gt; Auribeau-sur-Siagne :<br \/>\u2013 Mairie.<br \/>=&gt; Beaulieu-sur-Mer :<br \/>\u2013 Grand Casino.<br \/>=&gt; Cannes :<br \/>\u2013 \u00c9cole Mont Chevalier, 11 rue Jean Hibert,<br \/>\u2013 Palais des Victoires, 2 Avenue Maurice Chevalier,<br \/>\u2013 Palais des Festivals, boulevard de la Croisette,<br \/>\u2013 N\u00f4tre-Dame des Pins,<br \/>\u2013 Ch\u00e2teau de la mer,<br \/>\u2013 Tour Ranguin,147, bd du Mercantour<br \/>06286 Nice cedex 3<br \/>\u2013 Centre de secours \u2013 Ile Sainte Marguerite,<br \/>\u2013 Site du ch\u00e2teau d\u2019eau \u2013 Californie-P\u00e9zou.<br \/>=&gt; Cap-d\u2019Ail :<br \/>\u2013 Immeuble gendarmerie.<br \/>=&gt; Grasse :<br \/>\u2013 Mairie \u2013 Place du Petit Puy,<br \/>\u2013 Le Trinquet,<br \/>\u2013 \u00c9glise Plascassier.<br \/>=&gt; Le Cannet :<br \/>\u2013 Mairie Bd Sadi Carnot,<br \/>\u2013 Gymnase Maillan,<br \/>\u2013 Mairie Annexe Rocheville.<br \/>=&gt; Mandelieu-la-Napoule :<br \/>\u2013 Centre culturel Esterel Gallery,<br \/>\u2013 Village vacances AGECROFT,<br \/>\u2013 Coll\u00e8ge Albert Camus.<br \/>=&gt; Nice :<br \/>\u2013 Eglise Saint-Isidore,<br \/>\u2013 Ecole Jean Mac\u00e9,<br \/>\u2013 Groupe scolaire Sainte-H\u00e9l\u00e8ne,<br \/>\u2013 Ecole de la Madeleine sup\u00e9rieure,<br \/>\u2013 HLM Saint-Roch,<br \/>\u2013 Ecole les Magnolias,<br \/>\u2013 Caserne Magnan,<br \/>\u2013 Caserne Fod\u00e9r\u00e9,<br \/>\u2013 Colline du Ch\u00e2teau,<br \/>\u2013 Ecole des Oliviers,<br \/>\u2013 Ecole Jacques Pr\u00e9vert,<br \/>\u2013 Ecole Digue des fran\u00e7ais,<br \/>\u2013 Caserne des pompiers Bon Voyage,<br \/>\u2013 Ecole Th\u00e9r\u00e8se Rom\u00e9o,<br \/>\u2013 Ecole Bischoffheim,<br \/>\u2013 Biblioth\u00e8que municipale rue Lamartine,<br \/>\u2013 Palais des sports Jean Bouin \u2013 Esplanade de Lattre de Tassigny,<br \/>\u2013 \u00c9glise Saint-Pierre d\u2019Ar\u00e8ne.<br \/>=&gt; Nice (a\u00e9roport) :<br \/>\u2013 d\u00e9p\u00f4t hydrocarbure.<br \/>=&gt; Saint-Laurent-du-Var.<\/p>\n","protected":false},"excerpt":{"rendered":"Le test mensuel des sir\u00e8nes du syst\u00e8me d\u2019alerte et d\u2019information des populations (SAIP) aura lieu ce mercredi 3&hellip;\n","protected":false},"author":2,"featured_media":149293,"comment_status":"","ping_status":"","sticky":false,"template":"","format":"standard","meta":{"footnotes":""},"categories":[2819],"tags":[1111,11,1777,674,1011,27,12,2401,882,25],"class_list":{"0":"post-360843","1":"post","2":"type-post","3":"status-publish","4":"format-standard","5":"has-post-thumbnail","7":"category-nice","8":"tag-actu","9":"tag-actualites","10":"tag-eu","11":"tag-europe","12":"tag-fr","13":"tag-france","14":"tag-news","15":"tag-nice","16":"tag-provence-alpes-cote-dazur","17":"tag-republique-francaise"},"share_on_mastodon":{"url":"https:\/\/pubeurope.com\/@fr\/115134923027047974","error":""},"_links":{"self":[{"href":"https:\/\/www.europesays.com\/fr\/wp-json\/wp\/v2\/posts\/360843","targetHints":{"allow":["GET"]}}],"collection":[{"href":"https:\/\/www.europesays.com\/fr\/wp-json\/wp\/v2\/posts"}],"about":[{"href":"https:\/\/www.europesays.com\/fr\/wp-json\/wp\/v2\/types\/post"}],"author":[{"embeddable":true,"href":"https:\/\/www.europesays.com\/fr\/wp-json\/wp\/v2\/users\/2"}],"replies":[{"embeddable":true,"href":"https:\/\/www.europesays.com\/fr\/wp-json\/wp\/v2\/comments?post=360843"}],"version-history":[{"count":0,"href":"https:\/\/www.europesays.com\/fr\/wp-json\/wp\/v2\/posts\/360843\/revisions"}],"wp:featuredmedia":[{"embeddable":true,"href":"https:\/\/www.europesays.com\/fr\/wp-json\/wp\/v2\/media\/149293"}],"wp:attachment":[{"href":"https:\/\/www.europesays.com\/fr\/wp-json\/wp\/v2\/media?parent=360843"}],"wp:term":[{"taxonomy":"category","embeddable":true,"href":"https:\/\/www.europesays.com\/fr\/wp-json\/wp\/v2\/categories?post=360843"},{"taxonomy":"post_tag","embeddable":true,"href":"https:\/\/www.europesays.com\/fr\/wp-json\/wp\/v2\/tags?post=360843"}],"curies":[{"name":"wp","href":"https:\/\/api.w.org\/{rel}","templated":true}]}}