{"id":360844,"date":"2025-09-02T13:24:09","date_gmt":"2025-09-02T13:24:09","guid":{"rendered":"https:\/\/www.europesays.com\/fr\/360844\/"},"modified":"2025-09-02T13:24:09","modified_gmt":"2025-09-02T13:24:09","slug":"plusieurs-caves-et-parkings-sous-leau-et-une-personne-secourue","status":"publish","type":"post","link":"https:\/\/www.europesays.com\/fr\/360844\/","title":{"rendered":"plusieurs caves et parkings sous l&rsquo;eau et une personne secourue"},"content":{"rendered":"<p>            Par<br \/>\n        <strong><br \/>\n            <a href=\"https:\/\/actu.fr\/auteur\/laure-gentil\" title=\"Consulter tous les articles de Laure Gentil\" rel=\"nofollow noopener\" target=\"_blank\">Laure Gentil<\/a><br \/>\n        <\/strong><\/p>\n<p>        Publi\u00e9 le<\/p>\n<p>            2 sept. 2025 \u00e0 14h54        <\/p>\n<p>Ce mardi 2 septembre, <strong>M\u00e9t\u00e9o-France<\/strong> a plac\u00e9 le d\u00e9partement <a href=\"https:\/\/actu.fr\/pays-de-la-loire\/nantes_44109\/pluie-inondation-vent-meteo-france-place-une-vigilance-sur-la-loire-atlantique_63103844.html\" rel=\"nofollow noopener\" target=\"_blank\">en vigilance jaune pour pluie-inondation (de 7\u2009h \u00e0 13\u2009h) et vent (de 8h \u00e0 12h).<\/a> \u00c0 Nantes, quelques inondations ont \u00e9t\u00e9 not\u00e9es par le Service d\u00e9partemental d\u2019incendie et de secours.<\/p>\n<p class=\" wall-content\">En tout, sur la Loire-Atlantique, les sapeurs-pompiers sont intervenus 42\u00a0fois (certaines interventions sont toujours en cours), et <strong>115 pompiers ont \u00e9t\u00e9 mobilis\u00e9s.<\/strong><\/p>\n<p>Une personne \u00ab\u2009mise en s\u00e9curit\u00e9\u2009\u00bb<\/p>\n<p class=\" wall-content\">Selon le point de situation communiqu\u00e9 par le SDIS 44 et la pr\u00e9fecture, plusieurs caves et parkings ont \u00e9t\u00e9 inond\u00e9s dans le <strong>secteur Dalby<\/strong>. Un v\u00e9hicule a de plus \u00e9t\u00e9 retrouv\u00e9 \u00ab\u2009coinc\u00e9 sous le pont de la Moutonnerie avec une personne mise en s\u00e9curit\u00e9 par les pompiers\u2009\u00bb.<\/p>\n<p class=\" wall-content\">Personnalisez votre actualit\u00e9 en ajoutant vos villes et m\u00e9dias en favori avec <a href=\"https:\/\/moncompte.actu.fr\" title=\"D\u00e9couvez Mon Actu\" rel=\"nofollow noopener\" data-trk=\"{&quot;cta&quot;:{&quot;action&quot;:&quot;https:\\\/\\\/moncompte.actu.fr&quot;,&quot;category&quot;:&quot;mon compte&quot;,&quot;from&quot;:&quot;article footer&quot;,&quot;name&quot;:&quot;Mon actu&quot;,&quot;type&quot;:&quot;cta&quot;}}\" target=\"_blank\">Mon Actu<\/a>.<\/p>\n","protected":false},"excerpt":{"rendered":"Par Laure Gentil Publi\u00e9 le 2 sept. 2025 \u00e0 14h54 Ce mardi 2 septembre, M\u00e9t\u00e9o-France a plac\u00e9 le&hellip;\n","protected":false},"author":2,"featured_media":360845,"comment_status":"","ping_status":"","sticky":false,"template":"","format":"standard","meta":{"footnotes":""},"categories":[2818],"tags":[1111,11,1777,674,118,1011,27,2839,766,12,2636,1311,25],"class_list":{"0":"post-360844","1":"post","2":"type-post","3":"status-publish","4":"format-standard","5":"has-post-thumbnail","7":"category-nantes","8":"tag-actu","9":"tag-actualites","10":"tag-eu","11":"tag-europe","12":"tag-faits-divers","13":"tag-fr","14":"tag-france","15":"tag-inondations","16":"tag-nantes","17":"tag-news","18":"tag-pays-de-la-loire","19":"tag-pompiers","20":"tag-republique-francaise"},"share_on_mastodon":{"url":"https:\/\/pubeurope.com\/@fr\/115134926931810151","error":""},"_links":{"self":[{"href":"https:\/\/www.europesays.com\/fr\/wp-json\/wp\/v2\/posts\/360844","targetHints":{"allow":["GET"]}}],"collection":[{"href":"https:\/\/www.europesays.com\/fr\/wp-json\/wp\/v2\/posts"}],"about":[{"href":"https:\/\/www.europesays.com\/fr\/wp-json\/wp\/v2\/types\/post"}],"author":[{"embeddable":true,"href":"https:\/\/www.europesays.com\/fr\/wp-json\/wp\/v2\/users\/2"}],"replies":[{"embeddable":true,"href":"https:\/\/www.europesays.com\/fr\/wp-json\/wp\/v2\/comments?post=360844"}],"version-history":[{"count":0,"href":"https:\/\/www.europesays.com\/fr\/wp-json\/wp\/v2\/posts\/360844\/revisions"}],"wp:featuredmedia":[{"embeddable":true,"href":"https:\/\/www.europesays.com\/fr\/wp-json\/wp\/v2\/media\/360845"}],"wp:attachment":[{"href":"https:\/\/www.europesays.com\/fr\/wp-json\/wp\/v2\/media?parent=360844"}],"wp:term":[{"taxonomy":"category","embeddable":true,"href":"https:\/\/www.europesays.com\/fr\/wp-json\/wp\/v2\/categories?post=360844"},{"taxonomy":"post_tag","embeddable":true,"href":"https:\/\/www.europesays.com\/fr\/wp-json\/wp\/v2\/tags?post=360844"}],"curies":[{"name":"wp","href":"https:\/\/api.w.org\/{rel}","templated":true}]}}