{"id":360846,"date":"2025-09-02T13:25:12","date_gmt":"2025-09-02T13:25:12","guid":{"rendered":"https:\/\/www.europesays.com\/fr\/360846\/"},"modified":"2025-09-02T13:25:12","modified_gmt":"2025-09-02T13:25:12","slug":"jean-charles-perrette-nomme-directeur-regional-nantes-bpifrance","status":"publish","type":"post","link":"https:\/\/www.europesays.com\/fr\/360846\/","title":{"rendered":"Jean-Charles Perrette nomm\u00e9 directeur r\u00e9gional Nantes &#8211; Bpifrance"},"content":{"rendered":"<p style=\"text-align: justify\"><strong>Nantes, le 2 septembre 2025 \u2013 Jean-Charles Perrette est nomm\u00e9 directeur r\u00e9gional Nantes au sein de la direction du r\u00e9seau Ouest de Bpifrance.<\/strong><\/p>\n<p style=\"text-align: justify\">Pilot\u00e9e par Marie Poussin, la Direction du R\u00e9seau Ouest est compos\u00e9e de douze implantations en Bretagne (Brest, Lorient, Rennes, Saint-Brieuc), Nouvelle-Aquitaine (Bordeaux, La Rochelle, Limoges, Pau, Poitiers) et Pays de la Loire (La Roche-sur-Yon, Le Mans, Nantes) qui chacune repr\u00e9sente et exerce l&rsquo;ensemble des m\u00e9tiers de la banque : financement, garantie bancaire, soutien \u00e0 l&rsquo;innovation, investissement en fonds propres, conseil, appui \u00e0 l&rsquo;international et cr\u00e9ation d&rsquo;entreprises.<\/p>\n<p style=\"text-align: justify\"><strong>Jean-Charles PERRETTE est nomm\u00e9 Directeur R\u00e9gional Nantes, depuis le 1er ao\u00fbt 2025. <\/strong>Il succ\u00e8de \u00e0 Beno\u00eet Rigot, nomm\u00e9 Directeur R\u00e9gional Strasbourg.<\/p>\n<p style=\"text-align: justify\">Dipl\u00f4m\u00e9 d&rsquo;un Master Banque Finance \u00e0 l&rsquo;IAE\/IUP Banque Finance Assurance de Caen, Jean-Charles Perrette a int\u00e9gr\u00e9 Bpifrance en 2011 en qualit\u00e9 de Charg\u00e9 d&rsquo;\u00c9tudes au sein de la Direction R\u00e9gionale de Caen, avant de devenir Charg\u00e9 d&rsquo;Affaires Financement en 2013.<\/p>\n<p style=\"text-align: justify\">En 2017, il a \u00e9t\u00e9 nomm\u00e9 D\u00e9l\u00e9gu\u00e9 Territorial de Compi\u00e8gne et a ensuite \u00e9volu\u00e9, en 2021, en qualit\u00e9 de Directeur R\u00e9gional de Reims.<\/p>\n<p style=\"text-align: justify\">Pour rappel, la Direction R\u00e9gionale Bpifrance Nantes compte 11 collaborateurs et est situ\u00e9 au 2 rue Andr\u00e9 Tardieu, \u00e0 Nantes (44000).<\/p>\n","protected":false},"excerpt":{"rendered":"Nantes, le 2 septembre 2025 \u2013 Jean-Charles Perrette est nomm\u00e9 directeur r\u00e9gional Nantes au sein de la direction&hellip;\n","protected":false},"author":2,"featured_media":360847,"comment_status":"","ping_status":"","sticky":false,"template":"","format":"standard","meta":{"footnotes":""},"categories":[2818],"tags":[1111,11,1777,674,1011,27,766,12,2636,25],"class_list":{"0":"post-360846","1":"post","2":"type-post","3":"status-publish","4":"format-standard","5":"has-post-thumbnail","7":"category-nantes","8":"tag-actu","9":"tag-actualites","10":"tag-eu","11":"tag-europe","12":"tag-fr","13":"tag-france","14":"tag-nantes","15":"tag-news","16":"tag-pays-de-la-loire","17":"tag-republique-francaise"},"share_on_mastodon":{"url":"https:\/\/pubeurope.com\/@fr\/115134930892647327","error":""},"_links":{"self":[{"href":"https:\/\/www.europesays.com\/fr\/wp-json\/wp\/v2\/posts\/360846","targetHints":{"allow":["GET"]}}],"collection":[{"href":"https:\/\/www.europesays.com\/fr\/wp-json\/wp\/v2\/posts"}],"about":[{"href":"https:\/\/www.europesays.com\/fr\/wp-json\/wp\/v2\/types\/post"}],"author":[{"embeddable":true,"href":"https:\/\/www.europesays.com\/fr\/wp-json\/wp\/v2\/users\/2"}],"replies":[{"embeddable":true,"href":"https:\/\/www.europesays.com\/fr\/wp-json\/wp\/v2\/comments?post=360846"}],"version-history":[{"count":0,"href":"https:\/\/www.europesays.com\/fr\/wp-json\/wp\/v2\/posts\/360846\/revisions"}],"wp:featuredmedia":[{"embeddable":true,"href":"https:\/\/www.europesays.com\/fr\/wp-json\/wp\/v2\/media\/360847"}],"wp:attachment":[{"href":"https:\/\/www.europesays.com\/fr\/wp-json\/wp\/v2\/media?parent=360846"}],"wp:term":[{"taxonomy":"category","embeddable":true,"href":"https:\/\/www.europesays.com\/fr\/wp-json\/wp\/v2\/categories?post=360846"},{"taxonomy":"post_tag","embeddable":true,"href":"https:\/\/www.europesays.com\/fr\/wp-json\/wp\/v2\/tags?post=360846"}],"curies":[{"name":"wp","href":"https:\/\/api.w.org\/{rel}","templated":true}]}}