{"id":360850,"date":"2025-09-02T13:27:16","date_gmt":"2025-09-02T13:27:16","guid":{"rendered":"https:\/\/www.europesays.com\/fr\/360850\/"},"modified":"2025-09-02T13:27:16","modified_gmt":"2025-09-02T13:27:16","slug":"orelsan-viendra-presenter-son-nouveau-film-en-octobre","status":"publish","type":"post","link":"https:\/\/www.europesays.com\/fr\/360850\/","title":{"rendered":"Orelsan viendra pr\u00e9senter son nouveau film en octobre"},"content":{"rendered":"<p>Orelsan reprend la lumi\u00e8re, mais cette fois-ci ce n\u2019est pas avec un micro. Le rappeur et auteur-compositeur originaire de Caen revient sur le devant de la sc\u00e8ne en tant que <strong>co-r\u00e9alisateur et co-sc\u00e9nariste<\/strong>. <\/p>\n<p>Son nouveau film, Yoro\u00ef, sortira dans les salles fran\u00e7aises le <strong>29 octobre 2025<\/strong>. En amont, il effectuera une tourn\u00e9e d\u2019avant-premi\u00e8res, dont une escale tr\u00e8s attendue \u00e0 Bordeaux le <strong>samedi 4 octobre<\/strong> au <strong>CGR Le Fran\u00e7ais<\/strong>. La billetterie ouvrira d\u00e8s ce mercredi 3 septembre \u00e0 10h.<\/p>\n<p>Dix ans apr\u00e8s Comment c\u2019est loin<\/p>\n<p><img fetchpriority=\"high\" decoding=\"async\" width=\"1024\" height=\"576\" src=\"https:\/\/www.europesays.com\/fr\/wp-content\/uploads\/2025\/09\/yoroi-orelsan-1024x576.jpg\" alt=\"\" class=\"wp-image-82970\"  \/>En amont, il effectuera une tourn\u00e9e d\u2019avant-premi\u00e8res, dont une escale tr\u00e8s attendue \u00e0 Bordeaux le <strong>samedi 4 octobre<\/strong> au <strong>CGR Le Fran\u00e7ais<\/strong>. <\/p>\n<p>Ce long-m\u00e9trage marque un tournant pour Orelsan. Pr\u00e8s de dix ans apr\u00e8s Comment c\u2019est loin !, co-r\u00e9alis\u00e9 avec son complice Gringe des <strong>Casseurs Flowters<\/strong>, il s\u2019attaque de nouveau au cin\u00e9ma. Cette fois-ci, il signe l\u2019\u0153uvre avec le r\u00e9alisateur <strong>David Tomaszewski<\/strong>, d\u00e9j\u00e0 connu pour ses clips et son esth\u00e9tique marqu\u00e9e. Ensemble, ils livrent une histoire inspir\u00e9e de la <strong>culture japonaise<\/strong>, un univers qui fascine Orelsan depuis de nombreuses ann\u00e9es.<\/p>\n<p>Une intrigue fantastique au Japon<\/p>\n<p>Le film suit Aur\u00e9lien, un musicien en qu\u00eate de repos apr\u00e8s une tourn\u00e9e \u00e9reintante. Avec sa femme Nanako, enceinte de leur premier enfant, il s\u2019installe dans une maison traditionnelle \u00e0 la campagne japonaise. Tr\u00e8s vite, la qui\u00e9tude bascule : Aur\u00e9lien d\u00e9couvre dans un puits une myst\u00e9rieuse <strong>armure ancestrale<\/strong>, r\u00e9veillant ainsi les <strong>Yoka\u00efs<\/strong>, cr\u00e9atures l\u00e9gendaires du folklore nippon. Entre drame intime et fantastique, Yoro\u00ef promet une plong\u00e9e d\u00e9paysante et visuellement ambitieuse.<\/p>\n<blockquote class=\"twitter-tweet\" data-width=\"550\" data-dnt=\"true\">\n<p lang=\"fr\" dir=\"ltr\">Yooooooo On vient pr\u00e9senter YORO\u00cf en avant-premi\u00e8re dans quelques villes. J\u2019en reviens pas que \u00e7a commence dans un mois \ud83d\ude31 Pour prendre les billets c\u2019est sur les sites des cin\u00e9mas. Les r\u00e9servations ouvrent demain \u00e0 10h <a href=\"https:\/\/t.co\/H7WS2Mxfzg\" rel=\"nofollow\">pic.twitter.com\/H7WS2Mxfzg<\/a><\/p>\n<p>&mdash; OrelSan (@Orel_san) <a href=\"https:\/\/twitter.com\/Orel_san\/status\/1962787436586488156?ref_src=twsrc%5Etfw\" rel=\"nofollow noopener\" target=\"_blank\">September 2, 2025<\/a><\/p><\/blockquote>\n<p><script async src=\"https:\/\/platform.twitter.com\/widgets.js\" charset=\"utf-8\"><\/script>\n<\/p>\n<p>Une chose est certaine : la pr\u00e9sentation de Yoro\u00ef \u00e0 Bordeaux devrait attirer aussi bien les passionn\u00e9s de rap que les amateurs de cin\u00e9ma<\/p>\n<p>Un retour artistique qui interroge<\/p>\n<p>Ce projet relance aussi la machine \u00e0 rumeurs. Selon Paris-Match, Orelsan pourrait d\u00e9voiler un <strong>nouvel album<\/strong> seulement deux jours apr\u00e8s la sortie du film. Les sp\u00e9culations vont bon train : s\u2019agira-t-il de la bande originale de Yoro\u00ef ou d\u2019un v\u00e9ritable opus in\u00e9dit ? Par ailleurs, une <strong>nouvelle tourn\u00e9e<\/strong> serait \u00e0 l\u2019\u00e9tude, avec un possible lancement au printemps 2026.<\/p>\n<p>Une rentr\u00e9e sous le signe d\u2019Orelsan<\/p>\n<p>Entre cin\u00e9ma, musique et peut-\u00eatre concerts, l\u2019automne s\u2019annonce charg\u00e9 pour l\u2019artiste normand. Une chose est certaine : la pr\u00e9sentation de Yoro\u00ef \u00e0 Bordeaux devrait attirer aussi bien les passionn\u00e9s de rap que les amateurs de cin\u00e9ma curieux de d\u00e9couvrir cette nouvelle facette d\u2019Orelsan.<\/p>\n<p>A lire aussi : <a href=\"https:\/\/www.bougerabordeaux.com\/food\/code-23-ladresse-chic-et-envoutante-qui-reinvente-tes-soirees-bordelaises\/\" rel=\"nofollow noopener\" target=\"_blank\">CODE 23 : l\u2019adresse chic et envo\u00fbtante qui r\u00e9invente tes soir\u00e9es bordelaises !<\/a><\/p>\n<p>\t\t<script async src=\"https:\/\/platform.twitter.com\/widgets.js\" charset=\"utf-8\"><\/script><\/p>\n","protected":false},"excerpt":{"rendered":"Orelsan reprend la lumi\u00e8re, mais cette fois-ci ce n\u2019est pas avec un micro. Le rappeur et auteur-compositeur originaire&hellip;\n","protected":false},"author":2,"featured_media":360851,"comment_status":"","ping_status":"","sticky":false,"template":"","format":"standard","meta":{"footnotes":""},"categories":[2817],"tags":[1111,11,1997,1777,674,1011,27,12,2219,25],"class_list":{"0":"post-360850","1":"post","2":"type-post","3":"status-publish","4":"format-standard","5":"has-post-thumbnail","7":"category-bordeaux","8":"tag-actu","9":"tag-actualites","10":"tag-bordeaux","11":"tag-eu","12":"tag-europe","13":"tag-fr","14":"tag-france","15":"tag-news","16":"tag-nouvelle-aquitaine","17":"tag-republique-francaise"},"share_on_mastodon":{"url":"https:\/\/pubeurope.com\/@fr\/115134938713921090","error":""},"_links":{"self":[{"href":"https:\/\/www.europesays.com\/fr\/wp-json\/wp\/v2\/posts\/360850","targetHints":{"allow":["GET"]}}],"collection":[{"href":"https:\/\/www.europesays.com\/fr\/wp-json\/wp\/v2\/posts"}],"about":[{"href":"https:\/\/www.europesays.com\/fr\/wp-json\/wp\/v2\/types\/post"}],"author":[{"embeddable":true,"href":"https:\/\/www.europesays.com\/fr\/wp-json\/wp\/v2\/users\/2"}],"replies":[{"embeddable":true,"href":"https:\/\/www.europesays.com\/fr\/wp-json\/wp\/v2\/comments?post=360850"}],"version-history":[{"count":0,"href":"https:\/\/www.europesays.com\/fr\/wp-json\/wp\/v2\/posts\/360850\/revisions"}],"wp:featuredmedia":[{"embeddable":true,"href":"https:\/\/www.europesays.com\/fr\/wp-json\/wp\/v2\/media\/360851"}],"wp:attachment":[{"href":"https:\/\/www.europesays.com\/fr\/wp-json\/wp\/v2\/media?parent=360850"}],"wp:term":[{"taxonomy":"category","embeddable":true,"href":"https:\/\/www.europesays.com\/fr\/wp-json\/wp\/v2\/categories?post=360850"},{"taxonomy":"post_tag","embeddable":true,"href":"https:\/\/www.europesays.com\/fr\/wp-json\/wp\/v2\/tags?post=360850"}],"curies":[{"name":"wp","href":"https:\/\/api.w.org\/{rel}","templated":true}]}}