{"id":360854,"date":"2025-09-02T13:29:09","date_gmt":"2025-09-02T13:29:09","guid":{"rendered":"https:\/\/www.europesays.com\/fr\/360854\/"},"modified":"2025-09-02T13:29:09","modified_gmt":"2025-09-02T13:29:09","slug":"pres-de-toulouse-polemique-dans-cette-commune-ou-une-reunion-du-rn-est-prevue-au-stade-municipal","status":"publish","type":"post","link":"https:\/\/www.europesays.com\/fr\/360854\/","title":{"rendered":"Pr\u00e8s de Toulouse. Pol\u00e9mique dans cette commune, o\u00f9 une r\u00e9union du RN est pr\u00e9vue\u2026 au stade municipal"},"content":{"rendered":"<p>            Par<br \/>\n        <strong><br \/>\n            <a href=\"https:\/\/actu.fr\/auteur\/guillaume-laurens\" title=\"Consulter tous les articles de Guillaume Laurens\" target=\"_blank\" rel=\"noopener\">Guillaume Laurens<\/a><br \/>\n        <\/strong><\/p>\n<p>        Publi\u00e9 le<\/p>\n<p>            2 sept. 2025 \u00e0 15h11        <\/p>\n<p>\u00ab\u2009La <strong>politique<\/strong> n\u2019a pas sa place au stade de <a href=\"https:\/\/actu.fr\/occitanie\/villaudric_31581\" target=\"_blank\" rel=\"noopener\"><strong>Villaudric<\/strong><\/a>\u2009\u00bb. C\u2019est le nom d\u2019une <strong>p\u00e9tition<\/strong> lanc\u00e9e pour s\u2019opposer \u00e0 un meeting du <strong><a href=\"https:\/\/actu.fr\/tag\/rassemblement-national-rn\" target=\"_blank\" rel=\"noopener\">Rassemblement national<\/a>, <\/strong>pr\u00e9vu ce dimanche 7\u00a0septembre 2025 dans le <strong>complexe sportif<\/strong> de cette commune de 1\u2009600 \u00e2mes, situ\u00e9e au nord de Toulouse. Et qui interpelle ouvertement le maire (sans \u00e9tiquette) de la commune. L\u2019eurod\u00e9put\u00e9 (RN) <strong>Julien Leonardelli<\/strong> y voit des \u00ab\u2009tentatives d\u2019entraver la libert\u00e9 d\u2019expression\u2009\u00bb. Ce qu\u2019il se passe.<\/p>\n<p>La rentr\u00e9e politique de l\u2019eurod\u00e9put\u00e9 Julien Leonardelli<\/p>\n<p class=\" wall-content\">Lanc\u00e9e samedi sur <a href=\"https:\/\/www.change.org\/p\/la-politique-n-a-pas-sa-place-au-stade-de-villaudric\" target=\"_blank\" rel=\"noopener\">change.org,<\/a> cette p\u00e9tition \u2014 qui comptabilisait 166 signatures ce mardi, \u00e0 la mi-journ\u00e9e \u2014 est \u00e0 l\u2019initiative du <strong>Club Inter Jeunes Villaudricain<\/strong> (CIJV), le club de football local, qui d\u00e9plore avoir \u00ab\u2009\u00e9t\u00e9 inform\u00e9 que le stade du village \u00e9tait r\u00e9serv\u00e9 pour le dimanche 7\u00a0septembre 2025\u2009\u00bb, avant d\u2019apprendre \u00ab\u2009de mani\u00e8re fortuite qu\u2019il s\u2019agissait en r\u00e9alit\u00e9 d\u2019un <strong>meeting politique<\/strong> organis\u00e9 par <a href=\"https:\/\/actu.fr\/occitanie\/toulouse_31555\/elections-europeennes-2024-deux-candidats-issus-de-toulouse-elus-deputes-qui-sont-ils_61148943.html\" target=\"_blank\" rel=\"noopener\"><strong>Julien Leonardelli\u2009\u00bb,<\/strong> l\u2019eurod\u00e9put\u00e9 RN,<\/a> tr\u00e8s implant\u00e9 dans le Nord Toulousain, puisqu\u2019il fut conseiller municipal \u00e0 Bouloc, mais aussi candidat aux L\u00e9gislatives dans la 5\u1d49 circonscription.\u00a0L\u2019int\u00e9ress\u00e9 pr\u00e9voit en effet d\u2019organiser sa <strong>rentr\u00e9e politique<\/strong> sur place, ce dimanche \u00e0 18\u00a0heures.<\/p>\n<p>Un pr\u00eat \u00ab\u2009\u00e0 des fins politiques\u2009\u00bb qui ne passe pas<\/p>\n<p class=\" wall-content\">\u00ab\u2009Le CIJV tient \u00e0 <strong>se d\u00e9solidariser du choix<\/strong> de la mairie de Villaudric, sous la responsabilit\u00e9 de son maire Philippe Provendier, de pr\u00eater le stade municipal et ses locaux \u00e0 des fins politiques\u2009\u00bb, \u00e9crit encore le club.<\/p>\n<blockquote class=\"ac-article-quote wall-content\">\n<p>Notre club est compos\u00e9 de b\u00e9n\u00e9voles, de jeunes, de parents et de passionn\u00e9s qui, tout au long de l\u2019ann\u00e9e, s\u2019engagent pour que le football soit un lieu de respect, de convivialit\u00e9 et d\u2019inclusion, ouvert \u00e0 toutes et \u00e0 tous, quelles que soient leurs origines ou leurs convictions.<\/p>\n<p>    <strong>Le Club Inter Jeunes Villaudricain<\/strong>\n            <\/p><\/blockquote>\n<p class=\" wall-content\">\u00ab\u2009Nous refusons que les infrastructures que nous utilisons quotidiennement pour pratiquer le sport soient <strong>associ\u00e9es \u00e0 un parti politique<\/strong>, quel qu\u2019il soit\u2009\u00bb, ajoute la p\u00e9tition, qui estime que \u00ab\u2009le sport doit rester un espace de neutralit\u00e9, de partage, de respect et de fraternit\u00e9\u2009\u00bb.<\/p>\n<p>\u00ab\u2009Je n\u2019avais pas le droit de refuser\u2009\u00bb, r\u00e9agit le maire<\/p>\n<p class=\" wall-content\">\u00ab\u2009Je n\u2019avais pas le droit de refuser\u2009\u00bb, r\u00e9torque <strong>Philippe Provendier<\/strong>, interrog\u00e9 par Actu Toulouse. \u00ab\u2009J\u2019ai re\u00e7u M. Leonardelli, qui habite le village et qui est eurod\u00e9put\u00e9. Il m\u2019a demand\u00e9 de tenir une r\u00e9union avec une cinquantaine de personnes sur un espace de d\u00e9tente qui jouxte le stade. J\u2019ai consult\u00e9 la l\u00e9gislation en la mati\u00e8re, ainsi que mon conseil juridique, qui m\u2019a indiqu\u00e9 que je devais l\u2019accepter\u2009\u00bb.<\/p>\n<blockquote class=\"ac-article-quote wall-content\">\n<p>Si j&rsquo;avais refus\u00e9, c&rsquo;\u00e9tait un motif de r\u00e9f\u00e9r\u00e9 et M. Leonardelli pouvait contester la d\u00e9cision. Et en r\u00e9f\u00e9r\u00e9, j&rsquo;aurais \u00e9t\u00e9 oblig\u00e9 de lui octroyer l&rsquo;espace public. D&rsquo;autres maires ont \u00e9t\u00e9 condamn\u00e9s pour les m\u00eames raisons.\n<\/p>\n<p>    <strong>Philippe Provendier<\/strong><br \/>\n        Maire (sans \u00e9tiquette) de Villaudric    <\/p><\/blockquote>\n<p>Votre r\u00e9gion, votre actu !<\/p>\n<p>Recevez chaque jour les infos qui comptent pour vous.<\/p>\n<p>\t<a href=\"https:\/\/actu.fr\/newsletter\" class=\"ac-btn ac-btn--corner ac-btn--medium ac-btn--blue800\" target=\"_blank\" rel=\"noopener\">S&rsquo;incrire<\/a><br \/>\n\u00ab\u2009Aucune convergence politique\u2009\u00bb, dit Philippe Provendier<\/p>\n<p class=\" wall-content\">\u00ab\u2009Nous n\u2019avons <strong>aucune convergence politique\u2009\u00bb<\/strong> avec le d\u00e9l\u00e9gu\u00e9 d\u00e9partemental du RN, poursuit le maire de Villaudric. \u00ab\u2009Quand j\u2019ai re\u00e7u M. Leonardelli, je lui ai dit que <strong>je ne partageais pas ses id\u00e9es,<\/strong> ni les orientations de son parti\u2009\u00bb.<\/p>\n<blockquote class=\"ac-article-quote wall-content\">\n<p>Mais cela fait partie du droit, et je devais mettre \u00e0 disposition l&rsquo;espace public pour cet \u00e9lu de la R\u00e9publique, au m\u00eame titre que pour tous les autres partis, collectifs ou particuliers qui me le demandent r\u00e9guli\u00e8rement.<\/p>\n<p>    <strong>Philippe Provendier<\/strong>\n            <\/p><\/blockquote>\n<p class=\" wall-content\">Et l\u2019\u00e9lu de rappeler\u2009: \u00ab\u2009Je ne suis pas propri\u00e9taire de l\u2019espace public, je n\u2019en suis que le gardien\u2009\u00bb.<\/p>\n<p>Des \u00ab\u2009tentatives d\u2019entraver la libert\u00e9 d\u2019expression\u2009\u00bb, pour Julien Leonardelli<\/p>\n<p class=\" wall-content\">De son c\u00f4t\u00e9, Julien Leonardelli d\u00e9plore\u00a0des \u00ab\u2009tentatives <strong>d\u2019entraver la libert\u00e9 d\u2019expression\u2009\u00bb<\/strong>.<\/p>\n<blockquote class=\"ac-article-quote wall-content\">\n<p>Certains voudraient nous faire croire que la politique n\u2019aurait pas sa place sur l\u2019espace public, ce qui est une vision profond\u00e9ment r\u00e9ductrice et tout \u00e0 fait contraire \u00e0 tous nos principes r\u00e9publicains.<\/p>\n<p>    <strong>Julien Leonardelli<\/strong><br \/>\n        D\u00e9put\u00e9 europ\u00e9en (RN)    <\/p><\/blockquote>\n<p class=\" wall-content\">\u00ab\u2009La libert\u00e9 d\u2019expression et la libert\u00e9 de r\u00e9union sont des <strong>droits fondamentaux<\/strong> dans notre pays\u2009\u00bb, claironne le parlementaire\u2009: \u00ab\u2009Vouloir restreindre ces droits par sectarisme ou par id\u00e9ologie reviendrait \u00e0 instaurer une d\u00e9mocratie \u00e0 deux vitesses, o\u00f9 seuls certains auraient le droit de se rassembler l\u00e9galement et en s\u00e9curit\u00e9\u2009\u00bb.<\/p>\n<p>\u00ab\u2009Ils veulent transformer le stade en champ de bataille\u2009\u00bb dit l\u2019eurod\u00e9put\u00e9<\/p>\n<p class=\" wall-content\">\u00ab\u2009Je pense au contraire que la politique a toute sa place dans l\u2019espace public\u2009\u00bb, insiste Julien Leonardelli, qui claironne\u2009: \u00ab\u2009En r\u00e9alit\u00e9, ce sont les signataires de cette p\u00e9tition qui veulent transformer le Stade municipal de Villaudric en un <strong>v\u00e9ritable champ de bataille id\u00e9ologique\u2009\u00bb<\/strong>.<\/p>\n<p class=\" wall-content\">\u00ab\u2009Je remercie le maire de Villaudric pour sa <strong>fermet\u00e9<\/strong> face aux <strong>pressions<\/strong> exerc\u00e9es sur <strong>sa personne\u2009\u00bb,<\/strong> avance-t-il. \u00ab\u2009Sa d\u00e9cision honore sa fonction d\u2019\u00e9lu et devrait inspirer bien d\u2019autres maires en France\u2009\u00bb.<\/p>\n<blockquote class=\"ac-article-quote wall-content\">\n<p>Je tiens \u00e0 saluer l\u2019attitude responsable et courageuse du maire de Villaudric, Monsieur Philippe Provendier, qui malgr\u00e9 nos divergences politiques, a choisi de laisser vivre la d\u00e9mocratie dans sa commune.<\/p>\n<p>    <strong>Julien Leonardelli<\/strong>\n            <\/p><\/blockquote>\n<p>\u00ab\u2009Merci, \u00e7a me fait de la pub\u2009\u00bb, ironise l\u2019eurod\u00e9put\u00e9<\/p>\n<p class=\" wall-content\">Concr\u00e8tement, l\u2019eurod\u00e9put\u00e9 RN et les autres participants \u00e0 cette r\u00e9union ne vont \u00ab\u2009pas s\u2019installer sur la pelouse du stade\u2009\u00bb de football, mais sur \u00ab\u2009un <strong>espace enherb\u00e9<\/strong> juste \u00e0 c\u00f4t\u00e9, qui est ouvert \u00e0 tout le monde, avec des tables et des bancs\u2009\u00bb, d\u00e9taille l\u2019\u00e9lu.<\/p>\n<p class=\" wall-content\">\u00ab\u2009Je partais sur un \u00e9v\u00e9nement assez minimaliste, mais <strong>gr\u00e2ce \u00e0 cela<\/strong>, j\u2019aurais sans doute beaucoup plus de monde, au moins une centaine de personnes\u2009\u00bb, ironise Julien Leonardelli.<\/p>\n<blockquote class=\"ac-article-quote wall-content\">\n<p>L&rsquo;avantage, c&rsquo;est que \u00e7a me fait de la pub. Merci \u00e0 ceux qui alimentent cette pol\u00e9mique !<\/p>\n<p>    <strong>Julien Leonardelli<\/strong>\n            <\/p><\/blockquote>\n<p class=\" wall-content\">\u00ab\u2009Certains sont pr\u00eats \u00e0 tout pour faire feu de tout bois\u2009\u00bb, embraye Julien Leonardelli, \u00ab\u2009\u00e7a sent les <strong>\u00e9lections municipales<\/strong>\u2009\u00bb.<\/p>\n<p class=\" wall-content\">Personnalisez votre actualit\u00e9 en ajoutant vos villes et m\u00e9dias en favori avec <a href=\"https:\/\/moncompte.actu.fr\" title=\"D\u00e9couvez Mon Actu\" rel=\"nofollow noopener\" data-trk=\"{&quot;cta&quot;:{&quot;action&quot;:&quot;https:\\\/\\\/moncompte.actu.fr&quot;,&quot;category&quot;:&quot;mon compte&quot;,&quot;from&quot;:&quot;article footer&quot;,&quot;name&quot;:&quot;Mon actu&quot;,&quot;type&quot;:&quot;cta&quot;}}\" target=\"_blank\">Mon Actu<\/a>.<\/p>\n","protected":false},"excerpt":{"rendered":"Par Guillaume Laurens Publi\u00e9 le 2 sept. 2025 \u00e0 15h11 \u00ab\u2009La politique n\u2019a pas sa place au stade&hellip;\n","protected":false},"author":2,"featured_media":360855,"comment_status":"","ping_status":"","sticky":false,"template":"","format":"standard","meta":{"footnotes":""},"categories":[2816],"tags":[1111,11,1777,674,1011,27,12,2680,316,2556,25,2312],"class_list":{"0":"post-360854","1":"post","2":"type-post","3":"status-publish","4":"format-standard","5":"has-post-thumbnail","7":"category-toulouse","8":"tag-actu","9":"tag-actualites","10":"tag-eu","11":"tag-europe","12":"tag-fr","13":"tag-france","14":"tag-news","15":"tag-occitanie","16":"tag-politique","17":"tag-rassemblement-national-rn","18":"tag-republique-francaise","19":"tag-toulouse"},"share_on_mastodon":{"url":"https:\/\/pubeurope.com\/@fr\/115134946485231182","error":""},"_links":{"self":[{"href":"https:\/\/www.europesays.com\/fr\/wp-json\/wp\/v2\/posts\/360854","targetHints":{"allow":["GET"]}}],"collection":[{"href":"https:\/\/www.europesays.com\/fr\/wp-json\/wp\/v2\/posts"}],"about":[{"href":"https:\/\/www.europesays.com\/fr\/wp-json\/wp\/v2\/types\/post"}],"author":[{"embeddable":true,"href":"https:\/\/www.europesays.com\/fr\/wp-json\/wp\/v2\/users\/2"}],"replies":[{"embeddable":true,"href":"https:\/\/www.europesays.com\/fr\/wp-json\/wp\/v2\/comments?post=360854"}],"version-history":[{"count":0,"href":"https:\/\/www.europesays.com\/fr\/wp-json\/wp\/v2\/posts\/360854\/revisions"}],"wp:featuredmedia":[{"embeddable":true,"href":"https:\/\/www.europesays.com\/fr\/wp-json\/wp\/v2\/media\/360855"}],"wp:attachment":[{"href":"https:\/\/www.europesays.com\/fr\/wp-json\/wp\/v2\/media?parent=360854"}],"wp:term":[{"taxonomy":"category","embeddable":true,"href":"https:\/\/www.europesays.com\/fr\/wp-json\/wp\/v2\/categories?post=360854"},{"taxonomy":"post_tag","embeddable":true,"href":"https:\/\/www.europesays.com\/fr\/wp-json\/wp\/v2\/tags?post=360854"}],"curies":[{"name":"wp","href":"https:\/\/api.w.org\/{rel}","templated":true}]}}