{"id":360860,"date":"2025-09-02T13:33:14","date_gmt":"2025-09-02T13:33:14","guid":{"rendered":"https:\/\/www.europesays.com\/fr\/360860\/"},"modified":"2025-09-02T13:33:14","modified_gmt":"2025-09-02T13:33:14","slug":"daniel-riolo-explique-pourquoi-le-recrutement-a-ete-aussi-tardif","status":"publish","type":"post","link":"https:\/\/www.europesays.com\/fr\/360860\/","title":{"rendered":"Daniel Riolo explique pourquoi le recrutement a \u00e9t\u00e9 aussi tardif !"},"content":{"rendered":"<p><strong>Alors que l\u2019Olympique de Marseille a boucl\u00e9 un mercato spectaculaire avec douze recrues de haut niveau, le journaliste Daniel Riolo a salu\u00e9 la qualit\u00e9 de l\u2019effectif tout en pointant du doigt un timing tardif qui interroge. Entre enthousiasme et scepticisme, l\u2019analyse met en lumi\u00e8re les enjeux d\u2019un mercato men\u00e9 \u00e0 la derni\u00e8re minute.<\/strong><\/p>\n<p>\u00a0<\/p>\n<p>Daniel Riolo, dans l\u2019<strong>After Foot<\/strong> sur RMC, a livr\u00e9 une <strong>analyse contrast\u00e9e<\/strong> du mercato estival de l\u2019Olympique de Marseille, qui a vu <strong>douze arriv\u00e9es<\/strong> majeures conclues dans les ultimes heures de la fen\u00eatre de transferts.<\/p>\n<p>\u00a0<\/p>\n<\/p>\n<p>\u00a0<\/p>\n<p>D\u2019un c\u00f4t\u00e9, le journaliste se d\u00e9clare <strong>convaincu<\/strong> par la <strong>qualit\u00e9 de l\u2019effectif<\/strong> d\u00e9sormais constitu\u00e9 : \u00ab Globalement, \u00e7a ne peut qu\u2019\u00eatre bien pour l\u2019OM vu qu\u2019il n\u2019y a que des bons <strong>joueurs<\/strong>. \u2026 <strong>Il y a des ann\u00e9es qu\u2019on n\u2019a pas vu un effectif aussi fort \u00e0 Marseille<\/strong>. C\u2019est clair, net. \u00bb. Il souligne ainsi l\u2019impact potentiel d\u2019un groupe complet, renforc\u00e9 \u00e0 tous les niveaux.<\/p>\n<p>\u00a0<\/p>\n<p>\u00e7a co\u00fbte moins cher de faire ces coups-l\u00e0 en toute fin de mercato<\/p>\n<p>\u00a0<\/p>\n<blockquote class=\"twitter-tweet-lazy\">\n<p dir=\"ltr\" lang=\"fr\">\ud83d\udde3\ufe0f <a href=\"https:\/\/twitter.com\/DanielRiolo?ref_src=twsrc%5Etfw\" rel=\"nofollow noopener\" target=\"_blank\">@DanielRiolo<\/a> tire un bilan positif du mercato marseillais. <a href=\"https:\/\/t.co\/y0XP6YD45S\" rel=\"nofollow\">pic.twitter.com\/y0XP6YD45S<\/a><\/p>\n<p>\u2014 After Foot RMC (@AfterRMC) <a href=\"https:\/\/twitter.com\/AfterRMC\/status\/1962611226543874535?ref_src=twsrc%5Etfw\" rel=\"nofollow noopener\" target=\"_blank\">September 1, 2025<\/a><\/p>\n<\/blockquote>\n<p>Malgr\u00e9 l\u2019enthousiasme pour le <strong>mercato<\/strong>, Riolo s\u2019inqui\u00e8te du <strong>moment choisi<\/strong> : \u201cMais <strong>pourquoi si tard ?<\/strong> \u2026 <strong>Au moment o\u00f9 tu as deux d\u00e9faites<\/strong>, un <strong>climat de crise<\/strong> avec De Zerbi qui n\u2019a pas l\u2019air de trop comprendre\u2026 Alors pourquoi ?\u201d.<\/p>\n<p>Il avance une raison \u00e9conomique : \u00ab La <strong>r\u00e9ponse<\/strong>, c\u2019est que \u00e7a co\u00fbte <strong>moins cher<\/strong> de faire ces coups-l\u00e0 en <strong>toute fin de mercato<\/strong>. \u00c7a devient un <strong>classique<\/strong>. \u00bb\u00a0<\/p>\n<p>\u00a0<\/p>\n<p>A lire aussi :\u00a0<a href=\"https:\/\/www.footballclubdemarseille.fr\/om-actualites\/mercato-om-qui-est-matt-oriley-lavis-dun-specialiste-de-brighton.html\" target=\"_blank\" rel=\"noopener nofollow\">Mercato OM : Qui est Matt O\u2019Riley ? L\u2019avis d\u2019un sp\u00e9cialiste de Brighton !<\/a><\/p>\n<p>C\u00f4t\u00e9 <strong>actualit\u00e9<\/strong>, les donn\u00e9es sont pr\u00e9cises et r\u00e9centes : en tout, <strong>douze recrues<\/strong> ont \u00e9t\u00e9 officialis\u00e9es \u00e0 la fin du mercato. Parmi les nouvelles arriv\u00e9es figurent des noms prestigieux comme <strong>Benjamin Pavard<\/strong>, <strong>Pierre-Emerick Aubameyang<\/strong>, <strong>Igor Paix\u00e3o<\/strong>, <strong>Nayef Aguerd<\/strong>, <strong>Arthur Vermeeren<\/strong> ou encore <strong>Facundo Medina<\/strong>. En parall\u00e8le, l\u2019OM a enregistr\u00e9 des d\u00e9parts importants (Adrien Rabiot, Jonathan Rowe, Luis Henrique, Quentin Merlin\u2026), confirmant la <strong>refonte compl\u00e8te de l\u2019effectif<\/strong>.<\/p>\n<p>            <script async src=\"https:\/\/platform.twitter.com\/widgets.js\" charset=\"utf-8\"><\/script><\/p>\n","protected":false},"excerpt":{"rendered":"Alors que l\u2019Olympique de Marseille a boucl\u00e9 un mercato spectaculaire avec douze recrues de haut niveau, le journaliste&hellip;\n","protected":false},"author":2,"featured_media":360861,"comment_status":"","ping_status":"","sticky":false,"template":"","format":"standard","meta":{"footnotes":""},"categories":[2814],"tags":[1111,11,1777,674,1011,27,884,12,882,25],"class_list":{"0":"post-360860","1":"post","2":"type-post","3":"status-publish","4":"format-standard","5":"has-post-thumbnail","7":"category-marseille","8":"tag-actu","9":"tag-actualites","10":"tag-eu","11":"tag-europe","12":"tag-fr","13":"tag-france","14":"tag-marseille","15":"tag-news","16":"tag-provence-alpes-cote-dazur","17":"tag-republique-francaise"},"share_on_mastodon":{"url":"https:\/\/pubeurope.com\/@fr\/115134962290103972","error":""},"_links":{"self":[{"href":"https:\/\/www.europesays.com\/fr\/wp-json\/wp\/v2\/posts\/360860","targetHints":{"allow":["GET"]}}],"collection":[{"href":"https:\/\/www.europesays.com\/fr\/wp-json\/wp\/v2\/posts"}],"about":[{"href":"https:\/\/www.europesays.com\/fr\/wp-json\/wp\/v2\/types\/post"}],"author":[{"embeddable":true,"href":"https:\/\/www.europesays.com\/fr\/wp-json\/wp\/v2\/users\/2"}],"replies":[{"embeddable":true,"href":"https:\/\/www.europesays.com\/fr\/wp-json\/wp\/v2\/comments?post=360860"}],"version-history":[{"count":0,"href":"https:\/\/www.europesays.com\/fr\/wp-json\/wp\/v2\/posts\/360860\/revisions"}],"wp:featuredmedia":[{"embeddable":true,"href":"https:\/\/www.europesays.com\/fr\/wp-json\/wp\/v2\/media\/360861"}],"wp:attachment":[{"href":"https:\/\/www.europesays.com\/fr\/wp-json\/wp\/v2\/media?parent=360860"}],"wp:term":[{"taxonomy":"category","embeddable":true,"href":"https:\/\/www.europesays.com\/fr\/wp-json\/wp\/v2\/categories?post=360860"},{"taxonomy":"post_tag","embeddable":true,"href":"https:\/\/www.europesays.com\/fr\/wp-json\/wp\/v2\/tags?post=360860"}],"curies":[{"name":"wp","href":"https:\/\/api.w.org\/{rel}","templated":true}]}}