{"id":360864,"date":"2025-09-02T13:35:10","date_gmt":"2025-09-02T13:35:10","guid":{"rendered":"https:\/\/www.europesays.com\/fr\/360864\/"},"modified":"2025-09-02T13:35:10","modified_gmt":"2025-09-02T13:35:10","slug":"gregory-doucet-denonce-une-pluie-de-commentaires-racistes-a-la-rentree","status":"publish","type":"post","link":"https:\/\/www.europesays.com\/fr\/360864\/","title":{"rendered":"Gr\u00e9gory Doucet d\u00e9nonce une pluie de commentaires racistes \u00e0 la rentr\u00e9e"},"content":{"rendered":"<p>            Par<br \/>\n        <strong><br \/>\n            <a href=\"https:\/\/actu.fr\/auteur\/theo-zuili\" title=\"Consulter tous les articles de Th\u00e9o Zuili\" target=\"_blank\" rel=\"noopener\">Th\u00e9o Zuili<\/a><br \/>\n        <\/strong><\/p>\n<p>        Publi\u00e9 le<\/p>\n<p>            2 sept. 2025 \u00e0 15h28        <\/p>\n<p>Venu souhaiter une bonne <a href=\"https:\/\/actu.fr\/tag\/rentree-scolaire\" target=\"_blank\" rel=\"noopener\">rentr\u00e9e scolaire<\/a> aux \u00e9l\u00e8ves et personnels d\u2019un \u00e9tablissement du quartier populaire de La Duch\u00e8re, dans le 9e arrondissement de <a href=\"https:\/\/actu.fr\/auvergne-rhone-alpes\/lyon_69123\" target=\"_blank\" rel=\"noopener\">Lyon<\/a>, Gr\u00e9gory Doucet ne s\u2019attendait pas \u00e0 recevoir un tel <strong>torrent d\u2019insultes et de haine<\/strong>.<\/p>\n<p>Un d\u00e9ferlement de haine<\/p>\n<p class=\" wall-content\">Une vid\u00e9o publi\u00e9e sur les r\u00e9seaux sociaux lundi 1\u1d49\u02b3 septembre 2025 sur les comptes du maire met en sc\u00e8ne l\u2019\u00e9lu saluant <strong>des parents d\u2019\u00e9l\u00e8ves et leurs enfants<\/strong> \u00e0 la rentr\u00e9e des classes de l\u2019\u00e9cole \u00e9l\u00e9mentaire publique Les G\u00e9raniums \u00e0 <a href=\"https:\/\/actu.fr\/auvergne-rhone-alpes\/lyon_69123\/lyon-les-habitants-se-plaisent-a-la-duchere-qui-s-est-apaisee-la-maire-du-9e-arrondissement-repond_62936228.html\" target=\"_blank\" rel=\"noopener\">La Duch\u00e8re<\/a>.<\/p>\n<p class=\" wall-content\">La vid\u00e9o a \u00e9t\u00e9 la cible de<strong> centaines de commentaires racistes<\/strong>, entre insultes, moqueries, propos d\u00e9gradants, appels \u00e0 la violence et d\u00e9shumanisation. Anonymes ou en leur nom, de tr\u00e8s nombreux utilisateurs ont vivement critiqu\u00e9 la pr\u00e9sence de femmes adultes voil\u00e9es et d\u2019enfants noirs ou magr\u00e9bins.<\/p>\n<p>    <a href=\"https:\/\/www.facebook.com\/plugins\/video.php?height=476&amp;href=https%3A%2F%2Fwww.facebook.com%2Freel%2F800327502334281%2F&amp;show_text=true&amp;width=350&amp;t=0\" title=\"Ouvrie le lien\" target=\"_blank\" rel=\"noopener\">Cliquez ici pour visualiser le contenu<\/a><\/p>\n<p class=\" wall-content\">\u00ab\u00a0Stupeur et effroi. Ce sont les mots qui me viennent en lisant les milliers de commentaires re\u00e7us\u00a0\u00bb, r\u00e9agit Gr\u00e9gory Doucet ce mardi 2 septembre.<\/p>\n<p>Des poursuites possibles ?<\/p>\n<p class=\" wall-content\">\u00ab\u00a0En premier lieu, j\u2019apporte mon plein soutien \u00e0 nos concitoyennes et concitoyens cibl\u00e9s par cette d\u00e9ferlante raciste. Le rejet de l\u2019autre, la stigmatisation et la provocation \u00e0 la haine ne sont pas compatibles avec nos principes r\u00e9publicains. Les voir ainsi outrag\u00e9s est une violence insupportable. Je veux aussi dire mon soutien \u00e0 toute l\u2019\u00e9quipe \u00e9ducative\u00a0\u00bb, \u00e9crit <a href=\"https:\/\/actu.fr\/tag\/gregory-doucet\" target=\"_blank\" rel=\"noopener\">Gr\u00e9gory Doucet<\/a>.<\/p>\n<p>Votre r\u00e9gion, votre actu !<\/p>\n<p>Recevez chaque jour les infos qui comptent pour vous.<\/p>\n<p>\t<a href=\"https:\/\/actu.fr\/newsletter\" class=\"ac-btn ac-btn--corner ac-btn--medium ac-btn--blue800\" target=\"_blank\" rel=\"noopener\">S&rsquo;incrire<\/a><\/p>\n<p class=\" wall-content\">\u00ab\u00a0Cette haine virale et d\u00e9complex\u00e9e me pr\u00e9occupe. Alors, je crois n\u00e9cessaire de rappeler que le racisme doit \u00eatre combattu partout, toujours, avec force et honn\u00eatet\u00e9.\u00a0\u00bb \u00c0 ce stade, <strong>aucune plainte<\/strong> n\u2019est d\u00e9pos\u00e9e.<\/p>\n<p class=\" wall-content\">Le maire \u00e9cologiste n\u2019est pas le seul \u00e9lu \u00e0 recevoir un tel flot de commentaires racistes sous les publications de rentr\u00e9e scolaire. Les vid\u00e9os mettant en sc\u00e8ne <a href=\"https:\/\/actu.fr\/tag\/elisabeth-borne\" target=\"_blank\" rel=\"noopener\">\u00c9lisabeth Borne<\/a>, ministre de l\u2019\u00c9ducation, ont \u00e9galement \u00e9t\u00e9 particuli\u00e8rement cibl\u00e9es.<\/p>\n<p class=\" wall-content\">Personnalisez votre actualit\u00e9 en ajoutant vos villes et m\u00e9dias en favori avec <a href=\"https:\/\/moncompte.actu.fr\" title=\"D\u00e9couvez Mon Actu\" rel=\"nofollow noopener\" data-trk=\"{&quot;cta&quot;:{&quot;action&quot;:&quot;https:\\\/\\\/moncompte.actu.fr&quot;,&quot;category&quot;:&quot;mon compte&quot;,&quot;from&quot;:&quot;article footer&quot;,&quot;name&quot;:&quot;Mon actu&quot;,&quot;type&quot;:&quot;cta&quot;}}\" target=\"_blank\">Mon Actu<\/a>.<\/p>\n","protected":false},"excerpt":{"rendered":"Par Th\u00e9o Zuili Publi\u00e9 le 2 sept. 2025 \u00e0 15h28 Venu souhaiter une bonne rentr\u00e9e scolaire aux \u00e9l\u00e8ves&hellip;\n","protected":false},"author":2,"featured_media":360865,"comment_status":"","ping_status":"","sticky":false,"template":"","format":"standard","meta":{"footnotes":""},"categories":[1889],"tags":[1111,11,2430,1777,674,1011,27,5226,5313,2428,12,10918,25,104],"class_list":{"0":"post-360864","1":"post","2":"type-post","3":"status-publish","4":"format-standard","5":"has-post-thumbnail","7":"category-lyon","8":"tag-actu","9":"tag-actualites","10":"tag-auvergne-rhone-alpes","11":"tag-eu","12":"tag-europe","13":"tag-fr","14":"tag-france","15":"tag-gregory-doucet","16":"tag-la-duchere","17":"tag-lyon","18":"tag-news","19":"tag-rentree-scolaire","20":"tag-republique-francaise","21":"tag-societe"},"share_on_mastodon":{"url":"https:\/\/pubeurope.com\/@fr\/115134970151723151","error":""},"_links":{"self":[{"href":"https:\/\/www.europesays.com\/fr\/wp-json\/wp\/v2\/posts\/360864","targetHints":{"allow":["GET"]}}],"collection":[{"href":"https:\/\/www.europesays.com\/fr\/wp-json\/wp\/v2\/posts"}],"about":[{"href":"https:\/\/www.europesays.com\/fr\/wp-json\/wp\/v2\/types\/post"}],"author":[{"embeddable":true,"href":"https:\/\/www.europesays.com\/fr\/wp-json\/wp\/v2\/users\/2"}],"replies":[{"embeddable":true,"href":"https:\/\/www.europesays.com\/fr\/wp-json\/wp\/v2\/comments?post=360864"}],"version-history":[{"count":0,"href":"https:\/\/www.europesays.com\/fr\/wp-json\/wp\/v2\/posts\/360864\/revisions"}],"wp:featuredmedia":[{"embeddable":true,"href":"https:\/\/www.europesays.com\/fr\/wp-json\/wp\/v2\/media\/360865"}],"wp:attachment":[{"href":"https:\/\/www.europesays.com\/fr\/wp-json\/wp\/v2\/media?parent=360864"}],"wp:term":[{"taxonomy":"category","embeddable":true,"href":"https:\/\/www.europesays.com\/fr\/wp-json\/wp\/v2\/categories?post=360864"},{"taxonomy":"post_tag","embeddable":true,"href":"https:\/\/www.europesays.com\/fr\/wp-json\/wp\/v2\/tags?post=360864"}],"curies":[{"name":"wp","href":"https:\/\/api.w.org\/{rel}","templated":true}]}}