{"id":360870,"date":"2025-09-02T13:39:10","date_gmt":"2025-09-02T13:39:10","guid":{"rendered":"https:\/\/www.europesays.com\/fr\/360870\/"},"modified":"2025-09-02T13:39:10","modified_gmt":"2025-09-02T13:39:10","slug":"volodymyr-zelensky-rencontrera-jeudi-a-paris-des-dirigeants-europeens-et-de-lotan-liberation","status":"publish","type":"post","link":"https:\/\/www.europesays.com\/fr\/360870\/","title":{"rendered":"Volodymyr Zelensky rencontrera jeudi \u00e0 Paris des dirigeants europ\u00e9ens et de l\u2019Otan \u2013 Lib\u00e9ration"},"content":{"rendered":"<p class=\"sc-ksZaOG ehjQrN text-element\">Une <a href=\"https:\/\/www.liberation.fr\/international\/ukraine-zelensky-se-rend-a-berlin-pour-la-visioconference-entre-les-dirigeants-europeens-et-trump-20250813_NMMKCRKPYRCAFO5T4KSYTIQCWM\/\" target=\"_blank\" rel=\"noreferrer nofollow noopener\" title=\"https:\/\/www.liberation.fr\/international\/ukraine-zelensky-se-rend-a-berlin-pour-la-visioconference-entre-les-dirigeants-europeens-et-trump-20250813_NMMKCRKPYRCAFO5T4KSYTIQCWM\/\">nouvelle rencontre<\/a> entre le Volodymyr Zelensky et plusieurs dirigeants europ\u00e9ens est pr\u00e9vue jeudi \u00e0 Paris, a annonc\u00e9 ce mardi 2 septembre la pr\u00e9sidence ukrainienne, confirmant une information qui avait \u00e9t\u00e9 r\u00e9v\u00e9l\u00e9e la veille par une source europ\u00e9enne. Elle aura lieu alors que les efforts de Washington pour mettre fin \u00e0 l\u2019invasion russe de l\u2019Ukraine <a href=\"https:\/\/www.liberation.fr\/international\/europe\/avant-une-tres-hypothetique-rencontre-poutine-et-zelensky-ne-saccordent-sur-rien-20250821_XRPOR2M3T5F7TMY4AKE35DQNYA\/\" target=\"_blank\" rel=\"noreferrer nofollow noopener\" title=\"https:\/\/www.liberation.fr\/international\/europe\/avant-une-tres-hypothetique-rencontre-poutine-et-zelensky-ne-saccordent-sur-rien-20250821_XRPOR2M3T5F7TMY4AKE35DQNYA\/\">semblent bloqu\u00e9s<\/a>.<\/p>\n<p class=\"sc-ksZaOG ehjQrN text-element\">Les discussions, copr\u00e9sid\u00e9es par Emmanuel Macron et le Premier ministre britannique Keir Starmer et auxquelles participeront \u00e9galement le chancelier allemand Friedrich Merz, la pr\u00e9sidente de la Commission europ\u00e9enne Ursula von der Leyen et le secr\u00e9taire g\u00e9n\u00e9ral de l\u2019Otan Mark Rutte porteront sur \u00ables garanties de s\u00e9curit\u00e9 pour l\u2019Ukraine\u00bb, a \u00e9crit sur X Mykha\u00eflo Podoliak, un conseiller de la pr\u00e9sidence ukrainienne. Elle vise \u00e0 \u00abfaire avancer la diplomatie parce que les Russes\u00bb font tra\u00eener les choses \u00ab\u00e0 nouveau\u00bb, expliquait lundi \u00e0 l\u2019AFP une source europ\u00e9enne sous le couvert de l\u2019anonymat.<\/p>\n<p class=\"sc-ksZaOG ehjQrN text-element\">Macron et Starmer, \u00e0 la t\u00eate d\u2019une \u00abcoalition des volontaires\u00bb, une trentaine de pays principalement europ\u00e9ens soutenant l\u2019Ukraine, cherchent \u00e0 pr\u00e9senter une offre europ\u00e9enne solide pour prot\u00e9ger les Ukrainiens d\u2019une \u00e9ventuelle future attaque russe, dans le cas o\u00f9 un accord de paix serait conclu. L\u2019Ukraine, qui consid\u00e8re que les Russes tenteront \u00e0 nouveau de l\u2019envahir m\u00eame si une issue est trouv\u00e9e \u00e0 cette guerre, r\u00e9clame une force europ\u00e9enne de maintien de la paix et des garanties de d\u00e9fense de type Otan, si son adh\u00e9sion \u00e0 l\u2019Alliance n\u2019est pas envisag\u00e9e. La Russie, qui voit dans l\u2019expansion de l\u2019Alliance atlantique \u00e0 ses fronti\u00e8res l\u2019une des \u00abcauses profondes\u00bb du conflit actuel, rejette de son c\u00f4t\u00e9 cat\u00e9goriquement la plupart de ces sc\u00e9narios et veut que ses exigences soient prises en compte.<\/p>\n<p class=\"sc-ksZaOG ehjQrN text-element\">Les efforts diplomatiques pour trouver une issue \u00e0 la guerre en Ukraine se sont acc\u00e9l\u00e9r\u00e9s ces derni\u00e8res semaines sous la houlette de Donald Trump qui a <a href=\"https:\/\/www.liberation.fr\/international\/donald-trump-et-vladimir-poutine-se-rencontreront-vendredi-a-20-h-30-annonce-le-kremlin-20250814_OFNSIZMHDJH4DO4HZFAMRPSJ7I\/\" target=\"_blank\" rel=\"noreferrer nofollow noopener\" title=\"https:\/\/www.liberation.fr\/international\/donald-trump-et-vladimir-poutine-se-rencontreront-vendredi-a-20-h-30-annonce-le-kremlin-20250814_OFNSIZMHDJH4DO4HZFAMRPSJ7I\/\">rencontr\u00e9 son homologue russe Vladimir Poutine en Alaska<\/a> en ao\u00fbt, mais n\u2019ont produit pour l\u2019heure <a href=\"https:\/\/www.liberation.fr\/international\/amerique\/sommet-trump-poutine-echec-cuisant-en-alaska-20250816_YMRW24GVIBFUNLIXEPDBNM426I\/\" target=\"_blank\" rel=\"noreferrer nofollow noopener\" title=\"https:\/\/www.liberation.fr\/international\/amerique\/sommet-trump-poutine-echec-cuisant-en-alaska-20250816_YMRW24GVIBFUNLIXEPDBNM426I\/\">aucun effet concret<\/a>. La participation du pr\u00e9sident am\u00e9ricain \u00e0 ce sommet \u00e0 Paris n\u2019est d\u2019ailleurs \u00abpour l\u2019instant pas pr\u00e9vue\u00bb, selon la m\u00eame source cit\u00e9e pr\u00e9c\u00e9demment.<\/p>\n<p class=\"sc-ksZaOG ehjQrN text-element\">L\u2019Ukraine accuse la Russie de jouer la montre et de feindre de vouloir n\u00e9gocier pour mieux pr\u00e9parer de nouvelles attaques. L\u2019arm\u00e9e russe contr\u00f4le actuellement environ 20 % du territoire ukrainien et a l\u2019avantage sur le front.<\/p>\n<p class=\"sc-ksZaOG ehjQrN text-element\">La Russie a lanc\u00e9 son invasion de l\u2019Ukraine en f\u00e9vrier 2022. C\u2019est devenu le pire conflit arm\u00e9 en Europe depuis la Seconde Guerre mondiale, avec un bilan qui se chiffre en dizaines, voire en centaines de milliers de morts dans les deux pays.<\/p>\n<p class=\"sc-ksZaOG ehjQrN text-element\"><b>Mise \u00e0 jour le 2 septembre \u00e0 14 h 34<\/b> avec la confirmation de la pr\u00e9sidence ukrainienne.<\/p>\n","protected":false},"excerpt":{"rendered":"Une nouvelle rencontre entre le Volodymyr Zelensky et plusieurs dirigeants europ\u00e9ens est pr\u00e9vue jeudi \u00e0 Paris, a annonc\u00e9&hellip;\n","protected":false},"author":2,"featured_media":360871,"comment_status":"","ping_status":"","sticky":false,"template":"","format":"standard","meta":{"footnotes":""},"categories":[1888],"tags":[1111,1928,11,1927,1777,674,1011,27,12,1926,626,1925,25,132,220,297,134],"class_list":{"0":"post-360870","1":"post","2":"type-post","3":"status-publish","4":"format-standard","5":"has-post-thumbnail","7":"category-paris","8":"tag-actu","9":"tag-actu-paris","10":"tag-actualites","11":"tag-actualites-paris","12":"tag-eu","13":"tag-europe","14":"tag-fr","15":"tag-france","16":"tag-news","17":"tag-news-paris","18":"tag-paris","19":"tag-paris-news","20":"tag-republique-francaise","21":"tag-russie","22":"tag-ukraine","23":"tag-ukraine-la-crise","24":"tag-volodymyr-zelensky"},"share_on_mastodon":{"url":"https:\/\/pubeurope.com\/@fr\/115134985952877171","error":""},"_links":{"self":[{"href":"https:\/\/www.europesays.com\/fr\/wp-json\/wp\/v2\/posts\/360870","targetHints":{"allow":["GET"]}}],"collection":[{"href":"https:\/\/www.europesays.com\/fr\/wp-json\/wp\/v2\/posts"}],"about":[{"href":"https:\/\/www.europesays.com\/fr\/wp-json\/wp\/v2\/types\/post"}],"author":[{"embeddable":true,"href":"https:\/\/www.europesays.com\/fr\/wp-json\/wp\/v2\/users\/2"}],"replies":[{"embeddable":true,"href":"https:\/\/www.europesays.com\/fr\/wp-json\/wp\/v2\/comments?post=360870"}],"version-history":[{"count":0,"href":"https:\/\/www.europesays.com\/fr\/wp-json\/wp\/v2\/posts\/360870\/revisions"}],"wp:featuredmedia":[{"embeddable":true,"href":"https:\/\/www.europesays.com\/fr\/wp-json\/wp\/v2\/media\/360871"}],"wp:attachment":[{"href":"https:\/\/www.europesays.com\/fr\/wp-json\/wp\/v2\/media?parent=360870"}],"wp:term":[{"taxonomy":"category","embeddable":true,"href":"https:\/\/www.europesays.com\/fr\/wp-json\/wp\/v2\/categories?post=360870"},{"taxonomy":"post_tag","embeddable":true,"href":"https:\/\/www.europesays.com\/fr\/wp-json\/wp\/v2\/tags?post=360870"}],"curies":[{"name":"wp","href":"https:\/\/api.w.org\/{rel}","templated":true}]}}