{"id":360878,"date":"2025-09-02T13:44:10","date_gmt":"2025-09-02T13:44:10","guid":{"rendered":"https:\/\/www.europesays.com\/fr\/360878\/"},"modified":"2025-09-02T13:44:10","modified_gmt":"2025-09-02T13:44:10","slug":"le-reve-americain-fait-de-plus-en-plus-figure-de-chimere","status":"publish","type":"post","link":"https:\/\/www.europesays.com\/fr\/360878\/","title":{"rendered":"Le r\u00eave am\u00e9ricain fait de plus en plus figure de chim\u00e8re"},"content":{"rendered":"<p>        <a class=\"Link \" href=\"https:\/\/www.lopinion.fr\/politique\/dissolution-du-gouvernement-ou-demission-de-macron-lapres-bayrou-dans-toutes-les-tetes\" data-cms-ai=\"0\" rel=\"nofollow noopener\" target=\"_blank\">Dissolution du gouvernement ou d\u00e9mission de Macron : l&rsquo;apr\u00e8s-Bayrou dans toutes les t\u00eates<\/a><\/p>\n<p>l&rsquo;Opinion (avec AFP)<\/p>\n<p>Paris &#8211; A six jours d\u2019une probable chute du gouvernement Bayrou, les appels se multiplient dans tous les camps politiques pour une nouvelle dissolution de l\u2019Assembl\u00e9e nationale ou une d\u00e9mission anticip\u00e9e du pr\u00e9sident Emmanuel Macron, cr\u00e9ant des fractures jusque dans le \u00absocle commun\u00bb actuellement aux manettes. Le chef de l\u2019Etat l\u2019a r\u00e9p\u00e9t\u00e9 \u00e0 plusieurs reprises: l\u00e9gislatives ou pr\u00e9sidentielle anticip\u00e9es ne sont pas \u00e0 son ordre du jour. Mais plus l&rsquo;\u00e9ch\u00e9ance approche, plus la question est sur toutes les l\u00e8vres. Et son entourage ne cache pas qu\u2019une dissolution n\u2019est pas exclue en cas de nouveau blocage. En attendant, Fran\u00e7ois Bayrou a repris mardi ses rencontres avec les partis politiques pour tenter de les convaincre de lui accorder leur confiance lundi. Place publique de Rapha\u00ebl Glucksmann puis le RN ont \u00e9t\u00e9 re\u00e7us dans la matin\u00e9e mais \u00able miracle n\u2019a pas eu lieu\u00bb, a r\u00e9sum\u00e9 le patron du parti \u00e0 la flamme Jordan Bardella, rendant la chute du gouvernement quasi-in\u00e9luctable. La gauche et l\u2019extr\u00eame droite, voire certains R\u00e9publicains, rejettent en bloc le projet de budget pour 2026 qui pr\u00e9voit notamment un effort de 44 milliards d\u2019euros, alors que le taux d\u2019int\u00e9r\u00eat de la dette fran\u00e7aise \u00e0 30 ans a d\u00e9pass\u00e9 4,5%, une premi\u00e8re depuis 2011. A gauche, si La France insoumise plaide sans rel\u00e2che pour le d\u00e9part du locataire de l\u2019Elys\u00e9e, Ecologistes et socialistes tentent d\u2019organiser une nouvelle alliance. Il faut \u00abqu\u2019on se retrouve, qu\u2019on se mette dans une pi\u00e8ce et qu\u2019on pr\u00e9pare la suite\u00bb, a d\u00e9clar\u00e9 lundi soir la patronne des \u00c9cologistes Marine Tondelier, soucieuse d&rsquo;\u00e9voquer avec ses partenaires \u00abtous les sc\u00e9narios\u00a0\u00bb: \u00abqu\u2019il y ait une dissolution, qu\u2019il y ait une nomination de quelqu\u2019un plut\u00f4t de la gauche et des \u00e9cologistes ou de quelqu\u2019un d\u2019autre\u00bb, ou qu\u2019il y ait \u00abune destitution\u00bb. Apr\u00e8s avoir offert samedi ses services pour prendre la rel\u00e8ve, le premier secr\u00e9taire du PS, Olivier Faure, a r\u00e9p\u00e9t\u00e9 vouloir \u00abun Premier ministre de gauche, avec un projet de gauche et qui soumette ses propositions au Parlement\u00bb car \u00abune dissolution ne changera rien aux \u00e9quilibres\u00bb politiques. \u00abPosition de force\u00bb De l\u2019autre c\u00f4t\u00e9 de l&rsquo;\u00e9chiquier politique, l\u2019extr\u00eame droite met, elle, en sc\u00e8ne ses pr\u00e9paratifs pour des l\u00e9gislatives anticip\u00e9es. Marine Le Pen et Jordan Bardella ont r\u00e9clam\u00e9 mardi dans la cour de Matignon une \u00abdissolution ultra-rapide\u00bb. \u00abPlus t\u00f4t on retournera aux urnes, plus t\u00f4t la France aura un budget\u00bb, a estim\u00e9 le pr\u00e9sident du parti. De fait, la Rassemblement national se voit bien acc\u00e9der rapidement \u00e0 Matignon. \u00abDes sondages nous invitent \u00e0 penser qu\u2019on peut faire la course en t\u00eate et moi je crois que nous pouvons avoir une majorit\u00e9 absolue\u00bb, a d\u00e9clar\u00e9 mardi son vice-pr\u00e9sident S\u00e9bastien Chenu, convaincu que de nouvelles l\u00e9gislatives pr\u00e9cipiteraient encore \u00abl&rsquo;\u00e9croulement du bloc central\u00bb. Mais c\u2019est au sein du \u00absocle commun\u00bb, des Macronistes jusqu&rsquo;\u00e0 la droite LR qui gouvernent tant bien que mal depuis un an, que la question divise le plus. Symbole de cette ligne de cr\u00eate, le pr\u00e9sident des LR et puissant ministre de l\u2019Int\u00e9rieur, Bruno Retailleau, d\u00e9fend le vote de confiance contre \u00ables incendiaires qui voudraient allumer la m\u00e8che de ce qui pourrait \u00eatre demain une explosion financi\u00e8re et budg\u00e9taire\u00bb. Mais certains d\u00e9put\u00e9s LR ont l\u2019intention de voter contre et leur patron, Laurent Wauquiez, pousse pour une consultation des adh\u00e9rents du parti. Le locataire de Beauveau ne cache pas ses r\u00e9serves sur certaines mesures budg\u00e9taires, comme la suppression de deux jours f\u00e9ri\u00e9s. Oppos\u00e9 \u00e0 une nouvelle dissolution, Bruno Retailleau l\u2019est \u00e9galement \u00e0 une d\u00e9mission du pr\u00e9sident. \u00abCa fragiliserait nos institutions\u00bb, a-t-il plaid\u00e9 lundi. Mais au sein de LR, des voix comme l\u2019ancien ministre Jean-Fran\u00e7ois Cop\u00e9, ou la pr\u00e9sidente de la r\u00e9gion Ile-de-France Val\u00e9rie P\u00e9cresse l\u2019appellent au contraire de leurs v\u0153ux. Dans cette cacophonie semblant pr\u00e9c\u00e9der un \u00e9pilogue aux airs de d\u00e9j\u00e0-vu lors de la chute du gouvernement de Michel Barnier en d\u00e9cembre 2024, l\u2019opinion aura-t-elle le dernier mot\u202f? C\u2019est en tout cas le souhait des organisations syndicales, au premier rang desquelles la CGT, qui appelle \u00e0 la mobilisation les 10 et 18 septembre (en intersyndicale) contre le projet de budget. \u00abNous voulons reprendre les choses en main: ce n\u2019est plus possible que notre avenir se d\u00e9cide avec des petits arrangements politiciens ou avec des passages en force, comme veut toujours le faire Emmanuel Macron\u00bb, a pr\u00e9venu sa secr\u00e9taire g\u00e9n\u00e9rale Sophie Binet mardi sur France 2. Soucieuse de \u00abmettre ce budget sous surveillance populaire\u00bb, elle a estim\u00e9 \u00eatre \u00aben position de force\u00bb. Lucile MALANDAIN \u00a9 Agence France-Presse<\/p>\n","protected":false},"excerpt":{"rendered":"Dissolution du gouvernement ou d\u00e9mission de Macron : l&rsquo;apr\u00e8s-Bayrou dans toutes les t\u00eates l&rsquo;Opinion (avec AFP) Paris &#8211;&hellip;\n","protected":false},"author":2,"featured_media":360879,"comment_status":"","ping_status":"","sticky":false,"template":"","format":"standard","meta":{"footnotes":""},"categories":[1589],"tags":[11,73,1866,12,1864,1865,1863,308],"class_list":{"0":"post-360878","1":"post","2":"type-post","3":"status-publish","4":"format-standard","5":"has-post-thumbnail","7":"category-etats-unis","8":"tag-actualites","9":"tag-etats-unis","10":"tag-etats-unis-damerique","11":"tag-news","12":"tag-united-states","13":"tag-united-states-of-america","14":"tag-us","15":"tag-usa"},"share_on_mastodon":{"url":"https:\/\/pubeurope.com\/@fr\/115135005589526687","error":""},"_links":{"self":[{"href":"https:\/\/www.europesays.com\/fr\/wp-json\/wp\/v2\/posts\/360878","targetHints":{"allow":["GET"]}}],"collection":[{"href":"https:\/\/www.europesays.com\/fr\/wp-json\/wp\/v2\/posts"}],"about":[{"href":"https:\/\/www.europesays.com\/fr\/wp-json\/wp\/v2\/types\/post"}],"author":[{"embeddable":true,"href":"https:\/\/www.europesays.com\/fr\/wp-json\/wp\/v2\/users\/2"}],"replies":[{"embeddable":true,"href":"https:\/\/www.europesays.com\/fr\/wp-json\/wp\/v2\/comments?post=360878"}],"version-history":[{"count":0,"href":"https:\/\/www.europesays.com\/fr\/wp-json\/wp\/v2\/posts\/360878\/revisions"}],"wp:featuredmedia":[{"embeddable":true,"href":"https:\/\/www.europesays.com\/fr\/wp-json\/wp\/v2\/media\/360879"}],"wp:attachment":[{"href":"https:\/\/www.europesays.com\/fr\/wp-json\/wp\/v2\/media?parent=360878"}],"wp:term":[{"taxonomy":"category","embeddable":true,"href":"https:\/\/www.europesays.com\/fr\/wp-json\/wp\/v2\/categories?post=360878"},{"taxonomy":"post_tag","embeddable":true,"href":"https:\/\/www.europesays.com\/fr\/wp-json\/wp\/v2\/tags?post=360878"}],"curies":[{"name":"wp","href":"https:\/\/api.w.org\/{rel}","templated":true}]}}