{"id":360882,"date":"2025-09-02T13:46:10","date_gmt":"2025-09-02T13:46:10","guid":{"rendered":"https:\/\/www.europesays.com\/fr\/360882\/"},"modified":"2025-09-02T13:46:10","modified_gmt":"2025-09-02T13:46:10","slug":"mercato-nkounkou-quitte-lallemagne","status":"publish","type":"post","link":"https:\/\/www.europesays.com\/fr\/360882\/","title":{"rendered":"Mercato : Nkounkou quitte l\u2019Allemagne"},"content":{"rendered":"<p data-start=\"187\" data-end=\"525\"><strong>Niels Nkounkou s\u2019offre un nouveau d\u00e9fi en Serie A. L\u2019ancien arri\u00e8re gauche de l\u2019AS Saint-\u00c9tienne, aujourd\u2019hui sous contrat avec l\u2019Eintracht Francfort, n\u2019a pas disput\u00e9 la moindre minute en Bundesliga cette saison. Selon les informations de L\u2019\u00c9quipe, le joueur de 24 ans va rejoindre l&rsquo;Italie.<\/strong><\/p>\n<p data-start=\"281\" data-end=\"769\">Il y a deux ans, les supporters st\u00e9phanois d\u00e9couvraient un arri\u00e8re gauche percutant, capable de dynamiter son couloir par ses mont\u00e9es incessantes. Niels Nkounkou, pr\u00eat\u00e9 par Everton, avait rapidement s\u00e9duit le public de Geoffroy-Guichard par son \u00e9nergie, son audace offensive et son engagement sans calcul. Dans une p\u00e9riode compliqu\u00e9e pour l\u2019ASSE, il avait repr\u00e9sent\u00e9 une \u00e9claircie, une promesse de renouveau, et s\u2019\u00e9tait impos\u00e9 comme l\u2019une des rares satisfactions de la saison 2022-2023.<\/p>\n<p>Une carri\u00e8re d\u00e9j\u00e0 mouvement\u00e9e<\/p>\n<p data-start=\"807\" data-end=\"1388\">Depuis son passage dans le Forez, le parcours du lat\u00e9ral fran\u00e7ais a pris une tournure beaucoup plus sinueuse. Form\u00e9 \u00e0 Marseille avant de rejoindre Everton, Nkounkou a encha\u00een\u00e9 les exp\u00e9riences, du Standard de Li\u00e8ge \u00e0 Cardiff en passant par Saint-\u00c9tienne, avant de tenter l\u2019aventure allemande. L\u2019Eintracht Francfort avait alors mis\u00e9 sur son potentiel, convaincu de pouvoir en faire un titulaire r\u00e9gulier de Bundesliga. Les premiers mois avaient laiss\u00e9 entrevoir de belles promesses, mais la dynamique s\u2019est peu \u00e0 peu essouffl\u00e9e, jusqu\u2019\u00e0 le voir dispara\u00eetre des radars cette saison.<\/p>\n<p>Une d\u00e9cision radicale pour relancer sa carri\u00e8re<\/p>\n<p data-start=\"1444\" data-end=\"1904\">Rel\u00e9gu\u00e9 dans la hi\u00e9rarchie et sans la moindre apparition en Bundesliga depuis ao\u00fbt, Nkounkou a d\u00fb se r\u00e9soudre \u00e0 un constat : pour poursuivre sa progression, il fallait repartir ailleurs. Et c\u2019est en Italie qu\u2019il tentera d\u00e9sormais de se relancer. Selon les informations de <a href=\"https:\/\/www.lequipe.fr\/Football\/Actualites\/Mercato-niels-nkounkou-prete-par-l-eintracht-francfort-au-torino\/1589521\" rel=\"nofollow noopener\" target=\"_blank\">L\u2019\u00c9quipe<\/a>, Francfort et le Torino se sont entendus pour un pr\u00eat avec option d\u2019achat. Le total du transfert pourrait grimper jusqu\u2019\u00e0 5,5 millions d\u2019euros, avec un pourcentage \u00e0 la revente.<\/p>\n<p data-start=\"1939\" data-end=\"2330\">\u00c0 seulement 24 ans, l\u2019ancien Vert s\u2019appr\u00eate donc \u00e0 d\u00e9couvrir son septi\u00e8me club professionnel. Une trajectoire qui traduit une certaine instabilit\u00e9. Le Torino, r\u00e9put\u00e9 pour son exigence tactique et son organisation d\u00e9fensive, pourrait offrir \u00e0 Nkounkou un cadre id\u00e9al pour franchir un cap et trouver la continuit\u00e9 qui lui a parfois \u00e9chapp\u00e9.<\/p>\n<p>L\u2019ASSE n\u2019oublie pas son passage<\/p>\n<p data-start=\"2370\" data-end=\"2908\">Pour les st\u00e9phanois, ce d\u00e9part rappelle son passage \u00e0 l\u2019ASSE. Ses belles performances avaient rendu son d\u00e9part frustrant pour bon nombre de supporters. Nkounkou avait laiss\u00e9 l\u2019image d\u2019un joueur capable de faire basculer un match, d\u2019apporter vitesse et percussion dans un couloir gauche trop souvent en souffrance. Ses courses et son temp\u00e9rament restent associ\u00e9s \u00e0 une p\u00e9riode difficile sportivement, mais o\u00f9 l\u2019espoir passait aussi par des individualit\u00e9s comme la sienne.<\/p>\n<p data-start=\"2910\" data-end=\"3327\">Aujourd\u2019hui, c\u2019est en Serie A que l\u2019histoire de Nkounkou continue de s\u2019\u00e9crire. Pour lui, ce pr\u00eat avec option d\u2019achat ressemble \u00e0 une chance d\u00e9cisive, celle de redonner une direction claire \u00e0 une carri\u00e8re qui n\u2019a pas encore atteint son plein potentiel.<\/p>\n","protected":false},"excerpt":{"rendered":"Niels Nkounkou s\u2019offre un nouveau d\u00e9fi en Serie A. L\u2019ancien arri\u00e8re gauche de l\u2019AS Saint-\u00c9tienne, aujourd\u2019hui sous contrat&hellip;\n","protected":false},"author":2,"featured_media":360883,"comment_status":"","ping_status":"","sticky":false,"template":"","format":"standard","meta":{"footnotes":""},"categories":[1587],"tags":[11,672,1804,1805,1803,1777,674,1801,12,1802],"class_list":{"0":"post-360882","1":"post","2":"type-post","3":"status-publish","4":"format-standard","5":"has-post-thumbnail","7":"category-allemagne","8":"tag-actualites","9":"tag-allemagne","10":"tag-bundesrepublik-deutschland","11":"tag-de","12":"tag-deutschland","13":"tag-eu","14":"tag-europe","15":"tag-germany","16":"tag-news","17":"tag-republique-federale-dallemagne"},"share_on_mastodon":{"url":"https:\/\/pubeurope.com\/@fr\/115135013442355032","error":""},"_links":{"self":[{"href":"https:\/\/www.europesays.com\/fr\/wp-json\/wp\/v2\/posts\/360882","targetHints":{"allow":["GET"]}}],"collection":[{"href":"https:\/\/www.europesays.com\/fr\/wp-json\/wp\/v2\/posts"}],"about":[{"href":"https:\/\/www.europesays.com\/fr\/wp-json\/wp\/v2\/types\/post"}],"author":[{"embeddable":true,"href":"https:\/\/www.europesays.com\/fr\/wp-json\/wp\/v2\/users\/2"}],"replies":[{"embeddable":true,"href":"https:\/\/www.europesays.com\/fr\/wp-json\/wp\/v2\/comments?post=360882"}],"version-history":[{"count":0,"href":"https:\/\/www.europesays.com\/fr\/wp-json\/wp\/v2\/posts\/360882\/revisions"}],"wp:featuredmedia":[{"embeddable":true,"href":"https:\/\/www.europesays.com\/fr\/wp-json\/wp\/v2\/media\/360883"}],"wp:attachment":[{"href":"https:\/\/www.europesays.com\/fr\/wp-json\/wp\/v2\/media?parent=360882"}],"wp:term":[{"taxonomy":"category","embeddable":true,"href":"https:\/\/www.europesays.com\/fr\/wp-json\/wp\/v2\/categories?post=360882"},{"taxonomy":"post_tag","embeddable":true,"href":"https:\/\/www.europesays.com\/fr\/wp-json\/wp\/v2\/tags?post=360882"}],"curies":[{"name":"wp","href":"https:\/\/api.w.org\/{rel}","templated":true}]}}