{"id":360886,"date":"2025-09-02T13:48:17","date_gmt":"2025-09-02T13:48:17","guid":{"rendered":"https:\/\/www.europesays.com\/fr\/360886\/"},"modified":"2025-09-02T13:48:17","modified_gmt":"2025-09-02T13:48:17","slug":"pourquoi-y-a-t-il-finalement-eu-des-sujets-politiques-dans-tout-beau-tout-neuf-hier-la-reponse-de-la-direction-de-m6","status":"publish","type":"post","link":"https:\/\/www.europesays.com\/fr\/360886\/","title":{"rendered":"Pourquoi y a-t-il finalement eu des sujets politiques dans Tout beau, tout neuf hier ? La r\u00e9ponse de la direction de M6"},"content":{"rendered":"<p>L&rsquo;heure du premier bilan a sonn\u00e9. Apr\u00e8s la diffusion de la toute premi\u00e8re \u00e9dition de Tout beau, tout neuf, pr\u00e9sent\u00e9e par Cyril Hanouna sur W9, ce lundi 1er septembre 2025, J\u00e9r\u00f4me Foucret, directeur g\u00e9n\u00e9ral des programmes du groupe M6, a accept\u00e9 de r\u00e9pondre aux questions de Val\u00e9rie Expert et Gilles Ganzmann sur Sud Radio d\u00e8s ce mardi 2. Il est revenu sur les sujets politiques trait\u00e9s la veille par Cyril Hanouna et ses chroniqueurs alors m\u00eame que l&rsquo;animateur \u00e9tait cens\u00e9 se garder de le faire.<\/p>\n<p>Ce mardi 2 septembre 2025, <a href=\"https:\/\/www.programme-tv.net\/news\/tv\/304650-je-suis-tres-vexee-hugo-clement-gene-apres-avoir-fait-une-petite-gaffe-a-lantenne-face-a-valerie-expert-video\/\" data-api-deeplink=\"teleloisirs:\/\/news\/304650\" target=\"_blank\" rel=\"noopener\">Val\u00e9rie Expert et Gilles Ganzmann<\/a> recevaient J\u00e9rome Foucret, le directeur g\u00e9n\u00e9ral des programmes d&rsquo;activit\u00e9s, musique, \u00e9v\u00e9nement, magazine, documentaire, spectacle et humour pour le groupe M6, dans leur \u00e9mission le 10h-midi, Sud Radio M\u00e9dias. Si l&rsquo;homme de t\u00e9l\u00e9 \u00e9tait invit\u00e9 pour faire la promotion d&rsquo;un documentaire exceptionnel, diffus\u00e9 sur M6 ce mercredi 3 septembre au soir, dans lequel <a href=\"https:\/\/www.programme-tv.net\/news\/people\/367703-l-enfer-celine-dion-se-confie-sur-le-cadeau-tres-particulier-que-lui-a-offert-jean-jacques-goldman\/\" data-api-deeplink=\"teleloisirs:\/\/news\/367703\" target=\"_blank\" rel=\"noopener\">C\u00e9line Dion raconte les coulisses de la r\u00e9alisation de son album mythique &#8211; compos\u00e9 par Jean-Jacques Goldman<\/a> et intitul\u00e9 D&rsquo;eux &#8211; , les deux journalistes ont profit\u00e9 de sa pr\u00e9sence pour revenir avec lui sur <a href=\"https:\/\/www.programme-tv.net\/news\/tv\/384931-tout-beau-tout-9-date-de-diffusion-chroniqueurs-concept-les-premieres-infos-sur-lemission-de-cyril-hanouna-sur-w9\/\" data-api-deeplink=\"teleloisirs:\/\/news\/384931\" target=\"_blank\" rel=\"noopener\">la premi\u00e8re \u00e9dition de Tout beau, tout neuf, la nouvelle \u00e9mission pr\u00e9sent\u00e9e par Cyril Hanouna sur W9<\/a>.<\/p>\n<p>\u00ab\u00a0C&rsquo;est ce que tout le monde souhaitait\u00a0\u00bb : la direction de M6 fait le bilan de la premi\u00e8re de Tout beau, tout neuf<\/p>\n<p>Apr\u00e8s \u00eatre revenu sur la proposition de la direction du groupe M6 \u00e0 Cyril Hanouna &#8211; lui offrir une case \u00e0 sa mesure &#8211; tout en qualifiant l&rsquo;animateur de \u00ab\u00a0plus grand talent qui existe en mati\u00e8re de divertissement\u00a0\u00bb, J\u00e9r\u00f4me Foucret a affirm\u00e9, apr\u00e8s la premi\u00e8re de Tout beau, tout neuf diffus\u00e9e ce lundi 1er septembre, la r\u00e9ussite \u00ab\u00a0<a href=\"https:\/\/www.programme-tv.net\/news\/tv\/386539-audience-de-tout-beau-tout-neuf-cyril-hanouna-a-t-il-battu-quotidien-et-c-a-vous-pour-sa-premiere-sur-w9\/\" data-api-deeplink=\"teleloisirs:\/\/news\/386539\" target=\"_blank\" rel=\"noopener\">\u00e0 la fois en audience, mais aussi dans l&rsquo;humeur et dans le contenu<\/a>\u00a0\u00bb de l&rsquo;\u00e9mission. Il a d&rsquo;ailleurs ajout\u00e9 que \u00ab\u00a0le r\u00e9sultat final est, objectivement, vraiment super\u00a0\u00bb. Souhaitant d\u00e9briefer un peu plus de cette premi\u00e8re, <a href=\"https:\/\/www.programme-tv.net\/biographie\/31028-expert-valerie\/\" data-link-people=\"7e457398-6a2e-4066-9cd0-78e6315e7715\" target=\"_blank\" rel=\"noopener\">Val\u00e9rie Expert<\/a> a interrog\u00e9 son interlocuteur sur la teneur politique de l&rsquo;\u00e9mission. \u00ab\u00a0<a href=\"https:\/\/www.programme-tv.net\/news\/tv\/378874-ce-n-est-pas-sa-place-patrick-sebastien-donne-son-avis-sur-les-emissions-politiques-de-cyril-hanouna\/\" data-api-deeplink=\"teleloisirs:\/\/news\/378874\" target=\"_blank\" rel=\"noopener\">On avait entendu dire qu&rsquo;il n&rsquo;y aurait pas de politique<\/a>, que Cyril Hanouna ne traiterait pas de politique. Or, hier, il y a eu deux sujets tr\u00e8s politique\u00a0\u00bb, a-t-elle expliqu\u00e9. \u00ab\u00a0Moi, je trouve qu&rsquo;ils ont parl\u00e9 de tout. De tout ce dont les Fran\u00e7ais parlent, d&rsquo;une fa\u00e7on l\u00e9g\u00e8re, amusante, avec beaucoup d&rsquo;humour, et dans une vraie logique de divertissement. Et je pense que c&rsquo;est \u00e7a que tout le monde souhaitait\u00a0\u00bb, a alors r\u00e9pondu J\u00e9r\u00f4me Foucret, sous les mouvements de t\u00eate approbateurs de Gilles Ganzmann.<\/p>\n<p>                        \u00ab\u00a0On va aborder tous les sujets de soci\u00e9t\u00e9\u00a0\u00bb : Quand Cyril Hanouna \u00e9voquait son \u00e9mission \u00e0 venir sur W9<\/p>\n<p>Invit\u00e9 sur le plateau de L&rsquo;Heure des Pros en mars dernier, Cyril Hanouna avait \u00e9voqu\u00e9 l&rsquo;axe \u00ab\u00a0divertissement\u00a0\u00bb souhait\u00e9 par le groupe M6 tout en affirmant que tous les sujets seraient abord\u00e9s dans sa nouvelle \u00e9mission : \u00ab\u00a0On va aborder tous les sujets de soci\u00e9t\u00e9, c&rsquo;est oblig\u00e9, parce que si c&rsquo;est juste pour parler de Koh-Lanta et de The Voice&#8230;\u00a0\u00bb.<\/p>\n","protected":false},"excerpt":{"rendered":"L&rsquo;heure du premier bilan a sonn\u00e9. Apr\u00e8s la diffusion de la toute premi\u00e8re \u00e9dition de Tout beau, tout&hellip;\n","protected":false},"author":2,"featured_media":360887,"comment_status":"","ping_status":"","sticky":false,"template":"","format":"standard","meta":{"footnotes":""},"categories":[1586],"tags":[11,244,1083,1777,674,1779,1011,27,12,316,25,10897,1778,364,2395,1630],"class_list":{"0":"post-360886","1":"post","2":"type-post","3":"status-publish","4":"format-standard","5":"has-post-thumbnail","7":"category-europe","8":"tag-actualites","9":"tag-commentaire","10":"tag-cyril-hanouna","11":"tag-eu","12":"tag-europe","13":"tag-european-union","14":"tag-fr","15":"tag-france","16":"tag-news","17":"tag-politique","18":"tag-republique-francaise","19":"tag-sud-radio","20":"tag-ue","21":"tag-union-europeenne","22":"tag-w9","23":"tag-zapping"},"share_on_mastodon":{"url":"https:\/\/pubeurope.com\/@fr\/115135021340289735","error":""},"_links":{"self":[{"href":"https:\/\/www.europesays.com\/fr\/wp-json\/wp\/v2\/posts\/360886","targetHints":{"allow":["GET"]}}],"collection":[{"href":"https:\/\/www.europesays.com\/fr\/wp-json\/wp\/v2\/posts"}],"about":[{"href":"https:\/\/www.europesays.com\/fr\/wp-json\/wp\/v2\/types\/post"}],"author":[{"embeddable":true,"href":"https:\/\/www.europesays.com\/fr\/wp-json\/wp\/v2\/users\/2"}],"replies":[{"embeddable":true,"href":"https:\/\/www.europesays.com\/fr\/wp-json\/wp\/v2\/comments?post=360886"}],"version-history":[{"count":0,"href":"https:\/\/www.europesays.com\/fr\/wp-json\/wp\/v2\/posts\/360886\/revisions"}],"wp:featuredmedia":[{"embeddable":true,"href":"https:\/\/www.europesays.com\/fr\/wp-json\/wp\/v2\/media\/360887"}],"wp:attachment":[{"href":"https:\/\/www.europesays.com\/fr\/wp-json\/wp\/v2\/media?parent=360886"}],"wp:term":[{"taxonomy":"category","embeddable":true,"href":"https:\/\/www.europesays.com\/fr\/wp-json\/wp\/v2\/categories?post=360886"},{"taxonomy":"post_tag","embeddable":true,"href":"https:\/\/www.europesays.com\/fr\/wp-json\/wp\/v2\/tags?post=360886"}],"curies":[{"name":"wp","href":"https:\/\/api.w.org\/{rel}","templated":true}]}}