{"id":360904,"date":"2025-09-02T14:00:33","date_gmt":"2025-09-02T14:00:33","guid":{"rendered":"https:\/\/www.europesays.com\/fr\/360904\/"},"modified":"2025-09-02T14:00:33","modified_gmt":"2025-09-02T14:00:33","slug":"lol-donne-des-details-sur-le-pret-de-martin-satriano-qui-va-devoir-faire-oublier-georges-mikautadze","status":"publish","type":"post","link":"https:\/\/www.europesays.com\/fr\/360904\/","title":{"rendered":"L&rsquo;OL donne des d\u00e9tails sur le pr\u00eat de Martin Satriano, qui va devoir faire oublier Georges Mikautadze"},"content":{"rendered":"<p><strong>Martin Satriano<\/strong> a officiellement rejoint Lyon en pr\u00eat ce lundi. <a href=\"https:\/\/www.ol.fr\/fr\/actualites\/martin-satriano-prete-a-l-ol-avec-option-d-achat\" target=\"_blank\" rel=\"noopener nofollow\">L\u2019Olympique lyonnais a pr\u00e9cis\u00e9 les d\u00e9tails de l\u2019arriv\u00e9e de l\u2019attaquant en provenance du <strong>RC Lens<\/strong>.<\/a><\/p>\n<p>Le montant de la transaction est d\u2019un million d\u2019euros cet \u00e9t\u00e9, incluant une option d\u2019achat qui s\u2019\u00e9l\u00e8vera au total \u00e0 5 millions d\u2019euros, comme annonc\u00e9. Mais un million d\u2019euros de bonus pourra s\u2019y ajouter. Le <strong>RC Lens<\/strong> touchera aussi 10% sur une \u00e9ventuelle plus-value lorsque le joueur quittera l\u2019OL.<\/p>\n<p>Satriano finalement seul pour faire oublier Mikautadze<\/p>\n<p><img loading=\"lazy\" decoding=\"async\" class=\"size-medium wp-image-278685 aligncenter lazyload\" alt=\"martin satriano entra\u00eenement qaaa\" width=\"600\" height=\"400\" src=\"https:\/\/www.europesays.com\/fr\/wp-content\/uploads\/2025\/09\/martin-satriano-entrainement-qaaa-600x400.jpg\" data-eio-rwidth=\"600\" data-eio-rheight=\"400\"\/><\/p>\n<p>Le Racing avait pour rappel d\u00e9bours\u00e9 5 millions d\u2019euros pour le recruter d\u00e9finitivement en provenance de l\u2019Inter Milan l\u2019\u00e9t\u00e9 dernier. A noter que si une autre arriv\u00e9e \u00e9tait attendue pour remplacer Georges Mikautadze parti \u00e0 Villarreal, Martin Satriano est finalement rest\u00e9 le dernier renfort annonc\u00e9 par l\u2019OL.<\/p>\n","protected":false},"excerpt":{"rendered":"Martin Satriano a officiellement rejoint Lyon en pr\u00eat ce lundi. L\u2019Olympique lyonnais a pr\u00e9cis\u00e9 les d\u00e9tails de l\u2019arriv\u00e9e&hellip;\n","protected":false},"author":2,"featured_media":360905,"comment_status":"","ping_status":"","sticky":false,"template":"","format":"standard","meta":{"footnotes":""},"categories":[1410],"tags":[63,1011,27,60],"class_list":{"0":"post-360904","1":"post","2":"type-post","3":"status-publish","4":"format-standard","5":"has-post-thumbnail","7":"category-football","8":"tag-football","9":"tag-fr","10":"tag-france","11":"tag-sports"},"share_on_mastodon":{"url":"https:\/\/pubeurope.com\/@fr\/115135069040553925","error":""},"_links":{"self":[{"href":"https:\/\/www.europesays.com\/fr\/wp-json\/wp\/v2\/posts\/360904","targetHints":{"allow":["GET"]}}],"collection":[{"href":"https:\/\/www.europesays.com\/fr\/wp-json\/wp\/v2\/posts"}],"about":[{"href":"https:\/\/www.europesays.com\/fr\/wp-json\/wp\/v2\/types\/post"}],"author":[{"embeddable":true,"href":"https:\/\/www.europesays.com\/fr\/wp-json\/wp\/v2\/users\/2"}],"replies":[{"embeddable":true,"href":"https:\/\/www.europesays.com\/fr\/wp-json\/wp\/v2\/comments?post=360904"}],"version-history":[{"count":0,"href":"https:\/\/www.europesays.com\/fr\/wp-json\/wp\/v2\/posts\/360904\/revisions"}],"wp:featuredmedia":[{"embeddable":true,"href":"https:\/\/www.europesays.com\/fr\/wp-json\/wp\/v2\/media\/360905"}],"wp:attachment":[{"href":"https:\/\/www.europesays.com\/fr\/wp-json\/wp\/v2\/media?parent=360904"}],"wp:term":[{"taxonomy":"category","embeddable":true,"href":"https:\/\/www.europesays.com\/fr\/wp-json\/wp\/v2\/categories?post=360904"},{"taxonomy":"post_tag","embeddable":true,"href":"https:\/\/www.europesays.com\/fr\/wp-json\/wp\/v2\/tags?post=360904"}],"curies":[{"name":"wp","href":"https:\/\/api.w.org\/{rel}","templated":true}]}}