{"id":360906,"date":"2025-09-02T14:01:12","date_gmt":"2025-09-02T14:01:12","guid":{"rendered":"https:\/\/www.europesays.com\/fr\/360906\/"},"modified":"2025-09-02T14:01:12","modified_gmt":"2025-09-02T14:01:12","slug":"people-gad-elmaleh-a-lourdes-un-hospitalier-discret-au-service-des-malades","status":"publish","type":"post","link":"https:\/\/www.europesays.com\/fr\/360906\/","title":{"rendered":"[PEOPLE] Gad Elmaleh \u00e0 Lourdes, un hospitalier discret au service des malades"},"content":{"rendered":"<p>Pendant qu\u2019Emmanuel Macron faisait parler de lui en jouant le roi de la glisse sur son jet ski au Fort de Br\u00e9gan\u00e7on, Gad Elmaleh, lui, se pr\u00e9parait discr\u00e8tement \u00e0 partir en p\u00e8lerinage \u2026 Du 17 au 21 ao\u00fbt dernier c\u2019est loin de la sc\u00e8ne et du feu des projecteur que l\u2019humoriste a brill\u00e9, cette fois par son humilit\u00e9. \u00ab Durant ces quelques jours, Gad s&rsquo;est montr\u00e9 tr\u00e8s humble, tr\u00e8s sympathique et tr\u00e8s ouvert aux \u00e9changes en discutant avec tout le monde. Il voulait comprendre et a voulu vivre le p\u00e8lerinage comme un hospitalier, apprendre \u00e0 manier un chariot, pousser le brancard&#8230; \u00bb peut-on lire sur la page Facebook du dioc\u00e8se de Tulle.<\/p>\n<p style=\"text-align: center;\">\n<p>\u00ab Je suis tourn\u00e9 vers Marie\u00a0 \u00bb<\/p>\n<p>Gad Elmaleh \u00e0 Lourdes? Pas si \u00e9tonnant! L\u2019acteur de 54 ans est coproducteur de la com\u00e9die musicale <a href=\"https:\/\/www.bernadettedelourdes.fr\/portfolio\/histoire\/\" target=\"_blank\" rel=\"noopener nofollow\">Bernadette de Lourdes<\/a> dont le succ\u00e8s ne se d\u00e9ment pas : 400.000 spectateurs en France depuis sa premi\u00e8re \u00e0 Lourdes en 2019, jou\u00e9e \u00e0 Rome \u00e0 l\u2019occasion du Jubil\u00e9 2025, et la Pologne, l\u2019Am\u00e9rique latine et les Etats-Unis vont aussi pouvoir en profiter selon <a href=\"https:\/\/www.lefigaro.fr\/culture\/la-comedie-musicale-bernadette-de-lourdes-part-a-la-conquete-du-vatican-et-de-broadway-20241227\" target=\"_blank\" rel=\"noopener nofollow\">Le Figaro<\/a>. Ce n\u2019est pas la seule fois d\u2019ailleurs o\u00f9 Gad Elmaleh a mis son talent au service de sa foi. Dans son film autobiographique <a href=\"https:\/\/www.bvoltaire.fr\/cinema-gad-elmaleh-entre-comedie-et-temoignage-de-foi\/\" target=\"_blank\" rel=\"noopener nofollow\">Reste un peu<\/a>, c\u2019est toute sa conversion et son cheminement spirituel que raconte ce fils d\u2019une famille juive berb\u00e8re. D\u2019ailleurs, si l\u2019acteur y montre aussi ses doutes et ses interrogations, celle qui le guide reste la Vierge Marie. Comme il l\u2019expliquait dans l\u2019\u00e9mission <a href=\"https:\/\/www.dailymotion.com\/video\/x8f9913\" target=\"_blank\" rel=\"noopener nofollow\">En qu\u00eate d\u2019Esprit sur CNews<\/a> en 2022, et comme il le met en sc\u00e8ne dans son film, c\u2019est en entrant dans une \u00e9glise \u00e0 Casablanca qu\u2019est n\u00e9 son amour pour la Vierge. \u00ab\u00a0Je suis tourn\u00e9 vers Marie, raconte l&rsquo;humoriste. [\u2026] Marie me tient et je la porte en moi, sur moi, autour du cou\u00a0\u00bb.<\/p>\n<p>Si Gad Elmaleh t\u00e9moigne de son cheminement par des spectacles ou par des films mettant en sc\u00e8ne sa qu\u00eate spirituelle et religieuse, c\u2019est en tant que simple p\u00e8lerin, un b\u00e9n\u00e9vole au service des malades parmi tant d\u2019autres, que l\u2019artiste s\u2019est distingu\u00e9 cet \u00e9t\u00e9. Le but n\u2019\u00e9tait pas de capter la lumi\u00e8re, d\u2019attirer sur lui le feu des projecteurs car, comme le raconte M\u00e9lodie Vidalo, pr\u00e9sidente de l\u2019hospitalit\u00e9 dioc\u00e9saine de Corr\u00e8ze \u00e0<a href=\"https:\/\/www.lamontagne.fr\/tulle-19000\/actualites\/que-faisait-gad-elmaleh-a-lourdes-avec-des-malades-tullistes_14739616\/\" target=\"_blank\" rel=\"noopener nofollow\"> La Montagne<\/a>\u00a0: \u00ab\u00a0Le choix du dioc\u00e8se de Tulle \u201ca \u00e9t\u00e9 motiv\u00e9 par sa petite taille\u201d, \u201cpour Gad Elmaleh, c\u2019\u00e9tait important d\u2019\u00eatre dans une petite structure, au plus pr\u00e8s des malades\u201d \u00bb. D\u2019ailleurs, la pr\u00e9sidente poursuit\u00a0: \u00ab une c\u00e9l\u00e9brit\u00e9 qui vient b\u00e9n\u00e9volement en tant qu\u2019hospitalier, \u00e7a n\u2019arrive pas tous les jours \u00bb, ajoutant que l\u2019artiste \u00ab a v\u00e9cu cette exp\u00e9rience comme tous les autres b\u00e9n\u00e9voles. \u00bb \u00a0Une exp\u00e9rience grande et \u00e9prouvante que connaissent bien tous les p\u00e8lerins : r\u00e9veil aux aurores, toilettes et soins des malades, accompagnement des plus faibles en poussant leur brancard\u2026 Etre b\u00e9n\u00e9vole \u00e0 Lourdes c\u2019est s\u2019oublier, s\u2019effacer pour aider son prochain.<a href=\"https:\/\/www.lamontagne.fr\/tulle-19000\/actualites\/que-faisait-gad-elmaleh-a-lourdes-avec-des-malades-tullistes_14739616\/\" target=\"_blank\" rel=\"noopener nofollow\"> Selon <\/a><a href=\"https:\/\/www.lamontagne.fr\/tulle-19000\/actualites\/que-faisait-gad-elmaleh-a-lourdes-avec-des-malades-tullistes_14739616\/\" target=\"_blank\" rel=\"noopener nofollow\">La Montagne,<\/a> cette ann\u00e9e 157 b\u00e9n\u00e9voles hospitaliers dont 70 jeunes ont encadr\u00e9 51 malades et personnes \u00e2g\u00e9es de Corr\u00e8ze. Et ce n\u2019\u00e9tait m\u00eame pas le seul p\u00e8lerinage de l\u2019\u00e9t\u00e9 : pour le p\u00e8lerinage national du 15 ao\u00fbt, le <a href=\"https:\/\/www.lejdd.fr\/Societe\/chacun-vient-ici-pour-nourrir-sa-quete-spirituelle-lourdes-accueille-son-152e-pelerinage-national-de-lassomption-160946?utm_source=chatgpt.com\" target=\"_blank\" rel=\"noopener nofollow\">JDD<\/a> a compt\u00e9 pas moins de 3.500 hospitaliers b\u00e9n\u00e9voles, 700 malades et 7.500 p\u00e8lerins qui se sont rassembl\u00e9s au pied de l\u2019Immacul\u00e9e Conception dans la grotte de Massabielle pour l&rsquo;Assomption.<\/p>\n<p>Loin du strass et des paillettes<\/p>\n<p>En juillet 2020, l\u2019artiste s\u2019\u00e9tait dit, au micro de <a href=\"https:\/\/x.com\/lourdes_france\/status\/1283817414329761794\" target=\"_blank\" rel=\"noopener nofollow\">TV Lourdes<\/a>, impressionn\u00e9 par la g\u00e9n\u00e9rosit\u00e9 et le d\u00e9vouement de ces b\u00e9n\u00e9voles\u00a0: \u00ab\u00a0Avant d&rsquo;y aller, je pensais conna\u00eetre et en fait, j &lsquo;ai d\u00e9couvert des gens qui donnent, des familles qui, chaque ann\u00e9e, donnent de leur temps et leur c\u0153ur pour les malades. Cela m&rsquo;a boulevers\u00e9. \u00bb D\u2019ailleurs il est permis de croire que c\u2019est ce passage \u00e0 Lourdes en particulier qui lui a donn\u00e9 envie \u00e0 lui aussi d\u2019enfiler le tablier des hospitaliers\u00a0: \u00ab\u00a0en venant \u00e0 Lourdes, \u00e7a m&rsquo;a donn\u00e9 envie moi aussi de tendre la main aux autres\u00a0\u00bb.<\/p>\n<p>Loin du strass et des paillettes de la C\u00f4te d\u2019Azur ou de Monaco, loin du cr\u00e9pitement des appareils photos, loin des sc\u00e8nes de z\u00e9nith ou des marches de Cannes, ce n\u2019est pas un d\u00e9guisement que Gad Elmaleh a enfil\u00e9 pour se donner en spectacle. Comme le rapporte <a href=\"https:\/\/www.ladepeche.fr\/2025\/08\/26\/gad-elmaleh-un-hospitalier-comme-un-autre-aupres-des-pelerins-du-sanctuaire-de-lourdes-12893960.php\" target=\"_blank\" rel=\"noopener nofollow\">La D\u00e9p\u00eache<\/a>, \u00ab\u00a0sa pr\u00e9sence a surpris par sa simplicit\u00e9, loin de toute mise en avant de sa notori\u00e9t\u00e9 \u00bb de quoi donner raison \u00e0 <a href=\"https:\/\/www.parismatch.com\/People\/gad-elmaleh-pelerin-exemplaire-a-lourdes-256216\" target=\"_blank\" rel=\"noopener nofollow\">Paris Match<\/a> qui le qualifie de \u00ab\u00a0p\u00e8lerin exemplaire\u00a0\u00bb\u00a0!<\/p>\n<p>                    <a href=\"#\" rel=\"nofollow\" onclick=\"window.print(); pfTrackEvent('[PEOPLE] Gad Elmaleh \u00e0 Lourdes, un hospitalier discret au service des malades'); return false;\" title=\"Printer Friendly, PDF &amp; Email\"><br \/>\n                    <img decoding=\"async\" src=\"https:\/\/www.europesays.com\/fr\/wp-content\/uploads\/2025\/04\/printfriendly-icon-sm.png\" alt=\"Print Friendly, PDF &amp; Email\" class=\"pf-button-img\" style=\"width: 17px;height: 17px;\"\/>Imprimer, enregistrer en PDF cet article<br \/>\n                    <\/a><\/p>\n","protected":false},"excerpt":{"rendered":"Pendant qu\u2019Emmanuel Macron faisait parler de lui en jouant le roi de la glisse sur son jet ski&hellip;\n","protected":false},"author":2,"featured_media":360907,"comment_status":"","ping_status":"","sticky":false,"template":"","format":"standard","meta":{"footnotes":""},"categories":[1359],"tags":[58,59,1011,27,973],"class_list":{"0":"post-360906","1":"post","2":"type-post","3":"status-publish","4":"format-standard","5":"has-post-thumbnail","7":"category-people","8":"tag-divertissement","9":"tag-entertainment","10":"tag-fr","11":"tag-france","12":"tag-people"},"share_on_mastodon":{"url":"https:\/\/pubeurope.com\/@fr\/115135072465792135","error":""},"_links":{"self":[{"href":"https:\/\/www.europesays.com\/fr\/wp-json\/wp\/v2\/posts\/360906","targetHints":{"allow":["GET"]}}],"collection":[{"href":"https:\/\/www.europesays.com\/fr\/wp-json\/wp\/v2\/posts"}],"about":[{"href":"https:\/\/www.europesays.com\/fr\/wp-json\/wp\/v2\/types\/post"}],"author":[{"embeddable":true,"href":"https:\/\/www.europesays.com\/fr\/wp-json\/wp\/v2\/users\/2"}],"replies":[{"embeddable":true,"href":"https:\/\/www.europesays.com\/fr\/wp-json\/wp\/v2\/comments?post=360906"}],"version-history":[{"count":0,"href":"https:\/\/www.europesays.com\/fr\/wp-json\/wp\/v2\/posts\/360906\/revisions"}],"wp:featuredmedia":[{"embeddable":true,"href":"https:\/\/www.europesays.com\/fr\/wp-json\/wp\/v2\/media\/360907"}],"wp:attachment":[{"href":"https:\/\/www.europesays.com\/fr\/wp-json\/wp\/v2\/media?parent=360906"}],"wp:term":[{"taxonomy":"category","embeddable":true,"href":"https:\/\/www.europesays.com\/fr\/wp-json\/wp\/v2\/categories?post=360906"},{"taxonomy":"post_tag","embeddable":true,"href":"https:\/\/www.europesays.com\/fr\/wp-json\/wp\/v2\/tags?post=360906"}],"curies":[{"name":"wp","href":"https:\/\/api.w.org\/{rel}","templated":true}]}}