{"id":360908,"date":"2025-09-02T14:02:22","date_gmt":"2025-09-02T14:02:22","guid":{"rendered":"https:\/\/www.europesays.com\/fr\/360908\/"},"modified":"2025-09-02T14:02:22","modified_gmt":"2025-09-02T14:02:22","slug":"visa-pour-limage-ce-que-ces-personnes-font-cest-maintenir-ce-quils-peuvent-en-vie-jusqua-ce-quil-y-ait-des-jours-meilleurs-le-photojournaliste-b","status":"publish","type":"post","link":"https:\/\/www.europesays.com\/fr\/360908\/","title":{"rendered":"Visa pour l\u2019Image\u00a0: \u00ab\u00a0Ce que ces personnes font, c\u2019est maintenir ce qu\u2019ils peuvent en vie jusqu\u2019\u00e0 ce qu\u2019il y ait des jours meilleurs\u00a0\u00bb, le photojournaliste Brent Stirton d\u00e9voile l\u2019int\u00e9gralit\u00e9 de son travail pour les 100 ans du parc national des Virunga"},"content":{"rendered":"<p>\n                                                                Avec ses images prim\u00e9es, le photojournaliste Brent Stirton, d\u2019origine sud-africaine, est aujourd\u2019hui l\u2019un des professionnels les plus reconnus au monde. Pour la 6e fois, son travail\u00a0se retrouve expos\u00e9 \u00e0 Visa pour l\u2019Image \u00e0 Perpignan. Cette ann\u00e9e, il pr\u00e9sente l\u2019int\u00e9gralit\u00e9 de son reportage \u00ab\u00a0Parc national des Virunga, R\u00e9publique d\u00e9mocratique du Congo\u00a0: 100 ans de r\u00e9silience\u00a0\u00bb pour le centenaire du parc. Un documentaire autour du\u00a0plus ancien parc d\u2019Afrique, situ\u00e9 aux portes d\u2019une zone en guerre depuis trois d\u00e9cennies, en perp\u00e9tuel \u00e9tat de si\u00e8ge, aux mains de ceux qui convoitent ses richesses naturelles (gorilles de montagne, plus grand troupeau d\u2019\u00e9l\u00e9phants\u2026)\u00a0: groupes terroristes, milices locales ou arm\u00e9e rebelle soutenue par le Rwanda voisin.\n                            <\/p>\n<p class=\"txt-question\">Pourquoi vous \u00eates-vous int\u00e9ress\u00e9 au Parc national des Virunga\u00a0?<\/p>\n<p>J\u2019ai plus l\u2019impression que ce sont les Virunga\u00a0qui m\u2019ont choisi. \u00c0 une \u00e9poque, je travaillais pour Newsweek, quand il y avait la diff\u00e9rence entre Newsweek et Time. Et c\u2019est dans ce cadre-l\u00e0 que j\u2019ai \u00e9t\u00e9 envoy\u00e9 dans les Virunga\u00a0en 2007. Et \u00e0 l\u2019\u00e9poque, je travaillais beaucoup sur les conflits africains. Les photos que j\u2019ai pu prendre\u00a0c\u2019\u00e9tait celles des gorilles des montagnes qui avaient \u00e9t\u00e9 tu\u00e9s. Et je me suis rendu compte que \u00e7a avait suscit\u00e9 une \u00e9motion bien plus vive. Et donc, je me suis dit que c\u2019\u00e9tait peut-\u00eatre une autre mani\u00e8re de parler de ce qui se passe dans la r\u00e9gion.<\/p>\n<p>        <img decoding=\"async\" class=\"std-img__img responsive-img\" src=\"https:\/\/www.europesays.com\/fr\/wp-content\/uploads\/2025\/09\/1756821742_395_image.jpg\" alt=\"La peur de mourir dans le regard de Ndakasi, ici avec son soigneur Andr\u00e9 Bauma du centre Senkwekwe, le seul refuge au monde pour les gorilles de montagne. Ndakasi avait surv\u00e9cu \u00e0 l\u2019assassinat de sa famille en 2007. Elle a pass\u00e9 le reste de sa vie en compagnie d\u2019humains et d\u2019autres gorilles orphelins. (2021)\"\/><\/p>\n<p>                La peur de mourir dans le regard de Ndakasi, ici avec son soigneur Andr\u00e9 Bauma du centre Senkwekwe, le seul refuge au monde pour les gorilles de montagne. Ndakasi avait surv\u00e9cu \u00e0 l\u2019assassinat de sa famille en 2007. Elle a pass\u00e9 le reste de sa vie en compagnie d\u2019humains et d\u2019autres gorilles orphelins. (2021)<br \/>\n                                    \u00a9 Brent Stirton \/ Getty Images &#8211; \u00a9 Brent Stirton \/ Getty Images<\/p>\n<p class=\"txt-question\">Qu\u2019est-ce qui vous a le plus marqu\u00e9 lors de votre dernier reportage aupr\u00e8s des \u00ab\u00a0Rangers de Virunga\u00a0\u00bb qui luttent pour la pr\u00e9servation du parc\u00a0?<\/p>\n<p>Il est important de rappeler que les quartiers g\u00e9n\u00e9raux, le si\u00e8ge administratif du parc, ont d\u00fb \u00eatre d\u00e9plac\u00e9s trois fois en trois ans \u00e0 cause des rebelles du M23 (groupe arm\u00e9 soutenu par le Rwanda qui exerce son emprise sur le parc. NDLR). Vous avez en fait ces groupes rebelles qui contr\u00f4lent diff\u00e9rentes r\u00e9gions. Et ce que je trouve vraiment incroyable, c\u2019est qu\u2019ils continuent, ils progressent. C\u2019est constant, c\u2019est sans arr\u00eat. Certains auraient abandonn\u00e9, mais ils continuent, ils n\u2019abandonnent pas.<\/p>\n<blockquote>\n<p>J\u2019aurai voulu y passer plus de temps<\/p>\n<\/blockquote>\n<p class=\"txt-question\">Alors que le parc c\u00e9l\u00e8bre son centenaire, vous dites que vous esp\u00e9rez qu\u2019il existera toujours dans 100 ans. Qu\u2019est-ce qui peut permettre cela selon vous\u00a0?<\/p>\n<p>Ces espaces verts seront de plus en plus importants dans les ann\u00e9es \u00e0 venir. Donc, c\u2019est vraiment juste une question de garder les choses vives pour un temps plus enlignant. Et c\u2019est ce que ces gars font. Finalement, c\u2019est l\u2019optimisme de ces personnes-l\u00e0, tous\u00a0ceux qui y travaillent, qui permet d\u2019avancer. Donc, finalement, ce que ces personnes font, c\u2019est maintenir ce qu\u2019ils peuvent en vie jusqu\u2019\u00e0 ce qu\u2019il y ait des jours meilleurs.<\/p>\n<p class=\"txt-question\">Combien de temps avez-vous pass\u00e9 sur place depuis le d\u00e9but de votre reportage\u00a0?<\/p>\n<p>Au total, je me suis rendu 13 fois dans les Virunga, depuis 2007. Parfois pour quelques jours, parfois pour trois semaines. Dans ces trois semaines-l\u00e0, il n\u2019\u00e9tait possible de travailler que quatre ou cinq jours pour des raisons de s\u00e9curit\u00e9. Mais j\u2019aurais voulu y passer plus de temps.<\/p>\n<p>        <img decoding=\"async\" class=\"std-img__img responsive-img\" src=\"https:\/\/www.europesays.com\/fr\/wp-content\/uploads\/2025\/09\/1756821742_811_image.jpg\" alt=\"Georgette Ndovya Kavugho (32 ans) a \u00e9t\u00e9 attaqu\u00e9e par des membres des ADF, un groupe islamiste ayant nou\u00e9 des liens avec l\u2019\u00c9tat islamique. Selon une \u00e9tude de la BBC, les ADF sont le groupe terroriste le plus meurtrier op\u00e9rant dans l\u2019est de la RDC. Ils seraient responsables de plus de la moiti\u00e9 des victimes civiles dans ce conflit.\"\/><\/p>\n<p>                Georgette Ndovya Kavugho (32 ans) a \u00e9t\u00e9 attaqu\u00e9e par des membres des ADF, un groupe islamiste ayant nou\u00e9 des liens avec l\u2019\u00c9tat islamique. Selon une \u00e9tude de la BBC, les ADF sont le groupe terroriste le plus meurtrier op\u00e9rant dans l\u2019est de la RDC. Ils seraient responsables de plus de la moiti\u00e9 des victimes civiles dans ce conflit.<br \/>\n                                    \u00a9 Brent Stirton \/ Getty Images &#8211; \u00a9 Brent Stirton \/ Getty Images<\/p>\n<p class=\"txt-question\">Avez-vous pour projet d\u2019y retourner pour poursuivre vos travaux\u00a0?<\/p>\n<p>Mes projets dans l\u2019imm\u00e9diat sont de travailler sur cette alliance du fleuve Congo. La particularit\u00e9 de celui-l\u00e0, c\u2019est qu\u2019apr\u00e8s avoir travaill\u00e9 aussi longtemps avec eux, je me suis fait de vrais amis. Donc, il y a une touche un peu plus personnelle.<\/p>\n<p class=\"txt-question\">Qu\u2019est-ce que vous attendez que le public retienne de votre reportage en le voyant ici\u00a0?<\/p>\n<p>Ce que j\u2019attends du public c\u2019est qu\u2019il\u00a0apporte\u00a0son\u00a0soutien au parc. Les besoins du parc sont d\u2019environ 20\u00a0millions de dollars par an. Ils n\u2019ont pas de financement du gouvernement. Et donc, ils survivent \u00e0 peine en utilisant l\u2019hydro\u00e9lectricit\u00e9 qu\u2019ils fournissent \u00e0 d\u2019autres r\u00e9gions. Mais de toute mani\u00e8re, ce n\u2019est pas assez d\u2019argent. Donc, peut-\u00eatre qu\u2019un jour, un milliardaire d\u00e9cidera de les aider.<\/p>\n<p>Au couvent des Minimes<\/p>\n","protected":false},"excerpt":{"rendered":"Avec ses images prim\u00e9es, le photojournaliste Brent Stirton, d\u2019origine sud-africaine, est aujourd\u2019hui l\u2019un des professionnels les plus reconnus&hellip;\n","protected":false},"author":2,"featured_media":360909,"comment_status":"","ping_status":"","sticky":false,"template":"","format":"standard","meta":{"footnotes":""},"categories":[1358],"tags":[1348,1384,1385,1386,58,59,1011,27],"class_list":{"0":"post-360908","1":"post","2":"type-post","3":"status-publish","4":"format-standard","5":"has-post-thumbnail","7":"category-arts-et-design","8":"tag-arts","9":"tag-arts-and-design","10":"tag-arts-et-design","11":"tag-design","12":"tag-divertissement","13":"tag-entertainment","14":"tag-fr","15":"tag-france"},"share_on_mastodon":{"url":"https:\/\/pubeurope.com\/@fr\/115135076489122211","error":""},"_links":{"self":[{"href":"https:\/\/www.europesays.com\/fr\/wp-json\/wp\/v2\/posts\/360908","targetHints":{"allow":["GET"]}}],"collection":[{"href":"https:\/\/www.europesays.com\/fr\/wp-json\/wp\/v2\/posts"}],"about":[{"href":"https:\/\/www.europesays.com\/fr\/wp-json\/wp\/v2\/types\/post"}],"author":[{"embeddable":true,"href":"https:\/\/www.europesays.com\/fr\/wp-json\/wp\/v2\/users\/2"}],"replies":[{"embeddable":true,"href":"https:\/\/www.europesays.com\/fr\/wp-json\/wp\/v2\/comments?post=360908"}],"version-history":[{"count":0,"href":"https:\/\/www.europesays.com\/fr\/wp-json\/wp\/v2\/posts\/360908\/revisions"}],"wp:featuredmedia":[{"embeddable":true,"href":"https:\/\/www.europesays.com\/fr\/wp-json\/wp\/v2\/media\/360909"}],"wp:attachment":[{"href":"https:\/\/www.europesays.com\/fr\/wp-json\/wp\/v2\/media?parent=360908"}],"wp:term":[{"taxonomy":"category","embeddable":true,"href":"https:\/\/www.europesays.com\/fr\/wp-json\/wp\/v2\/categories?post=360908"},{"taxonomy":"post_tag","embeddable":true,"href":"https:\/\/www.europesays.com\/fr\/wp-json\/wp\/v2\/tags?post=360908"}],"curies":[{"name":"wp","href":"https:\/\/api.w.org\/{rel}","templated":true}]}}