{"id":360910,"date":"2025-09-02T14:03:10","date_gmt":"2025-09-02T14:03:10","guid":{"rendered":"https:\/\/www.europesays.com\/fr\/360910\/"},"modified":"2025-09-02T14:03:10","modified_gmt":"2025-09-02T14:03:10","slug":"3-bonnes-raisons-de-relire-le-roman-dolivier-norek","status":"publish","type":"post","link":"https:\/\/www.europesays.com\/fr\/360910\/","title":{"rendered":"3 bonnes raisons de (re)lire le roman d&rsquo;Olivier Norek"},"content":{"rendered":"<p>Publi\u00e9 en 2019, le roman de l\u2019ex-policier conna\u00eet un regain d\u2019int\u00e9r\u00eat depuis la diffusion de son adaptation s\u00e9rielle sur France T\u00e9l\u00e9visions.<\/p>\n<p>1 Une h\u00e9ro\u00efne inspir\u00e9e du r\u00e9el<\/p>\n<p>L\u2019histoire de <a href=\"https:\/\/leclaireur.fnac.com\/article\/619391-surface-ce-soir-sur-france-2-que-vaut-vraiment-la-serie-lavis-des-critiques\/\" target=\"_blank\" rel=\"noreferrer noopener nofollow\">Surface<\/a> suit No\u00e9mie Chastain, une capitaine de police parisienne qui voit sa vie basculer lorsqu\u2019elle est gri\u00e8vement bless\u00e9e au visage lors d\u2019une intervention. Envoy\u00e9e en Occitanie pour une mise au vert forc\u00e9e, elle doit affronter le rejet li\u00e9 \u00e0 son apparence et la difficult\u00e9 de se reconstruire.<\/p>\n<p><img fetchpriority=\"high\" decoding=\"async\" width=\"1024\" height=\"683\" src=\"https:\/\/www.europesays.com\/fr\/wp-content\/uploads\/2025\/09\/surface-4-1024x683.jpeg\" alt=\"\" class=\"wp-image-619437\"  \/>Tomer Sisley et Laura Smet dans Surface.\u00a9France T\u00e9l\u00e9visions\/Quad Drama\/Baptiste Langinier<\/p>\n<p>Cependant, ce personnage n\u2019est pas une pure invention. \u00ab\u00a0Il existe et s\u2019appelle Babette, explique l\u2019auteur dans un communiqu\u00e9 publi\u00e9 par <a href=\"https:\/\/www.francetelevisions.fr\/et-vous\/notre-tele\/les-programmes-a-ne-pas-rater\/surface-46096\" target=\"_blank\" rel=\"noreferrer noopener nofollow\">France T\u00e9l\u00e9visions<\/a>. C\u2019est une coll\u00e8gue \u00e0 moi, une amie qui a \u00e9t\u00e9 d\u00e9figur\u00e9e \u00e0 coups de barre de fer. Elle a \u00e9t\u00e9 appel\u00e9e un soir sur une intervention, ce genre d\u2019intervention qui sent le pi\u00e8ge. Un personnage bris\u00e9 de mille mani\u00e8res qui va remonter \u00e0 la surface.\u00a0\u00bb<\/p>\n<blockquote class=\"instagram-media\" data-instgrm-captioned=\"\" data-instgrm-permalink=\"https:\/\/www.instagram.com\/reel\/DODjTMYDUIi\/?utm_source=ig_embed&amp;utm_campaign=loading\" data-instgrm-version=\"14\" style=\" background:#FFF; border:0; border-radius:3px; box-shadow:0 0 1px 0 rgba(0,0,0,0.5),0 1px 10px 0 rgba(0,0,0,0.15); margin: 1px; max-width:540px; min-width:326px; padding:0; width:99.375%; width:-webkit-calc(100% - 2px); width:calc(100% - 2px);\"\/>\n<p>En confiant \u00e0 Laura Smet ce r\u00f4le qui n\u00e9cessitait chaque jour deux heures de maquillage et une proth\u00e8se, la <a href=\"https:\/\/www.fnac.com\/s1732\/Toutes-les-Series-TV\" target=\"_blank\" rel=\"noreferrer noopener nofollow\">s\u00e9rie<\/a> met en images ce que le roman parvient d\u00e9j\u00e0 \u00e0 rendre palpable : une femme bless\u00e9e, mais qui refuse de se r\u00e9duire \u00e0 ses cicatrices.<\/p>\n<p>2 Un d\u00e9cor fascinant et une atmosph\u00e8re atypique<\/p>\n<p>Au-del\u00e0 de son intrigue, <a href=\"https:\/\/www.fnac.com\/livre.asp\" target=\"_blank\" rel=\"noreferrer noopener nofollow\">le livre<\/a> s\u00e9duit par son d\u00e9cor unique : un village englouti sous un lac artificiel, dont les secrets ressurgissent lorsque le corps d\u2019un enfant est retrouv\u00e9. Olivier Norek y voit un double miroir, g\u00e9ographique et psychologique. \u00ab\u00a0Je voulais aborder le sujet fantasmagorique des villages engloutis, partage-t-il dans le m\u00eame communiqu\u00e9. Un village scind\u00e9 entre celui d\u2019en bas, englouti sous les eaux, et celui d\u2019en haut, qui voit remonter \u00e0 la surface des secrets.\u00a0\u00bb<\/p>\n<p><strong class=\"small\">En stock<\/strong><\/p>\n<p>        Acheter sur Fnac.com<\/p>\n<p>Cette topographie singuli\u00e8re conf\u00e8re \u00e0 l\u2019\u0153uvre une atmosph\u00e8re hors du commun, quasi mythologique, o\u00f9 l\u2019eau devient la gardienne des non-dits. L\u2019auteur joue sur cette dualit\u00e9. L\u2019attachement de Norek \u00e0 l\u2019Aveyron nourrit en outre ces paysages et leur donne un v\u00e9ritable r\u00f4le dans le r\u00e9cit.<\/p>\n<p>3 Une adaptation s\u00e9rielle ambitieuse<\/p>\n<p>Le dernier atout du <a href=\"https:\/\/leclaireur.fnac.com\/selection\/cp66172-le-meilleur-du-polar-en-poche\/\" target=\"_blank\" rel=\"noreferrer noopener nofollow\">polar<\/a> r\u00e9side dans le dialogue qu\u2019il entretient d\u00e9sormais avec son adaptation s\u00e9rielle. Diffus\u00e9e depuis le 21 ao\u00fbt sur france.tv et depuis le 1er septembre sur France 2, la s\u00e9rie r\u00e9alis\u00e9e par Slimane-Baptiste Berhoun transpose l\u2019univers du roman dans une mise en sc\u00e8ne immersive. Laura Smet a d\u00fb se pr\u00eater \u00e0 des s\u00e9quences particuli\u00e8rement exigeantes. \u00ab\u00a0Des s\u00e9quences d\u2019apn\u00e9e, les yeux ouverts, attach\u00e9e par les pieds \u00e0 sept m\u00e8tres de fond\u00a0\u00bb, souligne le r\u00e9alisateur dans le communiqu\u00e9 officiel.<\/p>\n<p><img loading=\"lazy\" decoding=\"async\" width=\"1024\" height=\"683\" src=\"https:\/\/www.europesays.com\/fr\/wp-content\/uploads\/2025\/09\/surface-3-1024x683.jpg\" alt=\"\" class=\"wp-image-619421\"  \/>Laura Smet dans Surface.\u00a9France T\u00e9l\u00e9visions\/Quad Drama\/Baptiste Langinier<\/p>\n<p>Voir la s\u00e9rie apr\u00e8s avoir lu le livre \u2013 ou l\u2019inverse \u2013 permet d\u2019appr\u00e9cier deux regards distincts sur une m\u00eame histoire. Fid\u00e8le \u00e0 l\u2019esprit du roman, l\u2019adaptation choisit une conclusion plus ambigu\u00eb qui en change la port\u00e9e. Le lecteur y trouve la densit\u00e9 psychologique, le spectateur une intensit\u00e9 visuelle : deux exp\u00e9riences qui se compl\u00e8tent sans se r\u00e9p\u00e9ter.<\/p>\n<p>        <script async src=\"\/\/www.instagram.com\/embed.js\"><\/script><\/p>\n","protected":false},"excerpt":{"rendered":"Publi\u00e9 en 2019, le roman de l\u2019ex-policier conna\u00eet un regain d\u2019int\u00e9r\u00eat depuis la diffusion de son adaptation s\u00e9rielle&hellip;\n","protected":false},"author":2,"featured_media":360911,"comment_status":"","ping_status":"","sticky":false,"template":"","format":"standard","meta":{"footnotes":""},"categories":[1357],"tags":[1379,58,49630,59,1011,27,2400,1380,41770,4747],"class_list":{"0":"post-360910","1":"post","2":"type-post","3":"status-publish","4":"format-standard","5":"has-post-thumbnail","7":"category-livres","8":"tag-books","9":"tag-divertissement","10":"tag-editions-michel-lafon","11":"tag-entertainment","12":"tag-fr","13":"tag-france","14":"tag-france-televisions","15":"tag-livres","16":"tag-olivier-norek","17":"tag-polar"},"share_on_mastodon":{"url":"https:\/\/pubeurope.com\/@fr\/115135080393642991","error":""},"_links":{"self":[{"href":"https:\/\/www.europesays.com\/fr\/wp-json\/wp\/v2\/posts\/360910","targetHints":{"allow":["GET"]}}],"collection":[{"href":"https:\/\/www.europesays.com\/fr\/wp-json\/wp\/v2\/posts"}],"about":[{"href":"https:\/\/www.europesays.com\/fr\/wp-json\/wp\/v2\/types\/post"}],"author":[{"embeddable":true,"href":"https:\/\/www.europesays.com\/fr\/wp-json\/wp\/v2\/users\/2"}],"replies":[{"embeddable":true,"href":"https:\/\/www.europesays.com\/fr\/wp-json\/wp\/v2\/comments?post=360910"}],"version-history":[{"count":0,"href":"https:\/\/www.europesays.com\/fr\/wp-json\/wp\/v2\/posts\/360910\/revisions"}],"wp:featuredmedia":[{"embeddable":true,"href":"https:\/\/www.europesays.com\/fr\/wp-json\/wp\/v2\/media\/360911"}],"wp:attachment":[{"href":"https:\/\/www.europesays.com\/fr\/wp-json\/wp\/v2\/media?parent=360910"}],"wp:term":[{"taxonomy":"category","embeddable":true,"href":"https:\/\/www.europesays.com\/fr\/wp-json\/wp\/v2\/categories?post=360910"},{"taxonomy":"post_tag","embeddable":true,"href":"https:\/\/www.europesays.com\/fr\/wp-json\/wp\/v2\/tags?post=360910"}],"curies":[{"name":"wp","href":"https:\/\/api.w.org\/{rel}","templated":true}]}}