{"id":360912,"date":"2025-09-02T14:04:11","date_gmt":"2025-09-02T14:04:11","guid":{"rendered":"https:\/\/www.europesays.com\/fr\/360912\/"},"modified":"2025-09-02T14:04:11","modified_gmt":"2025-09-02T14:04:11","slug":"pour-la-premiere-de-magali-berdah-sur-sud-radio-julien-odoul-revele-avoir-passe-le-casting-de-lile-de-la-tentation-pour-etre-tentateur","status":"publish","type":"post","link":"https:\/\/www.europesays.com\/fr\/360912\/","title":{"rendered":"Pour la premi\u00e8re de Magali Berdah sur Sud Radio, Julien Odoul r\u00e9v\u00e8le avoir \u00ab\u00a0pass\u00e9 le casting\u00a0\u00bb de \u00ab\u00a0L&rsquo;\u00cele de la tentation\u00a0\u00bb pour \u00eatre \u00ab\u00a0tentateur\u00a0\u00bb"},"content":{"rendered":"<p class=\"mb-4 text-lg md:leading-8 break-words\">Lors du lancement de sa nouvelle \u00e9mission, la femme d&rsquo;affaires a obtenu une r\u00e9v\u00e9lation inattendue de la part du d\u00e9put\u00e9 du Rassemblent national, rouvrant le dossier de son pass\u00e9 de \u00ab\u00a0mannequin d\u00e9nud\u00e9\u00a0\u00bb.<\/p>\n<p class=\"mb-4 text-lg md:leading-8 break-words\">C&rsquo;\u00e9tait sa grande premi\u00e8re. Ce lundi 2 septembre, Magali Berdah animait sa nouvelle \u00e9mission de d\u00e9bats sur Sud Radio. L&rsquo;ex-chroniqueuse de \u00ab\u00a0Touche pas \u00e0 mon poste\u00a0\u00bb et ancienne \u00ab\u00a0papesse\u00a0\u00bb controvers\u00e9e de l&rsquo;influence animera cette saison ce nouveau rendez-vous du lundi au jeudi, de 20h \u00e0 21h, dans lequel elle oppose un influenceur ou une figure de la t\u00e9l\u00e9r\u00e9alit\u00e9 \u00e0 un \u00e9lu, un expert ou un responsable politique.<\/p>\n<p class=\"mb-4 text-lg md:leading-8 break-words\">\u00ab\u00a0J&rsquo;ai pass\u00e9 le casting de &lsquo;L&rsquo;\u00cele de la tentation&rsquo; dans une autre vie\u00a0\u00bb<\/p>\n<p class=\"mb-4 text-lg md:leading-8 break-words\">Pour cette premi\u00e8re, ses invit\u00e9s \u00e9taient Simon Castaldi, fils de Benjamin Castaldi et star de la t\u00e9l\u00e9-r\u00e9alit\u00e9, ainsi que Julien Odoul, d\u00e9put\u00e9 du Rassemblement National. En fin d&rsquo;\u00e9mission, dans une s\u00e9quence que la nouvelle animatrice appelle \u00ab\u00a0flash &amp; cash\u00a0\u00bb, ses invit\u00e9s devaient r\u00e9pondre rapidement \u00e0 une s\u00e9rie de questions. \u00ab\u00a0Pas de &lsquo;oui mais&rsquo;, pas de langue de bois, pas d&rsquo;\u00e9chappatoire, et pas de pirouettes\u00a0\u00bb, pr\u00e9vient-elle.<\/p>\n<p class=\"mb-4 text-lg md:leading-8 break-words\">\u00c0 la question \u00ab\u00a0Julien Odoul avez-vous d\u00e9j\u00e0 pens\u00e9 \u00e0 participer \u00e0 une t\u00e9l\u00e9-r\u00e9alit\u00e9 ?\u00a0\u00bb, il r\u00e9pond, alors sans d\u00e9tour : \u00ab\u00a0Oui, j&rsquo;ai pass\u00e9 le casting de &lsquo;L&rsquo;\u00cele de la tentation&rsquo;. Il y a tr\u00e8s longtemps, c&rsquo;\u00e9tait dans une autre vie quand je faisais du mannequinat\u00a0\u00bb. Avant d&rsquo;ajouter, au cas-o\u00f9 : \u00ab\u00a0Il n&rsquo;y a pas de photos, il n&rsquo;y a pas de vid\u00e9os, il n&rsquo;y a rien\u00a0\u00bb. \u00ab\u00a0Je n&rsquo;ai pas \u00e9t\u00e9 pris\u00a0\u00bb, a-t-il encore pr\u00e9cis\u00e9, avant d&rsquo;admettre avoir pass\u00e9 le casting \u00ab\u00a0pour les deux\u00a0\u00bb r\u00f4les du programme, soit tentateur&#8230;<\/p>\n<p class=\"mb-4 text-lg md:leading-8 break-words\"><a href=\"https:\/\/www.ozap.com\/actu\/pour-la-premiere-de-magali-berdah-sur-sud-radio-julien-odoul-revele-avoir-passe-le-casting-de-l-Ile-de-la-tentation-pour-etre-tentateur\/651422\" rel=\"nofollow noopener\" target=\"_blank\" data-ylk=\"slk:Lire la suite;elm:context_link;itc:0;sec:content-canvas\" class=\"link \">Lire la suite<\/a><\/p>\n<p class=\"mb-4 text-lg md:leading-8 break-words\">\u00c0 lire aussi<\/p>\n<p class=\"mb-4 text-lg md:leading-8 break-words\"><a href=\"https:\/\/www.ozap.com\/actu\/elle-est-legitime-a-ouvrir-ces-debats-sud-radio-defend-son-choix-de-recruter-magali-berdah-pour-presenter-une-emission-quotidienne-avec-des-influenceurs-et-des-politiques\/651318\" rel=\"nofollow noopener\" target=\"_blank\" data-ylk=\"slk:&quot;Elle est l\u00e9gitime \u00e0 ouvrir ces d\u00e9bats&quot; : Sud Radio d\u00e9fend son choix de recruter Magali Berdah pour pr\u00e9senter une \u00e9mission quotidienne avec des influenceurs et des politiques;elm:context_link;itc:0;sec:content-canvas\" class=\"link \">\u00ab\u00a0Elle est l\u00e9gitime \u00e0 ouvrir ces d\u00e9bats\u00a0\u00bb : Sud Radio d\u00e9fend son choix de recruter Magali Berdah pour pr\u00e9senter une \u00e9mission quotidienne avec des influenceurs et des politiques<\/a><br \/><a href=\"https:\/\/www.ozap.com\/actu\/ca-sest-tres-mal-passe-tony-parker-accuse-de-ne-pas-avoir-verse-pres-de-200000-euros-promis-dans-qui-veut-etre-mon-associe-sur-m6\/649108\" rel=\"nofollow noopener\" target=\"_blank\" data-ylk=\"slk:&quot;\u00c7a s&#039;est tr\u00e8s mal pass\u00e9&quot; : Tony Parker accus\u00e9 de ne pas avoir vers\u00e9 pr\u00e8s de 200.000 euros promis dans &quot;Qui veut \u00eatre mon associ\u00e9 ?&quot; sur M6;elm:context_link;itc:0;sec:content-canvas\" class=\"link \">\u00ab\u00a0\u00c7a s&rsquo;est tr\u00e8s mal pass\u00e9\u00a0\u00bb : Tony Parker accus\u00e9 de ne pas avoir vers\u00e9 pr\u00e8s de 200.000 euros promis dans \u00ab\u00a0Qui veut \u00eatre mon associ\u00e9 ?\u00a0\u00bb sur M6<\/a><br \/><a href=\"https:\/\/www.ozap.com\/actu\/jai-besoin-de-ce-moment-pour-me-sentir-comme-une-femme-accomplie-deux-candidates-de-lile-de-la-tentation-cedent-au-charme-des-tentateurs-lors-des-ultimes-dates\/649084\" rel=\"nofollow noopener\" target=\"_blank\" data-ylk=\"slk:&quot;J&#039;ai besoin de ce moment pour me sentir comme une femme accomplie&quot; : Deux candidates de &quot;L&#039;\u00eele de la tentation&quot; c\u00e8dent au charme des tentateurs lors des ultimes dates;elm:context_link;itc:0;sec:content-canvas\" class=\"link \">\u00ab\u00a0J&rsquo;ai besoin de ce moment pour me sentir comme une femme accomplie\u00a0\u00bb : Deux candidates de \u00ab\u00a0L&rsquo;\u00eele de la tentation\u00a0\u00bb c\u00e8dent au charme des tentateurs lors des ultimes dates<\/a><\/p>\n","protected":false},"excerpt":{"rendered":"Lors du lancement de sa nouvelle \u00e9mission, la femme d&rsquo;affaires a obtenu une r\u00e9v\u00e9lation inattendue de la part&hellip;\n","protected":false},"author":2,"featured_media":360913,"comment_status":"","ping_status":"","sticky":false,"template":"","format":"standard","meta":{"footnotes":""},"categories":[1356],"tags":[6468,58,59,1011,27,49631,44040,1078,17472,10897,252,1364],"class_list":{"0":"post-360912","1":"post","2":"type-post","3":"status-publish","4":"format-standard","5":"has-post-thumbnail","7":"category-television","8":"tag-benjamin-castaldi","9":"tag-divertissement","10":"tag-entertainment","11":"tag-fr","12":"tag-france","13":"tag-lile-de-la-tentation-2","14":"tag-nouvelle-emission","15":"tag-rassemblement-national","16":"tag-simon-castaldi","17":"tag-sud-radio","18":"tag-television","19":"tag-tv"},"share_on_mastodon":{"url":"https:\/\/pubeurope.com\/@fr\/115135084292460698","error":""},"_links":{"self":[{"href":"https:\/\/www.europesays.com\/fr\/wp-json\/wp\/v2\/posts\/360912","targetHints":{"allow":["GET"]}}],"collection":[{"href":"https:\/\/www.europesays.com\/fr\/wp-json\/wp\/v2\/posts"}],"about":[{"href":"https:\/\/www.europesays.com\/fr\/wp-json\/wp\/v2\/types\/post"}],"author":[{"embeddable":true,"href":"https:\/\/www.europesays.com\/fr\/wp-json\/wp\/v2\/users\/2"}],"replies":[{"embeddable":true,"href":"https:\/\/www.europesays.com\/fr\/wp-json\/wp\/v2\/comments?post=360912"}],"version-history":[{"count":0,"href":"https:\/\/www.europesays.com\/fr\/wp-json\/wp\/v2\/posts\/360912\/revisions"}],"wp:featuredmedia":[{"embeddable":true,"href":"https:\/\/www.europesays.com\/fr\/wp-json\/wp\/v2\/media\/360913"}],"wp:attachment":[{"href":"https:\/\/www.europesays.com\/fr\/wp-json\/wp\/v2\/media?parent=360912"}],"wp:term":[{"taxonomy":"category","embeddable":true,"href":"https:\/\/www.europesays.com\/fr\/wp-json\/wp\/v2\/categories?post=360912"},{"taxonomy":"post_tag","embeddable":true,"href":"https:\/\/www.europesays.com\/fr\/wp-json\/wp\/v2\/tags?post=360912"}],"curies":[{"name":"wp","href":"https:\/\/api.w.org\/{rel}","templated":true}]}}