{"id":360914,"date":"2025-09-02T14:05:10","date_gmt":"2025-09-02T14:05:10","guid":{"rendered":"https:\/\/www.europesays.com\/fr\/360914\/"},"modified":"2025-09-02T14:05:10","modified_gmt":"2025-09-02T14:05:10","slug":"cette-grande-annonce-qui-affole-les-fans","status":"publish","type":"post","link":"https:\/\/www.europesays.com\/fr\/360914\/","title":{"rendered":"cette grande annonce qui affole les fans !"},"content":{"rendered":"<p><img decoding=\"async\" src=\"https:\/\/www.europesays.com\/fr\/wp-content\/uploads\/2025\/09\/photo_1756805732.jpg\" class=\"textcenter img-content\" loading=\"lazy\"\/>Bestimage<br \/>\n<br \/>\nTout sourit \u00e0 Pierre Garnier. Depuis sa victoire \u00e0 la \u00ab\u00a0Star Academy\u00a0\u00bb en f\u00e9vrier 2024, le jeune chanteur est emport\u00e9 dans un v\u00e9ritable tourbillon. Ses deux singles <a href=\"https:\/\/www.chartsinfrance.net\/Star-Academy\/news-128205.html\" target=\"_blank\" class=\"spip_out\" rel=\"nofollow noopener\">\u00ab\u00a0Ceux qu&rsquo;on \u00e9tait\u00a0\u00bb<\/a> et \u00ab\u00a0Nous on sait\u00a0\u00bb ont \u00e9t\u00e9 certifi\u00e9s diamant pour plus de 50 millions de streams, son premier <a href=\"https:\/\/www.chartsinfrance.net\/Pierre-Garnier\/news-129076.html\" target=\"_blank\" class=\"spip_out\" rel=\"nofollow noopener\">album \u00ab\u00a0Chaque seconde\u00a0\u00bb<\/a> compte pr\u00e8s de 275.000 ventes, il a remport\u00e9 deux NRJ Music Awards et deux Victoires de la Musique, tandis que sa tourn\u00e9e est un v\u00e9ritable triomphe. Pour preuve, l&rsquo;artiste de 23 ans &#8211; qui a \u00e9t\u00e9 <a href=\"https:\/\/www.chartsinfrance.net\/Pierre-Garnier\/news-133603.html\" target=\"_blank\" class=\"spip_out\" rel=\"nofollow noopener\">hu\u00e9 par des fans<\/a> cet \u00e9t\u00e9 &#8211; sera en concert le 9 d\u00e9cembre prochain \u00e0 l&rsquo;Accor Arena de Paris. <\/p>\n<p>Le player Dailymotion est en train de se charger&#8230;<\/p>\n<p>\u00ab\u00a0C&rsquo;est quoi cette dinguerie ?\u00a0\u00bb<br \/>\nAlors qu&rsquo;il d\u00e9fend actuellement le single <a href=\"https:\/\/www.chartsinfrance.net\/Pierre-Garnier\/news-132509.html\" target=\"_blank\" class=\"spip_out\" rel=\"nofollow noopener\">\u00ab\u00a0Ce qui me va\u00a0\u00bb<\/a>, Pierre Garnier semble pr\u00eat \u00e0 surprendre le public en cette rentr\u00e9e. En effet, sur les ondes de la radio NRJ, l&rsquo;animateur Manu L\u00e9vy a fait une grande annonce hier matin. \u00ab Pierre Garnier sort un nouveau titre vendredi, et o\u00f9 est-ce qu&rsquo;il sera vendredi ? Il sera avec nous vendredi entre 9h et 10h \u00bb a confi\u00e9 celui qui est aux commandes de l&rsquo;\u00e9mission \u00ab\u00a0Manu dans le 6\/10\u00a0\u00bb. Une s\u00e9quence qui d\u00e9clenche la stupeur des fans sur les r\u00e9seaux sociaux, anim\u00e9s par l&rsquo;espoir d&rsquo;un titre in\u00e9dit. \u00ab C&rsquo;est quoi cette dinguerie, un nouveau titre ??? Et genre nous les fans on n&rsquo;est pas au courant ? \u00bb, \u00ab Un feat avec Ed Sheeran j&rsquo;esp\u00e8re \u00bb, \u00ab On aime les surprises comme \u00e7a \u00bb, \u00ab Le premier single de son deuxi\u00e8me album ? \u00bb peut-on lire sur les r\u00e9seaux sociaux.<\/p>\n<blockquote class=\"twitter-tweet\" data-media-max-width=\"560\">\n<p lang=\"fr\" dir=\"ltr\">L&rsquo;annonce de Pierre dans l&rsquo;\u00e9mission de Manu sur NRJ vendredi \ud83d\udd25 <a href=\"https:\/\/twitter.com\/hashtag\/pierregarnier?src=hash&amp;ref_src=twsrc%5Etfw\" rel=\"nofollow noopener\" target=\"_blank\">#pierregarnier<\/a> <a href=\"https:\/\/t.co\/5NTB9jvV35\" rel=\"nofollow\">pic.twitter.com\/5NTB9jvV35<\/a><\/p>\n<p>\u2014 Alexia (@alexialyon69) <a href=\"https:\/\/twitter.com\/alexialyon69\/status\/1962424422758781106?ref_src=twsrc%5Etfw\" rel=\"nofollow noopener\" target=\"_blank\">September 1, 2025<\/a><\/p><\/blockquote>\n<p>Alors, en attendant de d\u00e9couvrir ce que nous r\u00e9serve Pierre Garnier, il est peu probable qu&rsquo;il s&rsquo;agisse du premier extrait de <a href=\"https:\/\/www.chartsinfrance.net\/Pierre-Garnier\/news-133078.html\" target=\"_blank\" class=\"spip_out\" rel=\"nofollow noopener\">son deuxi\u00e8me album<\/a> puisque le chanteur avait assur\u00e9 ne pas travailler dessus de mani\u00e8re concr\u00e8te. \u00ab Je ne commence pas car j&rsquo;ai envie de me consacrer pleinement \u00e0 la tourn\u00e9e. C&rsquo;est important de pr\u00e9senter un autre et nouveau projet. Je veux le travailler \u00e0 t\u00eate repos\u00e9e. Je veux passer sur quelque chose de neuf \u00bb indiquait-il \u00e0 Ouest France en avril dernier, m\u00eame s&rsquo;il r\u00e9fl\u00e9chit \u00e0 la suite : \u00ab Je pense \u00e0 ce que j&rsquo;aimerais faire, comment amener tout cela, quel style aussi amener. J&rsquo;essaie de cr\u00e9er des trucs, de faire des vocaux et de les enregistrer dans l&rsquo;ordinateur pour que lorsque l&rsquo;on va s&rsquo;y mettre, on puisse retrouver tout cela et en faire quelque chose \u00bb.<\/p>\n<p><script async src=\"https:\/\/platform.twitter.com\/widgets.js\" charset=\"utf-8\"><\/script><\/p>\n","protected":false},"excerpt":{"rendered":"Bestimage Tout sourit \u00e0 Pierre Garnier. Depuis sa victoire \u00e0 la \u00ab\u00a0Star Academy\u00a0\u00bb en f\u00e9vrier 2024, le jeune&hellip;\n","protected":false},"author":2,"featured_media":360915,"comment_status":"","ping_status":"","sticky":false,"template":"","format":"standard","meta":{"footnotes":""},"categories":[1355],"tags":[58,59,1011,27,1361,873],"class_list":{"0":"post-360914","1":"post","2":"type-post","3":"status-publish","4":"format-standard","5":"has-post-thumbnail","7":"category-musique","8":"tag-divertissement","9":"tag-entertainment","10":"tag-fr","11":"tag-france","12":"tag-music","13":"tag-musique"},"share_on_mastodon":{"url":"https:\/\/pubeurope.com\/@fr\/115135088203836874","error":""},"_links":{"self":[{"href":"https:\/\/www.europesays.com\/fr\/wp-json\/wp\/v2\/posts\/360914","targetHints":{"allow":["GET"]}}],"collection":[{"href":"https:\/\/www.europesays.com\/fr\/wp-json\/wp\/v2\/posts"}],"about":[{"href":"https:\/\/www.europesays.com\/fr\/wp-json\/wp\/v2\/types\/post"}],"author":[{"embeddable":true,"href":"https:\/\/www.europesays.com\/fr\/wp-json\/wp\/v2\/users\/2"}],"replies":[{"embeddable":true,"href":"https:\/\/www.europesays.com\/fr\/wp-json\/wp\/v2\/comments?post=360914"}],"version-history":[{"count":0,"href":"https:\/\/www.europesays.com\/fr\/wp-json\/wp\/v2\/posts\/360914\/revisions"}],"wp:featuredmedia":[{"embeddable":true,"href":"https:\/\/www.europesays.com\/fr\/wp-json\/wp\/v2\/media\/360915"}],"wp:attachment":[{"href":"https:\/\/www.europesays.com\/fr\/wp-json\/wp\/v2\/media?parent=360914"}],"wp:term":[{"taxonomy":"category","embeddable":true,"href":"https:\/\/www.europesays.com\/fr\/wp-json\/wp\/v2\/categories?post=360914"},{"taxonomy":"post_tag","embeddable":true,"href":"https:\/\/www.europesays.com\/fr\/wp-json\/wp\/v2\/tags?post=360914"}],"curies":[{"name":"wp","href":"https:\/\/api.w.org\/{rel}","templated":true}]}}