{"id":360921,"date":"2025-09-02T14:09:13","date_gmt":"2025-09-02T14:09:13","guid":{"rendered":"https:\/\/www.europesays.com\/fr\/360921\/"},"modified":"2025-09-02T14:09:13","modified_gmt":"2025-09-02T14:09:13","slug":"graham-greene-est-mort-lacteur-pas-lecrivain-liberation","status":"publish","type":"post","link":"https:\/\/www.europesays.com\/fr\/360921\/","title":{"rendered":"Graham Greene est mort, l\u2019acteur pas l\u2019\u00e9crivain \u2013 Lib\u00e9ration"},"content":{"rendered":"<p class=\"sc-ksZaOG ehjQrN text-element\">\u00abOiseau Bondissant\u00bb n\u2019est plus. C\u00e9l\u00e8bre pour avoir interpr\u00e9t\u00e9 le r\u00f4le du chaman de la tribu sioux lakota dans Danse avec les loups de et avec <a href=\"https:\/\/www.liberation.fr\/culture\/1998\/02\/25\/costner-danse-avec-les-loupes-l-acteur-et-metteur-en-scene-accumule-les-echecs_228173\/\" target=\"_blank\" rel=\"noreferrer noopener\" title=\"https:\/\/www.liberation.fr\/culture\/1998\/02\/25\/costner-danse-avec-les-loupes-l-acteur-et-metteur-en-scene-accumule-les-echecs_228173\/\">Kevin Costner<\/a>, qui lui aura valu une nomination pour l\u2019Oscar du meilleur acteur dans un second r\u00f4le en 1991, Graham Greene, qui n\u2019a rien \u00e0 voir avec <a href=\"https:\/\/www.liberation.fr\/culture\/livres\/graham-greene-les-heros-doubles-dun-agent-secret-20250523_JQ3VMVITZZHZTPYLLQ4NPZPWVA\/\" target=\"_blank\" rel=\"noreferrer noopener\" title=\"https:\/\/www.liberation.fr\/culture\/livres\/graham-greene-les-heros-doubles-dun-agent-secret-20250523_JQ3VMVITZZHZTPYLLQ4NPZPWVA\/\">l\u2019\u00e9crivain anglais du m\u00eame nom disparu il y a trente-quatre ans<\/a>, est mort lundi 1er septembre, a annonc\u00e9 le site <a href=\"https:\/\/variety.com\/2025\/film\/obituaries-people-news\/graham-greene-dead-dances-with-wolves-1236504217\/\" target=\"_blank\" rel=\"noreferrer noopener\" title=\"https:\/\/variety.com\/2025\/film\/obituaries-people-news\/graham-greene-dead-dances-with-wolves-1236504217\/\">Variety<\/a>. Ag\u00e9 de 73 ans, il luttait depuis plusieurs ann\u00e9es contre une maladie dont la nature n\u2019a pas \u00e9t\u00e9 pr\u00e9cis\u00e9e.<\/p>\n<p class=\"sc-ksZaOG ehjQrN text-element\">N\u00e9 \u00e0 Ohsweken au Canada en juin 1952 dans la r\u00e9serve des Six Nations, Graham Greene a d\u2019abord fait carri\u00e8re dans le th\u00e9\u00e2tre dans les ann\u00e9es 1970. Avant de passer par le petit \u00e9cran, puis le grand, en incarnant souvent des r\u00f4les d\u2019Indiens dans les films en raison de ses origines indiennes. Comme en 1992 dans C\u0153ur de tonnerre de <a href=\"https:\/\/www.liberation.fr\/cinema\/2021\/01\/10\/michael-apted-le-monde-ne-suffit-plus_1810793\/\" target=\"_blank\" rel=\"noreferrer noopener\" title=\"https:\/\/www.liberation.fr\/cinema\/2021\/01\/10\/michael-apted-le-monde-ne-suffit-plus_1810793\/\">Michael Apted<\/a>, en 1994 dans Maverick de <a href=\"https:\/\/www.liberation.fr\/culture\/cinema\/richard-donner-est-mort-mais-continuera-de-modeler-hollywood-20210706_RGS6IHF7T5CKLHNVC27RWKLI54\/\" target=\"_blank\" rel=\"noreferrer noopener\" title=\"https:\/\/www.liberation.fr\/culture\/cinema\/richard-donner-est-mort-mais-continuera-de-modeler-hollywood-20210706_RGS6IHF7T5CKLHNVC27RWKLI54\/\">Richard Donner<\/a> ou dans Education de Little Tree de Richard Freidenberg en 1997.<\/p>\n<p class=\"sc-ksZaOG ehjQrN text-element\">Toujours ou presque dans des seconds r\u00f4les, Graham Greene s\u2019est aussi illustr\u00e9 dans plusieurs grosses productions hollywoodiennes. Il a jou\u00e9 un d\u00e9tective dans le troisi\u00e8me film de la saga <a href=\"https:\/\/www.liberation.fr\/cinema\/2013\/02\/19\/die-hard-sauvez-willis_882972\/\" target=\"_blank\" rel=\"noreferrer noopener\" title=\"https:\/\/www.liberation.fr\/cinema\/2013\/02\/19\/die-hard-sauvez-willis_882972\/\">Die Hard<\/a> au c\u00f4t\u00e9 de Bruce Willis, d\u2019un d\u00e9tenu dans la Ligne verte avec Tom Hanks (1999) ou encore plus r\u00e9cemment d\u2019un loup-garou dans le deuxi\u00e8me chapitre de Twilight avec Robert Pattinson et Kristen Stewart (2008).<\/p>\n","protected":false},"excerpt":{"rendered":"\u00abOiseau Bondissant\u00bb n\u2019est plus. C\u00e9l\u00e8bre pour avoir interpr\u00e9t\u00e9 le r\u00f4le du chaman de la tribu sioux lakota dans&hellip;\n","protected":false},"author":2,"featured_media":360922,"comment_status":"","ping_status":"","sticky":false,"template":"","format":"standard","meta":{"footnotes":""},"categories":[8],"tags":[574,58,59,73,1011,27],"class_list":{"0":"post-360921","1":"post","2":"type-post","3":"status-publish","4":"format-standard","5":"has-post-thumbnail","7":"category-divertissement","8":"tag-canada","9":"tag-divertissement","10":"tag-entertainment","11":"tag-etats-unis","12":"tag-fr","13":"tag-france"},"share_on_mastodon":{"url":"https:\/\/pubeurope.com\/@fr\/115135103956970453","error":""},"_links":{"self":[{"href":"https:\/\/www.europesays.com\/fr\/wp-json\/wp\/v2\/posts\/360921","targetHints":{"allow":["GET"]}}],"collection":[{"href":"https:\/\/www.europesays.com\/fr\/wp-json\/wp\/v2\/posts"}],"about":[{"href":"https:\/\/www.europesays.com\/fr\/wp-json\/wp\/v2\/types\/post"}],"author":[{"embeddable":true,"href":"https:\/\/www.europesays.com\/fr\/wp-json\/wp\/v2\/users\/2"}],"replies":[{"embeddable":true,"href":"https:\/\/www.europesays.com\/fr\/wp-json\/wp\/v2\/comments?post=360921"}],"version-history":[{"count":0,"href":"https:\/\/www.europesays.com\/fr\/wp-json\/wp\/v2\/posts\/360921\/revisions"}],"wp:featuredmedia":[{"embeddable":true,"href":"https:\/\/www.europesays.com\/fr\/wp-json\/wp\/v2\/media\/360922"}],"wp:attachment":[{"href":"https:\/\/www.europesays.com\/fr\/wp-json\/wp\/v2\/media?parent=360921"}],"wp:term":[{"taxonomy":"category","embeddable":true,"href":"https:\/\/www.europesays.com\/fr\/wp-json\/wp\/v2\/categories?post=360921"},{"taxonomy":"post_tag","embeddable":true,"href":"https:\/\/www.europesays.com\/fr\/wp-json\/wp\/v2\/tags?post=360921"}],"curies":[{"name":"wp","href":"https:\/\/api.w.org\/{rel}","templated":true}]}}