{"id":360927,"date":"2025-09-02T14:12:14","date_gmt":"2025-09-02T14:12:14","guid":{"rendered":"https:\/\/www.europesays.com\/fr\/360927\/"},"modified":"2025-09-02T14:12:14","modified_gmt":"2025-09-02T14:12:14","slug":"en-afghanistan-le-seisme-a-fait-plus-de-1-400-morts-selon-un-nouveau-bilan-officiel-lonu-alerte-sur-lampleur-de-la-catastrophe","status":"publish","type":"post","link":"https:\/\/www.europesays.com\/fr\/360927\/","title":{"rendered":"En Afghanistan, le s\u00e9isme a fait plus de\u00a01\u00a0400\u00a0morts, selon un\u00a0nouveau bilan officiel\u00a0; l\u2019ONU alerte sur l\u2019ampleur de\u00a0la\u00a0catastrophe"},"content":{"rendered":"\n<p class=\"article__paragraph article__paragraph--lf \">Plus de 1\u00a0400\u00a0personnes ont p\u00e9ri dans <a href=\"https:\/\/www.lemonde.fr\/international\/article\/2025\/09\/01\/en-afghanistan-un-seisme-cause-la-mort-d-au-moins-250-personnes_6637995_3210.html\" rel=\"nofollow noopener\" target=\"_blank\">le s\u00e9isme qui a frapp\u00e9 l\u2019est de l\u2019Afghanistan<\/a>, d\u2019apr\u00e8s un nouveau bilan mardi\u00a02\u00a0septembre par le gouvernement taliban. Zabihullah Mujahid, porte-parole du gouvernement, a pr\u00e9cis\u00e9 dans un communiqu\u00e9 que 1 411\u00a0personnes \u00e9taient mortes et 3\u00a0124 avaient \u00e9t\u00e9 bless\u00e9es dans la seule province de Kunar, notant, par ailleurs, que plus de 5\u00a0000\u00a0maisons y ont \u00e9t\u00e9 d\u00e9truites.<\/p>\n<p class=\"article__paragraph article__paragraph--lf \">D\u2019une magnitude\u00a06 et suivi d\u2019au moins cinq fortes r\u00e9pliques, le tremblement de terre a touch\u00e9 au c\u0153ur de la nuit de dimanche \u00e0 lundi des zones recul\u00e9es dans les provinces montagneuses de Nangarhar, Kunar et Laghman. Selon le coordinateur de l\u2019action humanitaire de l\u2019ONU en Afghanistan, Indrika Ratwatte, le s\u00e9isme pourrait avoir affect\u00e9\u00a0\u00ab\u00a0des centaines de milliers de personnes\u00a0\u00bb, estimant qu\u2019\u00ab\u00a0il ne fait aucun doute que le bilan va augmenter \u00e0 un rythme exponentiel\u00a0\u00bb, a-t-il assur\u00e9. \u00ab\u00a0Le plus grand d\u00e9fi est d\u2019atteindre ces zones recul\u00e9es\u00a0\u00bb\u00a0du pays\u00a0\u00ab\u00a0alors que l\u2019acc\u00e8s routier est extr\u00eamement endommag\u00e9\u00a0\u00bb, a-t-il expliqu\u00e9.<\/p>\n<p>                                       <img viewbox=\"0 0 664 443\"   width=\"664\" height=\"443\" alt=\"Un Afghan bless\u00e9 apr\u00e8s le tremblement de terre, dans le village de Mazar Dara, dans la province de Kunar (Afghanistan), le 1\u1d49\u02b3\u00a0septembre\u00a02025.\"\/>    Un Afghan bless\u00e9 apr\u00e8s le tremblement de terre, dans le village de Mazar Dara, dans la province de Kunar (Afghanistan), le 1\u1d49\u02b3\u00a0septembre\u00a02025.  WAKIL KOHSAR\/AFP                        <\/p>\n<p class=\"article__paragraph article__paragraph--lf \">D\u2019apr\u00e8s le chef de l\u2019Autorit\u00e9 de gestion des catastrophes de Kunar, Ehsanullah Ehsan, \u00ab\u00a0les recherches n\u2019ont pas cess\u00e9\u00a0\u00bb et ce \u00ab\u00a0gr\u00e2ce \u00e0 la mobilisation de nos employ\u00e9s et d\u2019habitants venus des districts alentour\u00a0\u00bb. \u00ab\u00a0La priorit\u00e9 est d\u2019aider les bless\u00e9s, puis nous distribuerons des tentes et des repas chauds aux sans-abri\u00a0\u00bb, a-t-il affirm\u00e9, alors que les secours peinent encore \u00e0 atteindre certains villages coup\u00e9s du monde par des glissements de terrain.<\/p>\n<p class=\"article__paragraph article__paragraph--lf \">De fait, depuis plus de trente-six heures, des dizaines d\u2019habitants des villages de Wadir et de Mazar Dara, sur les coteaux verdoyants de Kunar, d\u00e9blayent \u00e0 la pelle ou \u00e0 la main ce qu\u2019il reste des maisons \u00e9croul\u00e9es. Partout alentour, apr\u00e8s des pri\u00e8res fun\u00e9raires, des rang\u00e9es de corps, parfois d\u2019enfants, envelopp\u00e9s dans un linceul blanc selon le rite musulman, sont mis en terre.<\/p>\n<p>                                     Lire aussi |  Article r\u00e9serv\u00e9 \u00e0 nos abonn\u00e9s  <a href=\"https:\/\/www.lemonde.fr\/planete\/article\/2025\/09\/02\/apres-le-seisme-en-afghanistan-le-manque-de-moyens-retarde-l-intervention-des-secours_6638087_3244.html\" class=\"js-article-read-also catcher--favoris__link\" data-premium=\"1\" id=\"article-title-3436274\" rel=\"nofollow noopener\" target=\"_blank\">Apr\u00e8s le s\u00e9isme en Afghanistan, le manque de moyens retarde l\u2019intervention des secours<\/a>    <\/p>\n<p>   Lire plus tard  <\/p>\n<p>                        L\u2019UE va envoyer 130\u00a0tonnes d\u2019aide humanitaire                  <\/p>\n<p class=\"article__paragraph article__paragraph--lf \">Des h\u00e9licopt\u00e8res militaires poursuivent leur ballet vers les zones sinistr\u00e9es, acheminant de l\u2019aide et \u00e9vacuant morts et bless\u00e9s. L\u2019\u00e9picentre du tremblement de terre a \u00e9t\u00e9 localis\u00e9 \u00e0 27 km de Jalalabad, \u00e0 seulement huit kilom\u00e8tres de profondeur, ce qui explique le lourd bilan et l\u2019\u00e9tendue des d\u00e9g\u00e2ts.<\/p>\n<p class=\"article__paragraph article__paragraph--lf \">L\u2019Afghanistan, dont les autorit\u00e9s talibanes ne sont reconnues que par Moscou, est l\u2019un des pays les plus pauvres du globe. Les agences onusiennes ont toutes lanc\u00e9 des campagnes d\u2019appel au don et un montant initial de 5\u00a0millions de dollars a \u00e9t\u00e9 d\u00e9bloqu\u00e9 du fonds mondial d\u2019intervention d\u2019urgence de l\u2019ONU.<\/p>\n<p>                                     Lire aussi |  Article r\u00e9serv\u00e9 \u00e0 nos abonn\u00e9s  <a href=\"https:\/\/www.lemonde.fr\/planete\/article\/2025\/09\/01\/en-afghanistan-ou-un-seisme-a-fait-au-moins-800-morts-la-crainte-de-nouvelles-repliques_6638010_3244.html\" class=\"js-article-read-also catcher--favoris__link\" data-premium=\"1\" id=\"article-title-3436174\" rel=\"nofollow noopener\" target=\"_blank\">En Afghanistan, o\u00f9 un s\u00e9isme a fait au moins 800\u00a0morts, la crainte de nouvelles r\u00e9pliques<\/a>    <\/p>\n<p>   Lire plus tard  <\/p>\n<p>                                        <img viewbox=\"0 0 664 443\"   width=\"664\" height=\"443\" alt=\"Une petite fille bless\u00e9e \u00e0 l\u2019h\u00f4pital de Jalalabad, \u00e0 la suite du tremblement de terre de la veille, le 2\u00a0septembre 2025.\"\/>    Une petite fille bless\u00e9e \u00e0 l\u2019h\u00f4pital de Jalalabad, \u00e0 la suite du tremblement de terre de la veille, le 2\u00a0septembre 2025.  WAKIL KOHSAR\/AFP                        <\/p>\n<p class=\"article__paragraph article__paragraph--lf \">L\u2019Union europ\u00e9enne (UE) a annonc\u00e9 mardi l\u2019envoi d\u00e8s cette semaine de 130\u00a0tonnes d\u2019aide humanitaire. Cela permettra d\u2019apporter une\u00a0\u00ab\u00a0aide imm\u00e9diate indispensable aux populations des zones touch\u00e9es, qui ont \u00e9galement vu arriver ces derniers mois des r\u00e9fugi\u00e9s en provenance du Pakistan\u00a0\u00bb, a expliqu\u00e9 Hadja Lahbib, la commissaire europ\u00e9enne charg\u00e9e de l\u2019aide humanitaire, dans un communiqu\u00e9. L\u2019UE a \u00e9galement pr\u00e9vu de d\u00e9bloquer 1\u00a0million d\u2019euros d\u2019aide d\u2019urgence en faveur des organismes internationaux d\u00e9j\u00e0 sur place. Londres, de son c\u00f4t\u00e9, a annonc\u00e9 d\u00e9bloquer 1\u00a0million de livres pour aider au soutien des familles touch\u00e9es.<\/p>\n<p class=\"article__paragraph article__paragraph--lf \">L\u2019Afghanistan est fr\u00e9quemment frapp\u00e9 par des tremblements de terre, en particulier dans la cha\u00eene montagneuse de l\u2019Hindou Kouch, pr\u00e8s de la jonction des plaques tectoniques eurasienne et indienne. Depuis 1900, le nord-est de ce pays a connu 12\u00a0s\u00e9ismes d\u2019une magnitude sup\u00e9rieure \u00e0 7, selon Brian Baptie, sismologue au British Geological Survey.<\/p>\n<p> Le Monde M\u00e9morable  <\/p>\n<p> <a href=\"https:\/\/www.lemonde.fr\/memorable\/?rfextension=inread\" class=\"inread__link js-services-inread-link\" target=\"_blank\" rel=\"nofollow noopener\">  <\/p>\n<p>Testez votre culture g\u00e9n\u00e9rale avec la r\u00e9daction du \u00ab Monde \u00bb<\/p>\n<p>Testez votre culture g\u00e9n\u00e9rale avec la r\u00e9daction du \u00ab Monde \u00bb<\/p>\n<p>D\u00e9couvrir<\/p>\n<p> <\/a>      <\/p>\n<p> Newsletter  <\/p>\n<p> <a href=\"https:\/\/www.lemonde.fr\/newsletters\/a-la-une\/\" class=\"inread__link js-services-inread-link\" target=\"_blank\" rel=\"nofollow noopener\">  <\/p>\n<p>\u00ab A la une \u00bb<\/p>\n<p>Chaque matin, parcourez l&rsquo;essentiel de l&rsquo;actualit\u00e9 du jour avec les derniers titres du \u00ab Monde \u00bb<\/p>\n<p>S&rsquo;inscrire<\/p>\n<p> <\/a>          <\/p>\n<p> Le Monde Application  <\/p>\n<p> <a href=\"https:\/\/lamatinale.onelink.me\/gKMy\/ahw2ubr3\" class=\"inread__link js-services-inread-link\" target=\"_blank\" rel=\"nofollow noopener\">  <\/p>\n<p>La Matinale du Monde<\/p>\n<p>Chaque matin, retrouvez notre s\u00e9lection de 20 articles \u00e0 ne pas manquer <\/p>\n<p>T\u00e9l\u00e9charger l&rsquo;application<\/p>\n<p> <\/a>      <\/p>\n<p> Newsletter abonn\u00e9s  <\/p>\n<p> <a href=\"https:\/\/www.lemonde.fr\/newsletters\/international\/\" class=\"inread__link js-services-inread-link\" target=\"_blank\" rel=\"nofollow noopener\">  <\/p>\n<p>\u00ab International \u00bb<\/p>\n<p>L\u2019essentiel de l\u2019actualit\u00e9 internationale de la semaine<\/p>\n<p>S&rsquo;inscrire<\/p>\n<p> <\/a>            <\/p>\n<p class=\"article__paragraph article__paragraph--lf \">Apr\u00e8s leur retour au pouvoir, en 2021, les talibans ont \u00e9t\u00e9 confront\u00e9s au s\u00e9isme le plus meurtrier en vingt-cinq ans\u00a0: en 2023, dans la r\u00e9gion d\u2019Herat, \u00e0 l\u2019autre extr\u00e9mit\u00e9 de l\u2019Afghanistan, \u00e0 la fronti\u00e8re avec l\u2019Iran, plus de 1 500\u00a0personnes avaient \u00e9t\u00e9 tu\u00e9es et plus de\u00a063\u00a0000\u00a0habitations d\u00e9truites.<\/p>\n","protected":false},"excerpt":{"rendered":"Plus de 1\u00a0400\u00a0personnes ont p\u00e9ri dans le s\u00e9isme qui a frapp\u00e9 l\u2019est de l\u2019Afghanistan, d\u2019apr\u00e8s un nouveau bilan&hellip;\n","protected":false},"author":2,"featured_media":360928,"comment_status":"","ping_status":"","sticky":false,"template":"","format":"standard","meta":{"footnotes":""},"categories":[5],"tags":[11,1011,27,14,12,28],"class_list":{"0":"post-360927","1":"post","2":"type-post","3":"status-publish","4":"format-standard","5":"has-post-thumbnail","7":"category-international","8":"tag-actualites","9":"tag-fr","10":"tag-france","11":"tag-international","12":"tag-news","13":"tag-world"},"share_on_mastodon":{"url":"https:\/\/pubeurope.com\/@fr\/115135115702825659","error":""},"_links":{"self":[{"href":"https:\/\/www.europesays.com\/fr\/wp-json\/wp\/v2\/posts\/360927","targetHints":{"allow":["GET"]}}],"collection":[{"href":"https:\/\/www.europesays.com\/fr\/wp-json\/wp\/v2\/posts"}],"about":[{"href":"https:\/\/www.europesays.com\/fr\/wp-json\/wp\/v2\/types\/post"}],"author":[{"embeddable":true,"href":"https:\/\/www.europesays.com\/fr\/wp-json\/wp\/v2\/users\/2"}],"replies":[{"embeddable":true,"href":"https:\/\/www.europesays.com\/fr\/wp-json\/wp\/v2\/comments?post=360927"}],"version-history":[{"count":0,"href":"https:\/\/www.europesays.com\/fr\/wp-json\/wp\/v2\/posts\/360927\/revisions"}],"wp:featuredmedia":[{"embeddable":true,"href":"https:\/\/www.europesays.com\/fr\/wp-json\/wp\/v2\/media\/360928"}],"wp:attachment":[{"href":"https:\/\/www.europesays.com\/fr\/wp-json\/wp\/v2\/media?parent=360927"}],"wp:term":[{"taxonomy":"category","embeddable":true,"href":"https:\/\/www.europesays.com\/fr\/wp-json\/wp\/v2\/categories?post=360927"},{"taxonomy":"post_tag","embeddable":true,"href":"https:\/\/www.europesays.com\/fr\/wp-json\/wp\/v2\/tags?post=360927"}],"curies":[{"name":"wp","href":"https:\/\/api.w.org\/{rel}","templated":true}]}}