{"id":360929,"date":"2025-09-02T14:13:17","date_gmt":"2025-09-02T14:13:17","guid":{"rendered":"https:\/\/www.europesays.com\/fr\/360929\/"},"modified":"2025-09-02T14:13:17","modified_gmt":"2025-09-02T14:13:17","slug":"macron-reunit-ce-midi-bayrou-et-les-chefs-de-la-coalition","status":"publish","type":"post","link":"https:\/\/www.europesays.com\/fr\/360929\/","title":{"rendered":"Macron r\u00e9unit ce midi Bayrou et les chefs de la coalition"},"content":{"rendered":"<p>Les jours du gouvernement de <a href=\"https:\/\/www.20minutes.fr\/politique\/francois_bayrou\/\" class=\"c-link c-link--is-underlined\" target=\"_blank\" rel=\"noopener\">Fran\u00e7ois Bayrou<\/a> semblent compt\u00e9s. Sauf revirement de situation, ce dernier ne devrait pas <a href=\"https:\/\/www.20minutes.fr\/politique\/assemblee_nationale\/4170641-20250901-vote-confiance-8-septembre-retailleau-demande-deputes-lr-rejoindre-incendiaires\" class=\"c-link c-link--is-underlined\" target=\"_blank\" rel=\"noopener\">obtenir la confiance de la majorit\u00e9 des d\u00e9put\u00e9s<\/a> lundi 8\u00a0septembre, lors d\u2019un vote tr\u00e8s attendu sollicit\u00e9 par le Premier ministre lui-m\u00eame. Dans ce contexte de fin de cycle, <a href=\"https:\/\/www.20minutes.fr\/politique\/emmanuel-macron\/\" class=\"c-link c-link--is-underlined\" target=\"_blank\" rel=\"noopener\">Emmanuel Macron<\/a> a r\u00e9uni ce mardi midi pour d\u00e9jeuner \u00e0 l\u2019Elys\u00e9e Fran\u00e7ois Bayrou ainsi que les chefs des partis membres de sa coalition gouvernementale, a affirm\u00e9 \u00e0 l\u2019AFP l\u2019entourage d\u2019un participant.<\/p>\n<p><a href=\"https:\/\/www.20minutes.fr\/politique\/gabriel-attal\/\" class=\"c-link c-link--is-underlined\" target=\"_blank\" rel=\"noopener\">Gabriel Attal<\/a> (Renaissance), Edouard Philippe (Horizons) et Bruno Retailleau (Les R\u00e9publicains) ont ainsi \u00e9t\u00e9 convi\u00e9s \u00e0 cette r\u00e9union de crise, selon cette source confirmant une information du Figaro. L\u2019Elys\u00e9e n\u2019a pas fait de commentaire dans l\u2019imm\u00e9diat.<\/p>\n<p>Les consultations continuent<\/p>\n<p>De son c\u00f4t\u00e9, Fran\u00e7ois Bayrou a entam\u00e9 lundi une s\u00e9rie de consultations politiques, tout en continuant \u00e0 d\u00e9fendre sa m\u00e9thode critiqu\u00e9e jusque dans sa coalition.<\/p>\n<\/p>\n<p>Le Premier ministre a re\u00e7u lundi les dirigeants du Parti communiste, et continuera mardi et mercredi avec notamment ceux des partis soutenant la coalition pr\u00e9sidentielle et ceux du Rassemblement national.<\/p>\n","protected":false},"excerpt":{"rendered":"Les jours du gouvernement de Fran\u00e7ois Bayrou semblent compt\u00e9s. Sauf revirement de situation, ce dernier ne devrait pas&hellip;\n","protected":false},"author":2,"featured_media":360930,"comment_status":"","ping_status":"","sticky":false,"template":"","format":"standard","meta":{"footnotes":""},"categories":[4],"tags":[47,11,1013,3080,1073,1011,27,431,4410,12,316,25],"class_list":{"0":"post-360929","1":"post","2":"type-post","3":"status-publish","4":"format-standard","5":"has-post-thumbnail","7":"category-france","8":"tag-actualite","9":"tag-actualites","10":"tag-bruno-retailleau","11":"tag-edouard-philippe","12":"tag-emmanuel-macron","13":"tag-fr","14":"tag-france","15":"tag-francois-bayrou","16":"tag-gabriel-attal","17":"tag-news","18":"tag-politique","19":"tag-republique-francaise"},"share_on_mastodon":{"url":"https:\/\/pubeurope.com\/@fr\/115135119696403659","error":""},"_links":{"self":[{"href":"https:\/\/www.europesays.com\/fr\/wp-json\/wp\/v2\/posts\/360929","targetHints":{"allow":["GET"]}}],"collection":[{"href":"https:\/\/www.europesays.com\/fr\/wp-json\/wp\/v2\/posts"}],"about":[{"href":"https:\/\/www.europesays.com\/fr\/wp-json\/wp\/v2\/types\/post"}],"author":[{"embeddable":true,"href":"https:\/\/www.europesays.com\/fr\/wp-json\/wp\/v2\/users\/2"}],"replies":[{"embeddable":true,"href":"https:\/\/www.europesays.com\/fr\/wp-json\/wp\/v2\/comments?post=360929"}],"version-history":[{"count":0,"href":"https:\/\/www.europesays.com\/fr\/wp-json\/wp\/v2\/posts\/360929\/revisions"}],"wp:featuredmedia":[{"embeddable":true,"href":"https:\/\/www.europesays.com\/fr\/wp-json\/wp\/v2\/media\/360930"}],"wp:attachment":[{"href":"https:\/\/www.europesays.com\/fr\/wp-json\/wp\/v2\/media?parent=360929"}],"wp:term":[{"taxonomy":"category","embeddable":true,"href":"https:\/\/www.europesays.com\/fr\/wp-json\/wp\/v2\/categories?post=360929"},{"taxonomy":"post_tag","embeddable":true,"href":"https:\/\/www.europesays.com\/fr\/wp-json\/wp\/v2\/tags?post=360929"}],"curies":[{"name":"wp","href":"https:\/\/api.w.org\/{rel}","templated":true}]}}