{"id":360931,"date":"2025-09-02T14:14:08","date_gmt":"2025-09-02T14:14:08","guid":{"rendered":"https:\/\/www.europesays.com\/fr\/360931\/"},"modified":"2025-09-02T14:14:08","modified_gmt":"2025-09-02T14:14:08","slug":"nicolas-sarkozy-au-figaro-il-ny-aura-pas-dautre-solution-que-la-dissolution-le-figaro","status":"publish","type":"post","link":"https:\/\/www.europesays.com\/fr\/360931\/","title":{"rendered":"Nicolas Sarkozy au Figaro : \u00abIl n\u2019y aura pas d\u2019autre solution que la dissolution\u00bb &#8211; Le Figaro"},"content":{"rendered":"<ol>\n<li><a href=\"https:\/\/news.google.com\/rss\/articles\/CBMivAFBVV95cUxPSjZMMkt1Nl8xbzBDMmgxLWVnZTU4RVZHSDg2QWlLTi1UQzdPcFhMLXNNcEdQQ05zUUlKNWJ1Q3BDUVk1OE9YU2VUUHoyYWxwWEwwUlFXMHVFN3J5eTZsR29ocHNWMDMxZVNfdHNubmVyTURXT1RqejZzakNXNmtRUzZ2NHRnSEh3NzV5ZmttR2pfZWxBTmpNamZiNUU4UWRBSWJucll2WkRXOV9XZHk4d25jMDdfX2dJTkxZTg?oc=5\" target=\"_blank\" rel=\"noopener\">Nicolas Sarkozy au Figaro : \u00abIl n\u2019y aura pas d\u2019autre solution que la dissolution\u00bb<\/a>&nbsp;&nbsp;Le Figaro<\/li>\n<li><a href=\"https:\/\/news.google.com\/rss\/articles\/CBMi2wFBVV95cUxOUWNBUllHeFBYQkN5UEFmeGRoLXZ4ZFdaNUJ1QlBrOEs0VGRMcW1DMDNJM2RPSWF3V2hvWUZfaDBhS1VDYzBQNjh5UWlERGJjUUNhQWpWVU96VzlLSG1VdlQ2M1YzREtGclBCN3AzUFdmZlBJcVZvM3hMUWszNlRaSzBuRGtkcVZkcEtac0djZXg1ZERCbDRnTmN0ZEdmRFAwMWZrVkR0TWhwWXZkRDV1SEFMQW9jRDE5eFNQUFVIcDRKWlkzdEZ0QlJpbDl3bEVKSUJwamRBdTdETjQ?oc=5\" target=\"_blank\" rel=\"noopener\">Dominique Rousseau, constitutionnaliste : \u00ab Macron n\u2019a que deux solutions : dissoudre ou appeler la gauche au gouvernement<\/a>&nbsp;&nbsp;L&rsquo;Humanit\u00e9<\/li>\n<li><a href=\"https:\/\/news.google.com\/rss\/articles\/CBMi4gFBVV95cUxPVTdYU1k4OUNYY25WdWRWb21xUWlnZFkzZXhVYk9hU3VhbV9ZOFBsTlZjOEpaVmdnN1JqRm4yRWRMMXNGRGtiT0xNdUllUWFaVlBJaHZ2Wm84Q2dabGhqYnF0NGVpdmItRS1qQkZyajZhQU05YzlHSjVVZDEzYW16aGc3bzNFSnRQT2VBWlVVU3lKcTdxUVhKTEhrd0dCc212anBWcktCZHhGZFdUeVhzcXgwajRUcWNjVUNITUNJUklYbXBOTHBRYVl2UTE3VFR6VVFYWVgydkEyQWZQdnhqZ0Vn?oc=5\" target=\"_blank\" rel=\"noopener\">Fran\u00e7ois Patriat : \u00ab Si une dissolution devait avoir lieu, il faudrait que la responsabilit\u00e9 en incombe aux oppositions<\/a>&nbsp;&nbsp;l&rsquo;Opinion<\/li>\n<li><a href=\"https:\/\/news.google.com\/rss\/articles\/CBMingJBVV95cUxPd3NOV3RxbDczdGdmQ1ZlXzNqbE1ieWVIeF85ZVRueDhHOFNsNGVNdGlObHZNeWxaRW1VWmZfMHFPODkydjNvVnhRWm81UTZDc1ZmT3A4eDluRGJicFo3UElEaFJGTHFNX1JXNWpVZTRCcTY0SlBQUUU3U0RUUS1RYkZXRlFxeExUV3pmSG5rYmVPSDUxUWJpQlEzeWtod0FLb1JuQ2llSlVzSWotLThKaWMxcndwalZVMTlHMzBKZ0p2Y3NsVVJoVE9lYldoQVlaQldXdHNGLUxEei1Kamo2ODJWRUQ0MzQ5RXZRcXBiUU54OXBvM1gya0pCNDlBNWo5UTB1bGxUQkNzYnM1dzNfZkQyM1JndEhIRm5Qd3d3?oc=5\" target=\"_blank\" rel=\"noopener\">\u00ab Une dissolution sans \u00e9volution du mode de scrutin aboutirait \u00e0 r\u00e9pliquer les grands \u00e9quilibres actuels de l\u2019Assembl\u00e9e nationale \u00bb<\/a>&nbsp;&nbsp;Le Monde.fr<\/li>\n<li><a href=\"https:\/\/news.google.com\/rss\/articles\/CBMiowJBVV95cUxNUEJrNDFiZUV6dDhqV3owYXNiZDRHTHZITHdKOFd3dHVjcDl4RTJpOEFPOEk3RUVsY21nM2EtVnNUc2FmTDRvUzhBQThHUE1KRVdvVUJMTTVOazdpNzlpLVY5cHptR0E5b3JxQTlBTGx5dlJERmJ2ZjIyQkRCeEZWRWVkanliWjhKU0QyQUFEWTFYazZnV3FjVjdKd0ZiSzlQcFJOTzBueFY1cS1Ec3kwbTFwWjU4R0EydlotcmcyTVU0Y3VzbG5odjdyR0RiZEN6M2hPYWhQY2NRWG9Od2VhbXJfNGVob0VMQXlsVkFCeFR4eWNwTElsWno5eEN6Yi1QYWZnVjJHN1JOQ1dHM2oxbWpaVGxEZ1pUc2lZbVFZWGNrOEU?oc=5\" target=\"_blank\" rel=\"noopener\">\u00ab Pas d\u2019autre solution que la dissolution \u00bb : pour Nicolas Sarkozy, Emmanuel Macron n\u2019aura pas le choix si le gouvernement tombe<\/a>&nbsp;&nbsp;Le Parisien<\/li>\n<\/ol>\n","protected":false},"excerpt":{"rendered":"Nicolas Sarkozy au Figaro : \u00abIl n\u2019y aura pas d\u2019autre solution que la dissolution\u00bb&nbsp;&nbsp;Le Figaro Dominique Rousseau, constitutionnaliste&hellip;\n","protected":false},"author":2,"featured_media":360932,"comment_status":"","ping_status":"","sticky":false,"template":"","format":"standard","meta":{"footnotes":""},"categories":[2],"tags":[11,1073,1011,27,431,6319,12,3091],"class_list":{"0":"post-360931","1":"post","2":"type-post","3":"status-publish","4":"format-standard","5":"has-post-thumbnail","7":"category-actualites","8":"tag-actualites","9":"tag-emmanuel-macron","10":"tag-fr","11":"tag-france","12":"tag-francois-bayrou","13":"tag-les-republicains","14":"tag-news","15":"tag-nicolas-sarkozy"},"share_on_mastodon":{"url":"https:\/\/pubeurope.com\/@fr\/115135123610991496","error":""},"_links":{"self":[{"href":"https:\/\/www.europesays.com\/fr\/wp-json\/wp\/v2\/posts\/360931","targetHints":{"allow":["GET"]}}],"collection":[{"href":"https:\/\/www.europesays.com\/fr\/wp-json\/wp\/v2\/posts"}],"about":[{"href":"https:\/\/www.europesays.com\/fr\/wp-json\/wp\/v2\/types\/post"}],"author":[{"embeddable":true,"href":"https:\/\/www.europesays.com\/fr\/wp-json\/wp\/v2\/users\/2"}],"replies":[{"embeddable":true,"href":"https:\/\/www.europesays.com\/fr\/wp-json\/wp\/v2\/comments?post=360931"}],"version-history":[{"count":0,"href":"https:\/\/www.europesays.com\/fr\/wp-json\/wp\/v2\/posts\/360931\/revisions"}],"wp:featuredmedia":[{"embeddable":true,"href":"https:\/\/www.europesays.com\/fr\/wp-json\/wp\/v2\/media\/360932"}],"wp:attachment":[{"href":"https:\/\/www.europesays.com\/fr\/wp-json\/wp\/v2\/media?parent=360931"}],"wp:term":[{"taxonomy":"category","embeddable":true,"href":"https:\/\/www.europesays.com\/fr\/wp-json\/wp\/v2\/categories?post=360931"},{"taxonomy":"post_tag","embeddable":true,"href":"https:\/\/www.europesays.com\/fr\/wp-json\/wp\/v2\/tags?post=360931"}],"curies":[{"name":"wp","href":"https:\/\/api.w.org\/{rel}","templated":true}]}}