{"id":360933,"date":"2025-09-02T14:15:14","date_gmt":"2025-09-02T14:15:14","guid":{"rendered":"https:\/\/www.europesays.com\/fr\/360933\/"},"modified":"2025-09-02T14:15:14","modified_gmt":"2025-09-02T14:15:14","slug":"apres-un-an-de-travaux-la-piscine-grouchy-rouvre-au-public-ce-mercredi","status":"publish","type":"post","link":"https:\/\/www.europesays.com\/fr\/360933\/","title":{"rendered":"apr\u00e8s un an de travaux, la piscine Grouchy rouvre au public, ce mercredi"},"content":{"rendered":"<p>Elle \u00e9tait ferm\u00e9e depuis 12 mois. Ce mercredi 3\u00a0septembre, l\u2019\u00e9quipement municipal sportif rouvre ses portes au public. L\u2019attente a \u00e9t\u00e9 longue pour les quelque 93\u00a0000 utilisateurs qui fr\u00e9quentent, en moyenne chaque ann\u00e9e, la piscine de Grouchy.<\/p>\n<p>  25\u00a0000 scolaires et 30\u00a0000 adh\u00e9rents de clubs et associations priv\u00e9s de piscine durant 1 an<\/p>\n<p>Cette fermeture du bassin et des six lignes d\u2019eau durant une ann\u00e9e a \u00e9t\u00e9 des plus impactantes pour les 25\u00a0000 scolaires et 30\u00a0000 adh\u00e9rents des clubs et associations (une vingtaine au total) dont le Saint-Etienne Handisport, qui utilisent l\u2019installation communale. L\u2019\u00e9cole de natation municipale, par exemple, y r\u00e9alise 34 cours par semaine. Priv\u00e9s de leur structure durant 365 jours, les usagers ont fait contre mauvaise fortune bon c\u0153ur et ont d\u00fb se r\u00e9organiser, pour certains, et revoir, pour d\u2019autres, leurs habitudes pour continuer \u00e0 pratiquer leur activit\u00e9 favorite\u00a0: la natation.<\/p>\n<p>Grand bassin d\u00e9grad\u00e9 dont la v\u00e9tust\u00e9 g\u00e9n\u00e9rait des fuites d\u2019eaux r\u00e9currentes et importantes, charpente m\u00e9tallique de la halle bassin qui donnait des signes de faiblesse et des installations de traitement de l\u2019air \u00e0 bout de souffle, vestiaires et hall d\u2019accueil d\u00e9fra\u00eechis, luminaires \u00e9nergivores\u2026 Il \u00e9tait urgent d\u2019agir et d\u2019engager des travaux de r\u00e9novation d\u2019un \u00e9quipement, atteint par la limite d\u2019\u00e2ge &#8211; 55 ans -, et qui jusqu\u2019alors n\u2019avait pas fait l\u2019objet de r\u00e9habilitation. C\u2019est une indispensable cure de jouvence que s\u2019est offerte la piscine Grouchy.<\/p>\n<p>  3,3\u00a0millions d\u2019euros pour les travaux de r\u00e9novation<\/p>\n<p>La facture de ce lifting de remise aux normes XXL s\u2019\u00e9l\u00e8ve \u00e0 3,3\u00a0millions d\u2019euros pour la collectivit\u00e9. Une op\u00e9ration qui a pu b\u00e9n\u00e9ficier d\u2019une subvention allou\u00e9e par l\u2019\u00c9tat de 340\u00a0000\u00a0euros.<\/p>\n<p>Le chantier a consist\u00e9 \u00e0 la mise en place d\u2019un nouveau bassin en inox de 25 m\u00e8tres \u00e0 d\u00e9bordement avec des \u00e9chelles int\u00e9gr\u00e9es et la fixation de la potence pour mettre \u00e0 l\u2019eau les personnes en situation de handicap et la pose d\u2019un carrelage antid\u00e9rapant pour am\u00e9liorer la s\u00e9curit\u00e9 des usagers.\u00a0Une partie de la charpente m\u00e9tallique a \u00e9t\u00e9 r\u00e9par\u00e9e. Mais le gros \u0153uvre du chantier a concern\u00e9 le d\u00e9montage de l\u2019ancien syst\u00e8me d\u2019air et de traitement d\u2019air, pi\u00e8ce ma\u00eetresse de la structure, install\u00e9 sur le toit, et son remplacement par une unit\u00e9 flambant neuve, plus \u00e9cologique et plus \u00e9conomique (la fracture devrait baisser de 20\u00a0%). Un \u00e9clairage LED a \u00e9t\u00e9 mis en place. Plus \u00e9conome aussi en \u00e9nergie.<\/p>\n<p>  Un chantier dans les d\u00e9lais<\/p>\n<p>Tous ces \u00e9l\u00e9ments d\u2019informations ont \u00e9t\u00e9 communiqu\u00e9s, lundi en d\u00e9but d\u2019apr\u00e8s-midi, lors d\u2019un point presse, organis\u00e9 par l\u2019\u00e9quipe municipale. <a href=\"https:\/\/www.leprogres.fr\/p\/gael-perdriau\" target=\"_blank\" rel=\"nofollow noopener\">Ga\u00ebl Perdriau<\/a>, en t\u00eate, s\u2019est f\u00e9licit\u00e9 de la fin des travaux\u00a0: \u00ab\u00a0C\u2019est\u00a0une bonne nouvelle pour les St\u00e9phanoises et les St\u00e9phanois\u00a0\u00bb.\u00a0Brigitte Masson, adjointe aux sports, et Thierry Nitcheu, adjoint au patrimoine municipal, ont salu\u00e9 ces travaux de r\u00e9novation tant dans la phase de pr\u00e9paration par les agents que dans la phase r\u00e9alisation avec des d\u00e9lais respect\u00e9s.\u00a0Pour les vacances de la Toussaint, les gradins, les vestiaires et le hall d\u2019accueil\u00a0vont faire l\u2019objet d\u2019un rafra\u00eechissement de peintures.<\/p>\n<p class=\"note\">\u00c0 lire aussi\u00a0: <a href=\"https:\/\/www.leprogres.fr\/economie\/2025\/01\/01\/le-bassin-de-la-piscine-grouchy-a-ete-deconstruit\" target=\"_blank\" rel=\"nofollow noopener\">Le bassin de Grouchy a \u00e9t\u00e9 d\u00e9construit<\/a><\/p>\n<p class=\"note\"><a href=\"https:\/\/www.leprogres.fr\/economie\/2025\/01\/01\/le-bassin-de-la-piscine-grouchy-a-ete-deconstruit\" target=\"_blank\" rel=\"nofollow noopener\">Pour les horaires d\u2019ouverture, voir le site de la ville<\/a><\/p>\n","protected":false},"excerpt":{"rendered":"Elle \u00e9tait ferm\u00e9e depuis 12 mois. Ce mercredi 3\u00a0septembre, l\u2019\u00e9quipement municipal sportif rouvre ses portes au public. L\u2019attente&hellip;\n","protected":false},"author":2,"featured_media":360934,"comment_status":"","ping_status":"","sticky":false,"template":"","format":"standard","meta":{"footnotes":""},"categories":[9653],"tags":[1111,11,2430,7539,1777,674,1011,27,5216,12,25,4001,7538,517],"class_list":{"0":"post-360933","1":"post","2":"type-post","3":"status-publish","4":"format-standard","5":"has-post-thumbnail","7":"category-saint-etienne","8":"tag-actu","9":"tag-actualites","10":"tag-auvergne-rhone-alpes","11":"tag-edition-loire-sud","12":"tag-eu","13":"tag-europe","14":"tag-fr","15":"tag-france","16":"tag-natation","17":"tag-news","18":"tag-republique-francaise","19":"tag-saint-etienne","20":"tag-saint-etienne-ville","21":"tag-sport"},"share_on_mastodon":{"url":"https:\/\/pubeurope.com\/@fr\/115135127513955455","error":""},"_links":{"self":[{"href":"https:\/\/www.europesays.com\/fr\/wp-json\/wp\/v2\/posts\/360933","targetHints":{"allow":["GET"]}}],"collection":[{"href":"https:\/\/www.europesays.com\/fr\/wp-json\/wp\/v2\/posts"}],"about":[{"href":"https:\/\/www.europesays.com\/fr\/wp-json\/wp\/v2\/types\/post"}],"author":[{"embeddable":true,"href":"https:\/\/www.europesays.com\/fr\/wp-json\/wp\/v2\/users\/2"}],"replies":[{"embeddable":true,"href":"https:\/\/www.europesays.com\/fr\/wp-json\/wp\/v2\/comments?post=360933"}],"version-history":[{"count":0,"href":"https:\/\/www.europesays.com\/fr\/wp-json\/wp\/v2\/posts\/360933\/revisions"}],"wp:featuredmedia":[{"embeddable":true,"href":"https:\/\/www.europesays.com\/fr\/wp-json\/wp\/v2\/media\/360934"}],"wp:attachment":[{"href":"https:\/\/www.europesays.com\/fr\/wp-json\/wp\/v2\/media?parent=360933"}],"wp:term":[{"taxonomy":"category","embeddable":true,"href":"https:\/\/www.europesays.com\/fr\/wp-json\/wp\/v2\/categories?post=360933"},{"taxonomy":"post_tag","embeddable":true,"href":"https:\/\/www.europesays.com\/fr\/wp-json\/wp\/v2\/tags?post=360933"}],"curies":[{"name":"wp","href":"https:\/\/api.w.org\/{rel}","templated":true}]}}