{"id":360935,"date":"2025-09-02T14:16:13","date_gmt":"2025-09-02T14:16:13","guid":{"rendered":"https:\/\/www.europesays.com\/fr\/360935\/"},"modified":"2025-09-02T14:16:13","modified_gmt":"2025-09-02T14:16:13","slug":"saint-etienne-apres-un-an-de-travaux-la-piscine-grouchy-espere-prendre-une-longueur-davance","status":"publish","type":"post","link":"https:\/\/www.europesays.com\/fr\/360935\/","title":{"rendered":"Saint-Etienne\u00a0: apr\u00e8s un an de travaux, la piscine Grouchy esp\u00e8re prendre une longueur d\u2019avance"},"content":{"rendered":"<p class=\"is-style-chapo\">Apr\u00e8s douze mois de travaux et 3,3 millions d\u2019euros investis, la piscine Grouchy, \u00e0 Saint-Etienne, rouvre ses portes ce mercredi 3 septembre.<\/p>\n<p><img loading=\"lazy\" decoding=\"async\" width=\"1024\" height=\"576\" src=\"https:\/\/www.europesays.com\/fr\/wp-content\/uploads\/2025\/09\/IMG_3058-1-1024x576.jpg\" alt=\"Piscine Grouchy\" class=\"wp-image-80353\"  \/>L\u2019\u00e9quipement a \u00e9t\u00e9 construit en 1970. \u00a9JT\/ If Saint-Etienne.<\/p>\n<p>C\u2019est la plus ancienne piscine de Saint-Etienne. Et elle avait besoin d\u2019un lifting. Construite en 1970 \u00e0 La Terrasse, la piscine <a href=\"http:\/\/saint-etienne.fr\/annuaire-general\/piscine-grouchy\" target=\"_blank\" rel=\"noreferrer noopener\">Grouchy<\/a>, \u00e9tait ferm\u00e9e depuis douze mois pour faire peau neuve apr\u00e8s un vaste chantier de r\u00e9novation. Il devenait urgent de changer le grand bassin, tr\u00e8s endommag\u00e9, ce qui engendrait de nombreuses fuites.<\/p>\n<p>Rafra\u00eechissement<\/p>\n<p>\u00ab Ces travaux ont permis d\u2019intervenir sur des aspects fondamentaux comme la cuve du bassin, pr\u00e9cise le maire de Saint-Etienne, <a href=\"https:\/\/www.if-saint-etienne.fr\/politique\/chantage-a-la-video-intime-gael-perdriau-prend-la-parole\" target=\"_blank\" rel=\"noreferrer noopener\">Ga\u00ebl Perdriau<\/a>. La structure en b\u00e9ton \u00e9tait fortement endommag\u00e9e \u00bb. Ainsi, le grand bassin a \u00e9t\u00e9 int\u00e9gralement remplac\u00e9 par un nouveau, en inox, recouvert d\u2019une membrane en PVC. <\/p>\n<p>Puis, une partie de la charpente m\u00e9tallique a \u00e9t\u00e9 r\u00e9nov\u00e9e, et l\u2019\u00e9tanch\u00e9it\u00e9 du toit refaite. Le hall d\u2019accueil et les vestiaires ont eux aussi b\u00e9n\u00e9fici\u00e9 d\u2019un coup de jeune, et les luminaires chang\u00e9s pour des LED. Enfin, \u00ab le traitement d\u2019air a \u00e9t\u00e9 retir\u00e9, puis compl\u00e8tement remis \u00e0 neuf et am\u00e9lior\u00e9 de fa\u00e7on \u00e0 \u00eatre plus \u00e9cologique, et plus \u00e9conomique \u00bb, pointe Thierry Nitcheu, adjoint charg\u00e9 de la vie \u00e9tudiante, la gestion du patrimoine municipal et de l\u2019\u00e9conomie.<\/p>\n<p>3,3 millions d\u2019euros d\u2019investissement<\/p>\n<p>Un syst\u00e8me plus performant qui pourra m\u00eame l\u2019\u00eatre encore davantage \u00e0 l\u2019avenir, selon les \u00e9volutions de l\u2019\u00e9quipement. Durant les vacances de la Toussaint, ce sont les gradins qui feront l\u2019objet d\u2019une r\u00e9novation. L\u2019ensemble a n\u00e9cessit\u00e9 un investissement de 3,3 millions d\u2019euros, dont 10 % ont \u00e9t\u00e9 financ\u00e9s par l\u2019Etat. En parall\u00e8le, la Ville annonce qu\u2019elle va lancer des \u00e9tudes de faisabilit\u00e9 concernant la construction d\u2019un nouveau bassin de 25 m\u00e8tres, en ext\u00e9rieur, cette fois-ci \u00e0 la piscine Raymond Sommet. \u00ab\u00a0Le projet pourrait d\u00e9marrer au plus t\u00f4t en 2028\u00a0\u00bb, indique Marianne Petiot, directrice du service des sports et de la vie associative. <\/p>\n<p>Quant \u00e0 la piscine Grouchy, sa version r\u00e9nov\u00e9e rouvrira au public d\u00e8s mercredi.<\/p>\n<p><img loading=\"lazy\" decoding=\"async\" width=\"1024\" height=\"576\" src=\"https:\/\/www.europesays.com\/fr\/wp-content\/uploads\/2025\/09\/IMG_3060-1-1024x576.jpg\" alt=\"\" class=\"wp-image-80355\"  \/>Le syst\u00e8me de traitement de l\u2019air flambant neuf. \u00a9JT\/ If Saint-Etienne.<\/p>\n","protected":false},"excerpt":{"rendered":"Apr\u00e8s douze mois de travaux et 3,3 millions d\u2019euros investis, la piscine Grouchy, \u00e0 Saint-Etienne, rouvre ses portes&hellip;\n","protected":false},"author":2,"featured_media":360936,"comment_status":"","ping_status":"","sticky":false,"template":"","format":"standard","meta":{"footnotes":""},"categories":[9653],"tags":[1111,11,2430,16350,1777,674,1011,27,5216,12,5922,49635,49636,25,4001],"class_list":{"0":"post-360935","1":"post","2":"type-post","3":"status-publish","4":"format-standard","5":"has-post-thumbnail","7":"category-saint-etienne","8":"tag-actu","9":"tag-actualites","10":"tag-auvergne-rhone-alpes","11":"tag-constructif","12":"tag-eu","13":"tag-europe","14":"tag-fr","15":"tag-france","16":"tag-natation","17":"tag-news","18":"tag-piscine","19":"tag-piscine-grouchy","20":"tag-piscines-saint-etienne","21":"tag-republique-francaise","22":"tag-saint-etienne"},"share_on_mastodon":{"url":"https:\/\/pubeurope.com\/@fr\/115135131836853467","error":""},"_links":{"self":[{"href":"https:\/\/www.europesays.com\/fr\/wp-json\/wp\/v2\/posts\/360935","targetHints":{"allow":["GET"]}}],"collection":[{"href":"https:\/\/www.europesays.com\/fr\/wp-json\/wp\/v2\/posts"}],"about":[{"href":"https:\/\/www.europesays.com\/fr\/wp-json\/wp\/v2\/types\/post"}],"author":[{"embeddable":true,"href":"https:\/\/www.europesays.com\/fr\/wp-json\/wp\/v2\/users\/2"}],"replies":[{"embeddable":true,"href":"https:\/\/www.europesays.com\/fr\/wp-json\/wp\/v2\/comments?post=360935"}],"version-history":[{"count":0,"href":"https:\/\/www.europesays.com\/fr\/wp-json\/wp\/v2\/posts\/360935\/revisions"}],"wp:featuredmedia":[{"embeddable":true,"href":"https:\/\/www.europesays.com\/fr\/wp-json\/wp\/v2\/media\/360936"}],"wp:attachment":[{"href":"https:\/\/www.europesays.com\/fr\/wp-json\/wp\/v2\/media?parent=360935"}],"wp:term":[{"taxonomy":"category","embeddable":true,"href":"https:\/\/www.europesays.com\/fr\/wp-json\/wp\/v2\/categories?post=360935"},{"taxonomy":"post_tag","embeddable":true,"href":"https:\/\/www.europesays.com\/fr\/wp-json\/wp\/v2\/tags?post=360935"}],"curies":[{"name":"wp","href":"https:\/\/api.w.org\/{rel}","templated":true}]}}