{"id":360937,"date":"2025-09-02T14:17:16","date_gmt":"2025-09-02T14:17:16","guid":{"rendered":"https:\/\/www.europesays.com\/fr\/360937\/"},"modified":"2025-09-02T14:17:16","modified_gmt":"2025-09-02T14:17:16","slug":"le-maire-de-nancy-ny-est-pas-favorable","status":"publish","type":"post","link":"https:\/\/www.europesays.com\/fr\/360937\/","title":{"rendered":"le maire de Nancy n&rsquo;y est pas favorable"},"content":{"rendered":"<p>            Par<br \/>\n        <strong><br \/>\n            <a href=\"https:\/\/actu.fr\/auteur\/amandine-mehl\" title=\"Consulter tous les articles de Amandine Mehl\" target=\"_blank\" rel=\"noopener\">Amandine Mehl<\/a><br \/>\n        <\/strong><\/p>\n<p>        Publi\u00e9 le<\/p>\n<p>            2 sept. 2025 \u00e0 15h13        <\/p>\n<p>Ce mardi 2\u00a0septembre 2025, \u00e0 l\u2019occasion d\u2019un \u00e9change avec la presse, <a href=\"https:\/\/actu.fr\/tag\/mathieu-klein\" target=\"_blank\" rel=\"noopener\">Mathieu Klein<\/a>, qui <strong>n\u2019a pas encore officialis\u00e9 sa candidature<\/strong> pour les <a href=\"https:\/\/actu.fr\/tag\/municipales-2026\" target=\"_blank\" rel=\"noopener\">municipales 2026<\/a>, s\u2019est projet\u00e9 sur la pr\u00e9paration budg\u00e9taire de l\u2019ann\u00e9e \u00e0 venir et sur \u00ab\u2009l\u2019\u00e9pais brouillard qui l\u2019entoure\u2009\u00bb.<\/p>\n<p class=\" wall-content\">L\u2019occasion pour lui de revenir sur le <strong>contexte politique national actuel<\/strong>.<\/p>\n<p>Le brouillard autour de la politique nationale p\u00e8se \u00e0 l\u2019\u00e9chelle locale<\/p>\n<p class=\" wall-content\">\u00ab\u2009La pr\u00e9paration budg\u00e9taire de 2025 \u00e9tait d\u00e9j\u00e0 <strong>assez acrobatique<\/strong>, car le budget \u00e9tait <strong>quasiment boucl\u00e9<\/strong> quand le Premier ministre a annonc\u00e9 un tour de vis sur les finances publiques locales qui nous a oblig\u00e9 \u00e0 quasiment refaire le budget. Et pour 2026, <strong>le brouillard est encore plus \u00e9pais \u00e0 l\u2019heure o\u00f9 je parle<\/strong>\u2009\u00bb, a-t-il entam\u00e9.<\/p>\n<p class=\" wall-content\">Au centre de ce brouillard, figure notamment <strong>l\u2019avenir <\/strong>de <a href=\"https:\/\/actu.fr\/tag\/francois-bayrou\" target=\"_blank\" rel=\"noopener\">Fran\u00e7ois Bayrou<\/a> qui a convoqu\u00e9 une session extraordinaire du Parlement le 8 septembre, durant laquelle se tiendra un d\u00e9bat portant sur \u201cla ma\u00eetrise de nos finances publiques\u00a0\u00bb et \u201cla dimension de l\u2019effort\u201d <strong>de pr\u00e8s de 44\u00a0milliards d\u2019euros de r\u00e9duction du d\u00e9ficit public<\/strong>. \u00c0 l\u2019issue, le Premier ministre demandera un <a href=\"https:\/\/actu.fr\/politique\/vote-de-confiance-blocages-du-10-septembre-budget-les-dates-de-la-rentree-politique-chargee-a-retenir_63082360.html\" target=\"_blank\" rel=\"noopener\">vote de confiance<\/a> sur ce programme, ce qui engagera la responsabilit\u00e9 de son gouvernement. Autrement dit, si l\u2019Assembl\u00e9e vote \u00e0 la majorit\u00e9 contre ce programme, <strong>le gouvernement devra donner sa d\u00e9mission<\/strong>.<\/p>\n<p>\u00ab\u2009Je n\u2019appelle ni \u00e0 la dissolution ni \u00e0 la d\u00e9mission du pr\u00e9sident de la R\u00e9publique\u2009\u00bb<\/p>\n<p class=\" wall-content\">\u00ab\u2009Est-ce que l\u2019on n\u2019aura <strong>plus de Premier ministre<\/strong> dans quelques jours\u2009? Que fera <a href=\"https:\/\/actu.fr\/tag\/emmanuel-macron\" target=\"_blank\" rel=\"noopener\">Emmanuel Macron<\/a>\u2009? Est-ce qu\u2019il nommera un nouveau Premier ministre de son camp avec la quasi-certitude qu\u2019il aura le m\u00eame destin que les autres\u2009?\u2009\u00bb, s\u2019est interrog\u00e9 le maire de Nancy.<\/p>\n<p class=\" wall-content\">Apr\u00e8s avoir critiqu\u00e9 la fa\u00e7on de faire de <a href=\"https:\/\/actu.fr\/politique\/direct-censure-blocage-du-10-septembre-budget-jours-feries-suivez-francois-bayrou-en-conference-de-presse_63074322.html\" target=\"_blank\" rel=\"noopener\">Fran\u00e7ois Bayrou<\/a> et avoir d\u00e9clar\u00e9 que \u00ab<strong>\u2009sa fa\u00e7on de s\u2019adresser aux Fran\u00e7ais est totalement inconvenante<\/strong>\u2009\u00bb, qu\u2019il y a \u00ab\u2009un d\u00e9calage profond\u2009\u00bb et avoir d\u00e9plor\u00e9 \u00ab\u2009cette fa\u00e7on de<strong> culpabiliser les gens<\/strong> qui n\u2019est pas la bonne\u2009\u00bb, Mathieu Klein a assur\u00e9 qu\u2019<strong>une page devait maintenant \u00eatre tourn\u00e9e<\/strong> pour obtenir plus de visibilit\u00e9.<\/p>\n<p class=\" wall-content\">Dans tous les cas, il a assur\u00e9 <strong>ne pas appeler \u00e0 la dissolution ni \u00e0 la d\u00e9mission du pr\u00e9sident de la R\u00e9publique<\/strong>. En revanche, il estime que si personne n\u2019a obtenu la majorit\u00e9 lors des l\u00e9gislatives de 2024, \u00ab<strong>\u2009une famille politique est arriv\u00e9e en t\u00eate<\/strong> et que c\u2019est \u00e0 elle de proposer aujourd\u2019hui un chemin et de n\u00e9gocier avec ceux qui ne veulent pas que le pays soit paralys\u00e9\u2009\u00bb. L\u2019id\u00e9e d\u2019un Premier ministre issu de la gauche a \u00e9galement fait son chemin.<\/p>\n<p>Votre r\u00e9gion, votre actu !<\/p>\n<p>Recevez chaque jour les infos qui comptent pour vous.<\/p>\n<p>\t<a href=\"https:\/\/actu.fr\/newsletter\" class=\"ac-btn ac-btn--corner ac-btn--medium ac-btn--blue800\" target=\"_blank\" rel=\"noopener\">S&rsquo;incrire<\/a><\/p>\n<p class=\" wall-content\">R\u00e9ponse dans quelques jours\u2026<\/p>\n<p class=\" wall-content\">Personnalisez votre actualit\u00e9 en ajoutant vos villes et m\u00e9dias en favori avec <a href=\"https:\/\/moncompte.actu.fr\" title=\"D\u00e9couvez Mon Actu\" rel=\"nofollow noopener\" data-trk=\"{&quot;cta&quot;:{&quot;action&quot;:&quot;https:\\\/\\\/moncompte.actu.fr&quot;,&quot;category&quot;:&quot;mon compte&quot;,&quot;from&quot;:&quot;article footer&quot;,&quot;name&quot;:&quot;Mon actu&quot;,&quot;type&quot;:&quot;cta&quot;}}\" target=\"_blank\">Mon Actu<\/a>.<\/p>\n","protected":false},"excerpt":{"rendered":"Par Amandine Mehl Publi\u00e9 le 2 sept. 2025 \u00e0 15h13 Ce mardi 2\u00a0septembre 2025, \u00e0 l\u2019occasion d\u2019un \u00e9change&hellip;\n","protected":false},"author":2,"featured_media":360938,"comment_status":"","ping_status":"","sticky":false,"template":"","format":"standard","meta":{"footnotes":""},"categories":[9635],"tags":[1111,11,1073,1777,674,1011,27,431,775,14606,1702,12,25,104],"class_list":{"0":"post-360937","1":"post","2":"type-post","3":"status-publish","4":"format-standard","5":"has-post-thumbnail","7":"category-nancy","8":"tag-actu","9":"tag-actualites","10":"tag-emmanuel-macron","11":"tag-eu","12":"tag-europe","13":"tag-fr","14":"tag-france","15":"tag-francois-bayrou","16":"tag-grand-est","17":"tag-mathieu-klein","18":"tag-nancy","19":"tag-news","20":"tag-republique-francaise","21":"tag-societe"},"share_on_mastodon":{"url":"https:\/\/pubeurope.com\/@fr\/115135135290016011","error":""},"_links":{"self":[{"href":"https:\/\/www.europesays.com\/fr\/wp-json\/wp\/v2\/posts\/360937","targetHints":{"allow":["GET"]}}],"collection":[{"href":"https:\/\/www.europesays.com\/fr\/wp-json\/wp\/v2\/posts"}],"about":[{"href":"https:\/\/www.europesays.com\/fr\/wp-json\/wp\/v2\/types\/post"}],"author":[{"embeddable":true,"href":"https:\/\/www.europesays.com\/fr\/wp-json\/wp\/v2\/users\/2"}],"replies":[{"embeddable":true,"href":"https:\/\/www.europesays.com\/fr\/wp-json\/wp\/v2\/comments?post=360937"}],"version-history":[{"count":0,"href":"https:\/\/www.europesays.com\/fr\/wp-json\/wp\/v2\/posts\/360937\/revisions"}],"wp:featuredmedia":[{"embeddable":true,"href":"https:\/\/www.europesays.com\/fr\/wp-json\/wp\/v2\/media\/360938"}],"wp:attachment":[{"href":"https:\/\/www.europesays.com\/fr\/wp-json\/wp\/v2\/media?parent=360937"}],"wp:term":[{"taxonomy":"category","embeddable":true,"href":"https:\/\/www.europesays.com\/fr\/wp-json\/wp\/v2\/categories?post=360937"},{"taxonomy":"post_tag","embeddable":true,"href":"https:\/\/www.europesays.com\/fr\/wp-json\/wp\/v2\/tags?post=360937"}],"curies":[{"name":"wp","href":"https:\/\/api.w.org\/{rel}","templated":true}]}}