{"id":360939,"date":"2025-09-02T14:18:18","date_gmt":"2025-09-02T14:18:18","guid":{"rendered":"https:\/\/www.europesays.com\/fr\/360939\/"},"modified":"2025-09-02T14:18:18","modified_gmt":"2025-09-02T14:18:18","slug":"lexploit-du-stade-flevillois-au-2e-tour","status":"publish","type":"post","link":"https:\/\/www.europesays.com\/fr\/360939\/","title":{"rendered":"l\u2019exploit du Stade fl\u00e9villois au 2e\u00a0 tour"},"content":{"rendered":"<p>Ce dimanche, de nombreux spectateur au stade pour venir support\u00e9 les \u00e9quipes de Lay-Saint-Christophe\/Bouxi\u00e8res \u00e9voluant une division au-dessus oppos\u00e9 \u00e0 des seniors du Stade fl\u00e9villois, entra\u00een\u00e9s par Olivier Vigneron. <\/p>\n<p>Le Stade fl\u00e9villois a su tenir la comparaison tout au long de la rencontre du match de coupe de France. La jeune recrue Lucas Martin a offert la victoire \u00e0 un quart d&rsquo;heure du coup de sifflet final. Pierre Barbier, le pr\u00e9sident du Stade fl\u00e9villois, a f\u00e9licit\u00e9 l&rsquo;\u00e9quipe pour cette victoire. Rendez-vous dans deux semaines pour le 3e\u00a0 \u00a0tour en esp\u00e9rant encore un nouvel exploit.<\/p>\n","protected":false},"excerpt":{"rendered":"Ce dimanche, de nombreux spectateur au stade pour venir support\u00e9 les \u00e9quipes de Lay-Saint-Christophe\/Bouxi\u00e8res \u00e9voluant une division au-dessus&hellip;\n","protected":false},"author":2,"featured_media":360940,"comment_status":"","ping_status":"","sticky":false,"template":"","format":"standard","meta":{"footnotes":""},"categories":[9635],"tags":[1111,11,1687,1704,1777,674,9650,1011,27,775,9649,1702,12,25],"class_list":{"0":"post-360939","1":"post","2":"type-post","3":"status-publish","4":"format-standard","5":"has-post-thumbnail","7":"category-nancy","8":"tag-actu","9":"tag-actualites","10":"tag-culture-loisirs","11":"tag-edition-nancy-et-agglomeration","12":"tag-eu","13":"tag-europe","14":"tag-fleville-devant-nancy","15":"tag-fr","16":"tag-france","17":"tag-grand-est","18":"tag-metropole-du-grand-nancy-54b2","19":"tag-nancy","20":"tag-news","21":"tag-republique-francaise"},"share_on_mastodon":{"url":"https:\/\/pubeurope.com\/@fr\/115135139220849168","error":""},"_links":{"self":[{"href":"https:\/\/www.europesays.com\/fr\/wp-json\/wp\/v2\/posts\/360939","targetHints":{"allow":["GET"]}}],"collection":[{"href":"https:\/\/www.europesays.com\/fr\/wp-json\/wp\/v2\/posts"}],"about":[{"href":"https:\/\/www.europesays.com\/fr\/wp-json\/wp\/v2\/types\/post"}],"author":[{"embeddable":true,"href":"https:\/\/www.europesays.com\/fr\/wp-json\/wp\/v2\/users\/2"}],"replies":[{"embeddable":true,"href":"https:\/\/www.europesays.com\/fr\/wp-json\/wp\/v2\/comments?post=360939"}],"version-history":[{"count":0,"href":"https:\/\/www.europesays.com\/fr\/wp-json\/wp\/v2\/posts\/360939\/revisions"}],"wp:featuredmedia":[{"embeddable":true,"href":"https:\/\/www.europesays.com\/fr\/wp-json\/wp\/v2\/media\/360940"}],"wp:attachment":[{"href":"https:\/\/www.europesays.com\/fr\/wp-json\/wp\/v2\/media?parent=360939"}],"wp:term":[{"taxonomy":"category","embeddable":true,"href":"https:\/\/www.europesays.com\/fr\/wp-json\/wp\/v2\/categories?post=360939"},{"taxonomy":"post_tag","embeddable":true,"href":"https:\/\/www.europesays.com\/fr\/wp-json\/wp\/v2\/tags?post=360939"}],"curies":[{"name":"wp","href":"https:\/\/api.w.org\/{rel}","templated":true}]}}